{"id":56493,"date":"2024-06-27T00:33:23","date_gmt":"2024-06-26T22:33:23","guid":{"rendered":"https:\/\/www.infokuryr.cz\/n\/?p=56493"},"modified":"2024-06-26T15:35:44","modified_gmt":"2024-06-26T13:35:44","slug":"novo-nemci-s-muslimskymi-satky-nastupuji","status":"publish","type":"post","link":"https:\/\/www.infokuryr.cz\/n\/2024\/06\/27\/novo-nemci-s-muslimskymi-satky-nastupuji\/","title":{"rendered":"Novo N\u011bmci s muslimsk\u00fdmi \u0161\u00e1tky nastupuj\u00ed"},"content":{"rendered":"<div id=\"fb-root\"><\/div>\n<p>P\u0159ed n\u011bkolika dny jsem by zastaven p\u0159i n\u00e1v\u0161t\u011bv\u011b Prahy s<strong>kupinou n\u011bmecky hovo\u0159\u00edc\u00edch turist\u016f<\/strong>. Ptali se m\u011b na cestu z V\u00e1clavsk\u00e9ho n\u00e1m\u011bst\u00ed ke Karlovu mostu. Z<strong>aj\u00edmav\u00e9 bylo, \u017ee se jednalo o muslimsk\u00e9 \u017eeny mlad\u00e9ho v\u011bku, kter\u00e9 se n\u011bmecky bavily i mezi sebou. Na moji ot\u00e1zku o jejich p\u016fvodu jsem se dozv\u011bd\u011bl, \u017ee pr\u00fd jsou \u201eN\u011bmci\u201c.<\/strong><\/p>\n<p>Hmm. j\u00e1 si do t\u00e9 doby myslel, \u017ee\u00a0<strong>N\u011bmec je b\u011bloch p\u0159ev\u00e1\u017en\u011b k\u0159es\u0165ansk\u00e9ho vyzn\u00e1n\u00ed. Ale to u\u017e asi dlouho platit nebude. Loni pr\u00fd dostalo n\u011bmeck\u00e9\u00a0<a href=\"https:\/\/www.idnes.cz\/zpravy\/zahranicni\/nemecko-imigrace-naturalizace-obcanstvi.A240528_143943_zahranicni_mul\">ob\u010danstv\u00ed 200 000 osob<\/a>, z nich\u017e naprost\u00e1 v\u011bt\u0161ina jsou neb\u00edl\u00ed muslimov\u00e9<\/strong>. Nejv\u00edc z nich bylo ze S\u00fdrie, kde u\u017e d\u00e1vno skon\u010dila USA, UK a Izraelem vyvolan\u00e1 ob\u010dansk\u00e1 v\u00e1lka. Nicm\u00e9n\u011b dom\u016f se vr\u00e1tit nemuseli a\u00a0<strong>stali se z nich \u201eNovo N\u011bmci\u201c, kte\u0159\u00ed maj\u00ed islamizovat Evropa podle zad\u00e1n\u00ed glob\u00e1ln\u00ed finan\u010dn\u00ed oligarchie<\/strong>.<\/p>\n<p>Vedle toho jsou do N\u011bmecka dov\u00e1\u017eeni stovky tis\u00edc dal\u0161\u00edch \u201euprchl\u00edk\u016f z Afriky a Asie\u201c, zem\u011b se m\u011bn\u00ed p\u0159ed o\u010dima.\u00a0<strong>Z d\u0159\u00edve poklidn\u00fdch n\u011bmeck\u00fdch m\u011bst a m\u011bste\u010dek se st\u00e1vaj\u00ed podivn\u00e9 aglomerace p\u0159ipom\u00ednaj\u00edc\u00ed Afriku, nebo Ir\u00e1k.<\/strong><\/p>\n<p>J<strong>ako \u010ce\u0161i \u0159\u00edk\u00e1me glob\u00e1ln\u00ed l\u017ei-dokracii: \u201ed\u011bkujeme\u201c, nem\u00e1me z\u00e1jem! My tu \u017e\u00e1dn\u00e9 barevn\u00e9 imigranty nechceme, m\u00e1me u\u017e dost pot\u00ed\u017e\u00ed s Vietnamci (drogy), Ukrajinci, muslimy a \u010dernochy, kte\u0159\u00ed tu jsou!<\/strong><\/p>\n<figure class=\"wp-block-image size-full\"><img decoding=\"async\" loading=\"lazy\" class=\"wp-image-17386 aligncenter\" src=\"https:\/\/ceskavec.com\/wp-content\/uploads\/2024\/06\/image-2.png\" sizes=\"(max-width: 456px) 100vw, 456px\" srcset=\"https:\/\/ceskavec.com\/wp-content\/uploads\/2024\/06\/image-2.png 456w, https:\/\/ceskavec.com\/wp-content\/uploads\/2024\/06\/image-2-214x300.png 214w\" alt=\"\" width=\"456\" height=\"640\" \/><\/figure>\n<p style=\"text-align: center;\"><strong><em>Novo N\u011bmci na n\u00e1v\u0161t\u011bv\u011b Prahy\u2026.<\/em><\/strong><\/p>\n<p><a href=\"https:\/\/ceskavec.com\/2024\/06\/novo-nemci-s-muslimskymi-satky-nastupuji\">A. Fisher<\/a><\/p>\n<p><a href=\"https:\/\/stranapro.cz\/\"><img decoding=\"async\" loading=\"lazy\" class=\"wp-image-40286 aligncenter\" src=\"http:\/\/www.infokuryr.cz\/n\/wp-content\/uploads\/2023\/11\/12pro-300x87.png\" alt=\"\" width=\"959\" height=\"278\" srcset=\"https:\/\/www.infokuryr.cz\/n\/wp-content\/uploads\/2023\/11\/12pro-300x87.png 300w, https:\/\/www.infokuryr.cz\/n\/wp-content\/uploads\/2023\/11\/12pro.png 366w\" sizes=\"(max-width: 959px) 100vw, 959px\" \/><\/a><\/p>\n<p>&nbsp;<\/p>\n<p>&nbsp;<\/p>\n","protected":false},"excerpt":{"rendered":"<p>P\u0159ed n\u011bkolika dny jsem by zastaven p\u0159i n\u00e1v\u0161t\u011bv\u011b Prahy skupinou n\u011bmecky hovo\u0159\u00edc\u00edch turist\u016f. Ptali se&#8230;<\/p>\n","protected":false},"author":2,"featured_media":56494,"comment_status":"closed","ping_status":"closed","sticky":false,"template":"","format":"standard","meta":[],"categories":[6],"tags":[44,429,234],"_links":{"self":[{"href":"https:\/\/www.infokuryr.cz\/n\/wp-json\/wp\/v2\/posts\/56493"}],"collection":[{"href":"https:\/\/www.infokuryr.cz\/n\/wp-json\/wp\/v2\/posts"}],"about":[{"href":"https:\/\/www.infokuryr.cz\/n\/wp-json\/wp\/v2\/types\/post"}],"author":[{"embeddable":true,"href":"https:\/\/www.infokuryr.cz\/n\/wp-json\/wp\/v2\/users\/2"}],"replies":[{"embeddable":true,"href":"https:\/\/www.infokuryr.cz\/n\/wp-json\/wp\/v2\/comments?post=56493"}],"version-history":[{"count":1,"href":"https:\/\/www.infokuryr.cz\/n\/wp-json\/wp\/v2\/posts\/56493\/revisions"}],"predecessor-version":[{"id":56495,"href":"https:\/\/www.infokuryr.cz\/n\/wp-json\/wp\/v2\/posts\/56493\/revisions\/56495"}],"wp:featuredmedia":[{"embeddable":true,"href":"https:\/\/www.infokuryr.cz\/n\/wp-json\/wp\/v2\/media\/56494"}],"wp:attachment":[{"href":"https:\/\/www.infokuryr.cz\/n\/wp-json\/wp\/v2\/media?parent=56493"}],"wp:term":[{"taxonomy":"category","embeddable":true,"href":"https:\/\/www.infokuryr.cz\/n\/wp-json\/wp\/v2\/categories?post=56493"},{"taxonomy":"post_tag","embeddable":true,"href":"https:\/\/www.infokuryr.cz\/n\/wp-json\/wp\/v2\/tags?post=56493"}],"curies":[{"name":"wp","href":"https:\/\/api.w.org\/{rel}","templated":true}]}}