{"id":5641,"date":"2021-10-25T08:13:16","date_gmt":"2021-10-25T06:13:16","guid":{"rendered":"http:\/\/www.infokuryr.cz\/n\/?p=5641"},"modified":"2021-10-25T08:13:16","modified_gmt":"2021-10-25T06:13:16","slug":"poslanci-na-tiskove-konferenci-a-media-mlci-budeme-bojovat-za-vase-prava","status":"publish","type":"post","link":"https:\/\/www.infokuryr.cz\/n\/2021\/10\/25\/poslanci-na-tiskove-konferenci-a-media-mlci-budeme-bojovat-za-vase-prava\/","title":{"rendered":"Poslanci na tiskov\u00e9 konferenci a m\u00e9dia ml\u010d\u00ed: \u201eBudeme bojovat za va\u0161e pr\u00e1va\u201c"},"content":{"rendered":"<div id=\"fb-root\"><\/div>\n<p><span>Poslanci Evropsk\u00e9ho parlamentu se vyslovili proti povinn\u00e9mu o\u010dkov\u00e1n\u00ed a proti zdravotn\u00edmu pr\u016fkazu, takzvan\u00e9mu zelen\u00e9mu certifik\u00e1tu.\u00a0Na mno\u017e\u00edc\u00ed se poru\u0161ov\u00e1n\u00ed lidsk\u00fdch pr\u00e1v v EU upozornili na st\u0159ede\u010dn\u00ed tiskov\u00e9 konferenci poslanci Evropsk\u00e9ho parlamentu.<\/span><\/p>\n<p><span>Z\u00e1kladn\u00ed pr\u00e1va ob\u010dan\u016f EU jsou podle europoslanc\u016f pod tlakem nucen\u00e9ho o\u010dkov\u00e1n\u00ed a zneu\u017e\u00edv\u00e1n\u00ed pasu Covid.\u00a0Stovk\u00e1m zam\u011bstnanc\u016f Evropsk\u00e9ho parlamentu hroz\u00ed, \u017ee p\u0159ijdou o pr\u00e1ci, proto\u017ee nemaj\u00ed pas Covid.<\/span><\/p>\n<p><span>Tiskovou konferenci uspo\u0159\u00e1dali Christine Anderson, Francesca Donato, Ivan Vilibor Sincic a Cristian Terhes.\u00a0Dali hlas milion\u016fm Evropan\u016f, kte\u0159\u00ed bojuj\u00ed za sv\u00e1 z\u00e1kladn\u00ed pr\u00e1va v cel\u00e9 EU.<\/span><\/p>\n<p><strong>Stra\u0161n\u00e1 situace<\/strong><\/p>\n<p><span>&#8222;Neboj\u00edm se viru.&#8220;\u00a0Ob\u00e1v\u00e1m se, \u017ee vl\u00e1dy vyu\u017e\u00edvaj\u00ed ka\u017edou krizi k poru\u0161ov\u00e1n\u00ed nebo odeb\u00edr\u00e1n\u00ed pr\u00e1v ob\u010dan\u016f,\u201c \u0159ekla europoslankyn\u011b Christine Anderson.\u00a0\u201eV t\u00e9to krizi jsme vid\u011bli, \u017ee ob\u010dansk\u00e1 pr\u00e1va a svobody se staly privilegii, kter\u00e1 vl\u00e1dy ud\u011bluj\u00ed nebo odeb\u00edraj\u00ed podle vlastn\u00edho uv\u00e1\u017een\u00ed.<\/span><\/p>\n<p><span>&#8222;Vyz\u00fdv\u00e1m v\u0161echny Evropany, aby se postavili proti ka\u017ed\u00e9 vl\u00e1d\u011b, kter\u00e1 se n\u00e1s sna\u017e\u00ed p\u0159ipravit o na\u0161e svobody a ob\u010dansk\u00e1 pr\u00e1va,&#8220; uvedli europoslanci.<\/span><\/p>\n<p><span>Pr\u00e1vni\u010dka a europoslankyn\u011b Francesca Donato hovo\u0159ila o \u201estra\u0161n\u00e9 situaci\u201c v Evrop\u011b, proto\u017ee lidsk\u00e1 pr\u00e1va nejsou dodr\u017eov\u00e1na a pokojn\u00e9 protesty jsou n\u00e1siln\u011b potla\u010dov\u00e1ny po cel\u00e9 Evrop\u011b. <\/span><span>Mus\u00edme to ud\u011blat spole\u010dn\u011b a mus\u00edme to ud\u011blat hned<\/span><\/p>\n<p><span>\u0158ekla tak\u00e9, \u017ee lid\u00e9, kte\u0159\u00ed maj\u00ed z\u00e1va\u017en\u00e9 vedlej\u0161\u00ed \u00fa\u010dinky po o\u010dkov\u00e1n\u00ed proti koronaviru, nedost\u00e1vaj\u00ed bezplatnou pomoc a \u017ee <strong>po\u010det hl\u00e1\u0161en\u00fdch ne\u017e\u00e1douc\u00edch \u00fa\u010dink\u016f je podhodnocen.<\/strong><\/span><\/p>\n<p><span>&#8222;Mus\u00edme br\u00e1nit lidsk\u00e1 pr\u00e1va v Evrop\u011b,&#8220; \u0159ekl Donato.\u00a0&#8222;Mus\u00edme to ud\u011blat spole\u010dn\u011b a mus\u00edme to ud\u011blat hned.&#8220;<\/span><\/p>\n<p><span>Europoslanec Ivan Sincic \u0159ekl: \u201eNejste sami a my bojujeme za va\u0161e pr\u00e1va!\u00a0Bojujeme bok po boku s tebou!&#8220;<\/span><\/p>\n<p><span>Cristian Terhes pouk\u00e1zal na to, \u017ee stovk\u00e1m zam\u011bstnanc\u016f\u00a0hroz\u00ed propu\u0161t\u011bn\u00ed za to, \u017ee nemaj\u00ed Covid pas. &#8222;Ale neud\u011blali nic \u0161patn\u00e9ho. To je ta absurdn\u00ed situace.\u00a0To nen\u00ed f\u00e9r.\u00a0Jsme tu pro v\u00e1s a budeme za v\u00e1s bojovat \u201c.<\/span><\/p>\n<div class=\"elementor-element elementor-element-1fb4c2c elementor-widget elementor-widget-theme-post-content\" data-id=\"1fb4c2c\" data-element_type=\"widget\" data-widget_type=\"theme-post-content.default\">\n<div class=\"elementor-widget-container\"><iframe loading=\"lazy\" src=\"https:\/\/www.bitchute.com\/embed\/AvmUI7mnFqny\/\" width=\"640\" height=\"360\" frameborder=\"0\" scrolling=\"no\" data-mce-fragment=\"1\"><\/iframe><img decoding=\"async\" loading=\"lazy\" class=\"alignnone size-full wp-image-1185\" src=\"http:\/\/www.infokuryr.cz\/n\/wp-content\/uploads\/2021\/04\/kuryr-podpis.png\" alt=\"\" width=\"84\" height=\"24\" \/><\/p>\n<p>&nbsp;<\/p>\n<\/div>\n<\/div>\n","protected":false},"excerpt":{"rendered":"<p>Poslanci Evropsk\u00e9ho parlamentu se vyslovili proti povinn\u00e9mu o\u010dkov\u00e1n\u00ed a proti zdravotn\u00edmu pr\u016fkazu, takzvan\u00e9mu zelen\u00e9mu certifik\u00e1tu.\u00a0Na&#8230;<\/p>\n","protected":false},"author":2,"featured_media":5642,"comment_status":"closed","ping_status":"closed","sticky":false,"template":"","format":"standard","meta":[],"categories":[7],"tags":[41,144,269,1370],"_links":{"self":[{"href":"https:\/\/www.infokuryr.cz\/n\/wp-json\/wp\/v2\/posts\/5641"}],"collection":[{"href":"https:\/\/www.infokuryr.cz\/n\/wp-json\/wp\/v2\/posts"}],"about":[{"href":"https:\/\/www.infokuryr.cz\/n\/wp-json\/wp\/v2\/types\/post"}],"author":[{"embeddable":true,"href":"https:\/\/www.infokuryr.cz\/n\/wp-json\/wp\/v2\/users\/2"}],"replies":[{"embeddable":true,"href":"https:\/\/www.infokuryr.cz\/n\/wp-json\/wp\/v2\/comments?post=5641"}],"version-history":[{"count":0,"href":"https:\/\/www.infokuryr.cz\/n\/wp-json\/wp\/v2\/posts\/5641\/revisions"}],"wp:featuredmedia":[{"embeddable":true,"href":"https:\/\/www.infokuryr.cz\/n\/wp-json\/wp\/v2\/media\/5642"}],"wp:attachment":[{"href":"https:\/\/www.infokuryr.cz\/n\/wp-json\/wp\/v2\/media?parent=5641"}],"wp:term":[{"taxonomy":"category","embeddable":true,"href":"https:\/\/www.infokuryr.cz\/n\/wp-json\/wp\/v2\/categories?post=5641"},{"taxonomy":"post_tag","embeddable":true,"href":"https:\/\/www.infokuryr.cz\/n\/wp-json\/wp\/v2\/tags?post=5641"}],"curies":[{"name":"wp","href":"https:\/\/api.w.org\/{rel}","templated":true}]}}