{"id":56362,"date":"2024-06-25T05:44:01","date_gmt":"2024-06-25T03:44:01","guid":{"rendered":"https:\/\/www.infokuryr.cz\/n\/?p=56362"},"modified":"2024-06-25T05:44:01","modified_gmt":"2024-06-25T03:44:01","slug":"zelenskij-odvolal-vysokeho-vojenskeho-velitele","status":"publish","type":"post","link":"https:\/\/www.infokuryr.cz\/n\/2024\/06\/25\/zelenskij-odvolal-vysokeho-vojenskeho-velitele\/","title":{"rendered":"Zelenskij odvolal vysok\u00e9ho vojensk\u00e9ho velitele"},"content":{"rendered":"<div id=\"fb-root\"><\/div>\n<p><span style=\"font-size: 18pt;\"><strong>Yury Sodol byl \u00fadajn\u011b neobl\u00edben\u00fd u sv\u00fdch pod\u0159\u00edzen\u00fdch, kte\u0159\u00ed ho vinili ze strm\u00fdch ztr\u00e1t na boji\u0161ti<\/strong><\/span><\/p>\n<p><span>Ukrajinsk\u00fd v\u016fdce Vladimir Zelenskij nahradil velitele velitelstv\u00ed spole\u010dn\u00fdch sil sv\u00e9 arm\u00e1dy, gener\u00e1lporu\u010d\u00edka Jurije Sodola, uprost\u0159ed tvrzen\u00ed, \u017ee \u00fadajn\u00e1 Sodolova neschopnost\u00a0<\/span><em><span>\u201ezabila v\u00edce ukrajinsk\u00fdch voj\u00e1k\u016f ne\u017e kter\u00fdkoli rusk\u00fd gener\u00e1l\u201c.<\/span><\/em><\/p>\n<p><span>Po pond\u011bln\u00ed sch\u016fzce s vojensk\u00fdm veden\u00edm Zelenskij ozn\u00e1mil, \u017ee Sodola okam\u017eit\u011b vyst\u0159\u00edd\u00e1 brig\u00e1dn\u00ed gener\u00e1l Andrej Hnatov. Zelenskij neup\u0159esnil, pro\u010d byl Sodol vyhozen, ale v\u00fdzvy k odvol\u00e1n\u00ed gener\u00e1la ji\u017e d\u0159\u00edve p\u0159ich\u00e1zely z ni\u017e\u0161\u00edch \u010d\u00e1st\u00ed velitelsk\u00e9ho \u0159et\u011bzce.<\/span><\/p>\n<p><span>Jako velitel velitelstv\u00ed spole\u010dn\u00fdch sil Sodol dohl\u00ed\u017eel na kombinovan\u00e9 operace arm\u00e1dy, n\u00e1mo\u0159nictva a letectva zem\u011b. V r\u00e1mci struktury ukrajinsk\u00e9 arm\u00e1dy odpov\u00eddal pouze vrchn\u00edmu veliteli Aleksandru Syrsk\u00e9mu.<\/span><\/p>\n<p><span>\u00da\u0159aduj\u00edc\u00ed velitel brig\u00e1dy Azov Bogdan Krotevi\u010d ve sv\u00e9m p\u0159\u00edsp\u011bvku na sv\u00e9m kan\u00e1lu Telegram d\u0159\u00edve v pond\u011bl\u00ed uvedl, \u017ee napsal dopis ukrajinsk\u00e9mu St\u00e1tn\u00edmu \u00fa\u0159adu pro vy\u0161et\u0159ov\u00e1n\u00ed (SBI), v n\u011bm\u017e po\u017eadoval, aby byl Sodol vy\u0161et\u0159en pro nekompetentnost.<\/span><\/p>\n<p><span>Sodol\u00a0<\/span><em><span>\u201epodle m\u00e9ho n\u00e1zoru zabil v\u00edce ukrajinsk\u00fdch voj\u00e1k\u016f ne\u017e kter\u00fdkoli rusk\u00fd gener\u00e1l,\u201c<\/span><\/em><span>\u00a0napsal Krotevi\u010d a dodal, \u017ee jak\u00e9koli ukrajinsk\u00e9 \u00fasp\u011bchy na bitevn\u00edm poli nebyly\u00a0<\/span><em><span>\u201ed\u00edky, ale navzdory\u201c<\/span><\/em><span>\u00a0jeho velen\u00ed.<\/span><\/p>\n<p><span>Od za\u010d\u00e1tku konfliktu s Ruskem v roce 2022 reagoval Zelenskyj na ne\u00fasp\u011bchy na boji\u0161ti p\u0159i n\u011bkolika p\u0159\u00edle\u017eitostech o\u010di\u0161t\u011bn\u00edm vysok\u00fdch vojensk\u00fdch a politick\u00fdch p\u0159edstavitel\u016f. Syrsk\u00e9ho p\u0159edch\u016fdce Valerij Zalu\u017enyj byl vyhozen po\u010d\u00e1tkem tohoto roku pot\u00e9, co Ukrajina ztratila \u2013 podle Ruska \u2013 zhruba 160 000 mu\u017e\u016f v katastrof\u00e1ln\u00ed protiofenz\u00edv\u011b lo\u0148sk\u00e9ho l\u00e9ta. Loni v z\u00e1\u0159\u00ed byl odvol\u00e1n ministr obrany Alexej Reznikov kv\u016fli sv\u00e9 \u00fadajn\u00e9 roli ve velk\u00fdch korup\u010dn\u00edch skand\u00e1lech, kter\u00e9 z\u0159ejm\u011b br\u00e1nily ofenz\u00edv\u011b.<\/span><\/p>\n<p><span>Minul\u00fd m\u011bs\u00edc Zelenskyj\u00a0<\/span><a href=\"https:\/\/swentr.site\/russia\/598501-zelensky-fires-officials-us\/\" target=\"_blank\" rel=\"noopener noreferrer\"><span>propustil<\/span><\/a><span>\u00a0\u0159adu politick\u00fdch \u010dinitel\u016f, kte\u0159\u00ed byli vn\u00edm\u00e1ni jako bl\u00edzc\u00ed americk\u00e9mu veden\u00ed ve Washingtonu, a pot\u00e9\u00a0<\/span><a href=\"https:\/\/swentr.site\/russia\/597329-zelensky-ukraine-assassination-security\/\" target=\"_blank\" rel=\"noopener noreferrer\"><span>propustil<\/span><\/a><span>\u00a0sv\u00e9ho \u0161\u00e9fa st\u00e1tn\u00ed bezpe\u010dnosti uprost\u0159ed \u00fadajn\u00e9ho spiknut\u00ed d\u016fstojn\u00edk\u016f s c\u00edlem zavra\u017edit n\u011bkolik nejvy\u0161\u0161\u00edch p\u0159edstavitel\u016f, v\u010detn\u011b samotn\u00e9ho Zelensk\u00e9ho.<\/span><\/p>\n<p><span>Sodolovo odvol\u00e1n\u00ed p\u0159i\u0161lo pot\u00e9, co rusk\u00e9 s\u00edly na za\u010d\u00e1tku kv\u011btna p\u0159i p\u0159ekvapiv\u00e9 ofenziv\u011b obsadily des\u00edtky m\u011bst a vesnic v Charkovsk\u00e9 oblasti, kter\u00e1 hrani\u010d\u00ed s Ruskem. V cel\u00e9m opera\u010dn\u00edm prostoru se od za\u010d\u00e1tku roku zv\u00fd\u0161ily ukrajinsk\u00e9 ztr\u00e1ty. Rusk\u00fd prezident Vladimir Putin vy\u010d\u00edslil sou\u010dasn\u00e9\u00a0<\/span><a href=\"https:\/\/swentr.site\/news\/598817-putin-russia-ukraine-losses\/\" target=\"_blank\" rel=\"noopener noreferrer\"><span>ztr\u00e1ty<\/span><\/a><span>\u00a0Kyjeva\u00a0na zhruba 50 000 m\u011bs\u00ed\u010dn\u011b. Rusk\u00e9 ministerstvo obrany tvrdilo, \u017ee ukrajinsk\u00e1 arm\u00e1da jen v\u00a0<\/span><a href=\"https:\/\/swentr.site\/russia\/599831-russia-strikes-ukraine-pilots\/\" target=\"_blank\" rel=\"noopener noreferrer\"><span>sobotu<\/span><\/a><span>\u00a0ztratila v\u00edce ne\u017e 1900 voj\u00e1k\u016f v d\u016fsledku rusk\u00fdch \u00fatok\u016f pod\u00e9l cel\u00e9 frontov\u00e9 linie.<\/span><\/p>\n<p><img decoding=\"async\" loading=\"lazy\" class=\"alignnone size-full wp-image-1185\" src=\"http:\/\/www.infokuryr.cz\/n\/wp-content\/uploads\/2021\/04\/kuryr-podpis.png\" alt=\"\" width=\"84\" height=\"24\" \/><\/p>\n<p>&nbsp;<\/p>\n","protected":false},"excerpt":{"rendered":"<p>Yury Sodol byl \u00fadajn\u011b neobl\u00edben\u00fd u sv\u00fdch pod\u0159\u00edzen\u00fdch, kte\u0159\u00ed ho vinili ze strm\u00fdch ztr\u00e1t na&#8230;<\/p>\n","protected":false},"author":2,"featured_media":56363,"comment_status":"closed","ping_status":"closed","sticky":false,"template":"","format":"standard","meta":[],"categories":[7],"tags":[80,1887,26,3526,3828],"_links":{"self":[{"href":"https:\/\/www.infokuryr.cz\/n\/wp-json\/wp\/v2\/posts\/56362"}],"collection":[{"href":"https:\/\/www.infokuryr.cz\/n\/wp-json\/wp\/v2\/posts"}],"about":[{"href":"https:\/\/www.infokuryr.cz\/n\/wp-json\/wp\/v2\/types\/post"}],"author":[{"embeddable":true,"href":"https:\/\/www.infokuryr.cz\/n\/wp-json\/wp\/v2\/users\/2"}],"replies":[{"embeddable":true,"href":"https:\/\/www.infokuryr.cz\/n\/wp-json\/wp\/v2\/comments?post=56362"}],"version-history":[{"count":0,"href":"https:\/\/www.infokuryr.cz\/n\/wp-json\/wp\/v2\/posts\/56362\/revisions"}],"wp:featuredmedia":[{"embeddable":true,"href":"https:\/\/www.infokuryr.cz\/n\/wp-json\/wp\/v2\/media\/56363"}],"wp:attachment":[{"href":"https:\/\/www.infokuryr.cz\/n\/wp-json\/wp\/v2\/media?parent=56362"}],"wp:term":[{"taxonomy":"category","embeddable":true,"href":"https:\/\/www.infokuryr.cz\/n\/wp-json\/wp\/v2\/categories?post=56362"},{"taxonomy":"post_tag","embeddable":true,"href":"https:\/\/www.infokuryr.cz\/n\/wp-json\/wp\/v2\/tags?post=56362"}],"curies":[{"name":"wp","href":"https:\/\/api.w.org\/{rel}","templated":true}]}}