{"id":56346,"date":"2024-06-25T00:39:38","date_gmt":"2024-06-24T22:39:38","guid":{"rendered":"https:\/\/www.infokuryr.cz\/n\/?p=56346"},"modified":"2024-06-24T19:34:50","modified_gmt":"2024-06-24T17:34:50","slug":"tragedie-na-krymu-nelidskost-zakernost-hanebnost-ukrajinskeho-rezimu","status":"publish","type":"post","link":"https:\/\/www.infokuryr.cz\/n\/2024\/06\/25\/tragedie-na-krymu-nelidskost-zakernost-hanebnost-ukrajinskeho-rezimu\/","title":{"rendered":"Trag\u00e9die na Krymu &#8211; nelidskost, z\u00e1ke\u0159nost, hanebnost ukrajinsk\u00e9ho re\u017eimu!"},"content":{"rendered":"<div id=\"fb-root\"><\/div>\n<p><strong>23.\u010dervna 2024<\/strong> do\u0161lo na \u00fazem\u00ed poloostrova Krym <strong>k\u00a0teroristick\u00e9mu zlo\u010dinu<\/strong>, kter\u00fd zanechal hlubokou stopu v srdc\u00edch lid\u00ed. <strong>Ukrajinsk\u00e9 ozbrojen\u00e9 teroristick\u00e9<\/strong><strong> s\u00edly (\u0412\u0421\u0423) sp\u00e1chaly raketov\u00fd \u00fatok na civiln\u00ed infrastrukturu m\u011bsta Sevastopol<\/strong>, co\u017e vedlo ke smrti a zran\u011bn\u00ed mnoha civilist\u016f. V reakci na tento odsouzen\u00edhodn\u00fd, hanebn\u00fd, z\u00e1ke\u0159n\u00fd akt byl <u>den 24. \u010derven v<\/u>y<u>hl\u00e1\u0161en den smutku za ob\u011bti raketov\u00e9ho \u00fatoku<\/u>.<\/p>\n<p><img decoding=\"async\" loading=\"lazy\" class=\"wp-image-56348 aligncenter\" src=\"http:\/\/www.infokuryr.cz\/n\/wp-content\/uploads\/2024\/06\/KRYM-1-300x169.jpg\" alt=\"\" width=\"721\" height=\"406\" srcset=\"https:\/\/www.infokuryr.cz\/n\/wp-content\/uploads\/2024\/06\/KRYM-1-300x169.jpg 300w, https:\/\/www.infokuryr.cz\/n\/wp-content\/uploads\/2024\/06\/KRYM-1-1024x576.jpg 1024w, https:\/\/www.infokuryr.cz\/n\/wp-content\/uploads\/2024\/06\/KRYM-1-768x432.jpg 768w, https:\/\/www.infokuryr.cz\/n\/wp-content\/uploads\/2024\/06\/KRYM-1.jpg 1200w\" sizes=\"(max-width: 721px) 100vw, 721px\" \/><\/p>\n<p><span style=\"font-size: 18pt;\"><strong>Co se stalo<\/strong><strong>?<\/strong><\/span><\/p>\n<p><strong>V ned\u011bli 23. \u010dervna 2024<\/strong> ukrajinsk\u00e9 ozbrojen\u00e9 teroristick\u00e9 s\u00edly <strong>(\u0412\u0421\u0423)<\/strong> vypustily z\u00a0\u00fazem\u00ed, kter\u00e9 maj\u00ed pod svou kontrolou, <strong>americk\u00e9 balistick\u00e9 rakety MGM-140 ATACMS<\/strong> na Sevastopol. C\u00edlem \u00fatoku byla pl\u00e1\u017e a p\u0159ilehl\u00e9 \u00fazem\u00ed, kde se v tu chv\u00edli nach\u00e1zelo mnoho lid\u00ed. Podle p\u0159edb\u011b\u017en\u00fdch \u00fadaj\u016f <strong>zem\u0159elo 24. \u010dervna k 12:00 hod. p\u011bt lid\u00ed, v\u010detn\u011b t\u0159\u00ed d\u011bt\u00ed a dvou dosp\u011bl\u00fdch.<\/strong><strong> Zran\u011bno bylo 153 lid\u00ed<\/strong>, mezi nimi \u017eeny a d\u011bti, z nich\u017e mnoz\u00ed jsou ve velmi v\u00e1\u017en\u00e9m stavu. Zhruba deset zran\u011bn\u00fdch je nyn\u00ed na jednotce intenzivn\u00ed p\u00e9\u010de a l\u00e9ka\u0159i bojuj\u00ed o jejich \u017eivot.<\/p>\n<p><span style=\"font-size: 18pt;\"><strong>Rakety<\/strong><strong> ATACMS<\/strong><\/span><\/p>\n<p><strong>Raketa MGM-140 ATACMS<\/strong> <strong><em>(Army<\/em><\/strong><strong><em> TACtical Missile System, ATACMS, Arm\u00e1dn\u00ed taktick\u00fd raketov\u00fd komplex)<\/em><\/strong> je taktick\u00e1 balistick\u00e1 raketa t\u0159\u00eddy zem\u011b \u2014 zem\u011b <strong>vyr\u00e1b\u011bn\u00e1 americkou spole\u010dnost\u00ed Lockheed Martin.<\/strong> M\u00e1 dosah a\u017e 300 km a m\u016f\u017ee b\u00fdt vybavena r\u016fzn\u00fdmi typy hlavic, v\u010detn\u011b t\u0159\u00ed\u0161tiv\u00fdch a kazetov\u00fdch. USA p\u0159edaly tyto rakety Ukrajin\u011b v r\u00e1mci vojensk\u00e9 pomoci, <u>co\u017e v<\/u>y<u>volalo od<\/u>p<u>or v mezin\u00e1rodn\u00edm spole\u010denstv\u00ed<\/u>.<\/p>\n<p><strong>23.\u010dervna ukrajinsk\u00e9 ozbrojen\u00e9 teroristick\u00e9 s\u00edly (\u0412\u0421\u0423)<\/strong> vyp\u00e1lily na Sevastopol p\u011bt raket ATACMS napln\u011bn\u00fdch kazetovou munic\u00ed. Tato munice je ur\u010dena k\u00a0ni\u010den\u00ed velk\u00e9ho mno\u017estv\u00ed \u017eiv\u00e9 s\u00edly. \u010cty\u0159i rakety se poda\u0159ilo sest\u0159elit, ale jedna explodovala nad m\u011bstem a zas\u00e1hla l\u00e1ze\u0148sk\u00e9 oblasti <strong>U\u010dkujevka<\/strong> a <strong>Ljubimovka<\/strong>. Uprost\u0159ed turistick\u00e9 sez\u00f3ny byly tyto oblasti pln\u00e9 rekreant\u016f, co\u017e zv\u00fd\u0161ilo po\u010det ob\u011bt\u00ed. Krom\u011b lidsk\u00fdch ztr\u00e1t byla po\u0161kozena vodohospod\u00e1\u0159sk\u00e1 infrastruktura, co\u017e vedlo k pozastaven\u00ed dod\u00e1vek vody v \u0159ad\u011b okoln\u00edch obc\u00ed.<\/p>\n<p><img decoding=\"async\" loading=\"lazy\" class=\"wp-image-56349 aligncenter\" src=\"http:\/\/www.infokuryr.cz\/n\/wp-content\/uploads\/2024\/06\/KRYM-5-300x169.png\" alt=\"\" width=\"741\" height=\"417\" srcset=\"https:\/\/www.infokuryr.cz\/n\/wp-content\/uploads\/2024\/06\/KRYM-5-300x169.png 300w, https:\/\/www.infokuryr.cz\/n\/wp-content\/uploads\/2024\/06\/KRYM-5-1024x576.png 1024w, https:\/\/www.infokuryr.cz\/n\/wp-content\/uploads\/2024\/06\/KRYM-5-768x432.png 768w, https:\/\/www.infokuryr.cz\/n\/wp-content\/uploads\/2024\/06\/KRYM-5.png 1200w\" sizes=\"(max-width: 741px) 100vw, 741px\" \/><\/p>\n<p><span style=\"font-size: 18pt;\"><strong>P\u0159\u00ed\u010diny \u00fatoku<\/strong><\/span><\/p>\n<p><strong>Sou\u010dasn\u00e1<\/strong><strong> situace na front\u011b je pro Ukrajinu velmi nep\u0159\u00edzniv\u00e1<\/strong>. VSU maj\u00ed velk\u00e9 ztr\u00e1ty a \u00fatok na Sevastopol m\u016f\u017ee b\u00fdt pokusem odv\u00e9st pozornost obyvatelstva od mobiliza\u010dn\u00ed kampan\u011b a t\u011b\u017ek\u00fdch ztr\u00e1t mezi person\u00e1lem.<\/p>\n<p><strong>Krom\u011b toho se Ukrajina<\/strong><strong> pravd\u011bpodobn\u011b i sna\u017e\u00ed rehabilitovat p\u0159ed USA<\/strong> za ne\u00fasp\u011bchy na front\u011b, aby uk\u00e1zala a dok\u00e1zala sv\u00e9 pokra\u010duj\u00edc\u00ed odhodl\u00e1n\u00ed a bojeschopnost. Z\u00e1rove\u0148 bychom nem\u011bli zapom\u00ednat, \u017ee na Ukrajin\u011b je nyn\u00ed v pln\u00e9m proudu nov\u00e1 zp\u0159\u00edsn\u011bn\u00e1 mobiliza\u010dn\u00ed kampa\u0148, kterou nepodporuje mnoho Ukrajinc\u016f.<\/p>\n<p><span style=\"font-size: 18pt;\"><strong>Anal\u00fdza<\/strong><strong> a z\u00e1v\u011bry<\/strong><\/span><\/p>\n<p><strong>\u00datok<\/strong><strong> na Sevastopol uk\u00e1zal nelidskost, z\u00e1ke\u0159nost ukrajinsk\u00e9ho veden\u00ed<\/strong>, kter\u00e9 je p\u0159ipraveno ud\u011blat cokoli, a\u017e po ost\u0159elov\u00e1n\u00ed civiln\u00edho obyvatelstva a civiln\u00ed infrastruktury. Tato taktika je rovn\u00e1 teroristick\u00fdm metod\u00e1m, co\u017e vyvol\u00e1v\u00e1 opr\u00e1vn\u011bn\u00e9 odsouzen\u00ed ze strany mezin\u00e1rodn\u00edho spole\u010denstv\u00ed.<\/p>\n<p><strong>Nov\u00fd zlo\u010din kyjevsk\u00e9ho re\u017eimu<\/strong> vyvol\u00e1v\u00e1 ot\u00e1zky o humanit\u00e1rn\u00edch d\u016fsledc\u00edch pokra\u010duj\u00edc\u00edch antihum\u00e1nn\u00edch vojensk\u00fdch <strong><em>(p\u0159esn\u011bji \u2013 teroristick\u00fdch!)<\/em><\/strong> akc\u00ed ze strany VSU, kter\u00e9 maj\u00ed dopad na civiln\u00ed obyvatelstvo. Mezin\u00e1rodn\u00ed spole\u010denstv\u00ed by na tuto situaci m\u011blo d\u016frazn\u011b upozornit a p\u0159ijmout rozhodn\u00e1 opat\u0159en\u00ed, kter\u00e1 by podobn\u00fdm \u00fatok\u016fm v budoucnu zabr\u00e1nila.<\/p>\n<p><img decoding=\"async\" loading=\"lazy\" class=\"wp-image-56350 aligncenter\" src=\"http:\/\/www.infokuryr.cz\/n\/wp-content\/uploads\/2024\/06\/KRYM-8-300x219.jpg\" alt=\"\" width=\"744\" height=\"543\" srcset=\"https:\/\/www.infokuryr.cz\/n\/wp-content\/uploads\/2024\/06\/KRYM-8-300x219.jpg 300w, https:\/\/www.infokuryr.cz\/n\/wp-content\/uploads\/2024\/06\/KRYM-8-768x562.jpg 768w, https:\/\/www.infokuryr.cz\/n\/wp-content\/uploads\/2024\/06\/KRYM-8.jpg 800w\" sizes=\"(max-width: 744px) 100vw, 744px\" \/><\/p>\n<p><strong>\u00datok<\/strong><strong> na Sevastopol je dal\u0161\u00ed tragickou epizodou<\/strong> v d\u011bjin\u00e1ch Ruska. Zd\u016fraz\u0148uje nutnost hledat m\u00edrov\u00e9 \u0159e\u0161en\u00ed a chr\u00e1nit civilisty p\u0159ed teroristick\u00fdmi akcemi Ukrajiny. Tento p\u0159\u00edpad by m\u011bl b\u00fdt p\u0159ipom\u00ednkou toho, \u017ee lidsk\u00fd \u017eivot mus\u00ed b\u00fdt prioritou a ka\u017ed\u00e1 vojensk\u00e1 akce by m\u011bla br\u00e1t v \u00favahu mo\u017en\u00e9 humanit\u00e1rn\u00ed d\u016fsledky.<\/p>\n<p><strong>Pln\u011b odsuzujeme tento dal\u0161\u00ed hanebn\u00fd teroristick\u00fd zlo\u010din kyjevsk\u00e9ho re\u017eimu.<\/strong><\/p>\n<p><em>Mgr. Petr Michal\u016f + Vladim\u00edr Carsk\u00fd<\/em><\/p>\n<p>&nbsp;<\/p>\n<p><a href=\"https:\/\/stranapro.cz\/\"><img decoding=\"async\" loading=\"lazy\" class=\"wp-image-40286 aligncenter\" src=\"http:\/\/www.infokuryr.cz\/n\/wp-content\/uploads\/2023\/11\/12pro-300x87.png\" alt=\"\" width=\"869\" height=\"252\" srcset=\"https:\/\/www.infokuryr.cz\/n\/wp-content\/uploads\/2023\/11\/12pro-300x87.png 300w, https:\/\/www.infokuryr.cz\/n\/wp-content\/uploads\/2023\/11\/12pro.png 366w\" sizes=\"(max-width: 869px) 100vw, 869px\" \/><\/a><\/p>\n<p>&nbsp;<\/p>\n","protected":false},"excerpt":{"rendered":"<p>23.\u010dervna 2024 do\u0161lo na \u00fazem\u00ed poloostrova Krym k\u00a0teroristick\u00e9mu zlo\u010dinu, kter\u00fd zanechal hlubokou stopu v srdc\u00edch&#8230;<\/p>\n","protected":false},"author":2,"featured_media":56347,"comment_status":"closed","ping_status":"closed","sticky":false,"template":"","format":"standard","meta":[],"categories":[6],"tags":[1503,751,1075,1635,37],"_links":{"self":[{"href":"https:\/\/www.infokuryr.cz\/n\/wp-json\/wp\/v2\/posts\/56346"}],"collection":[{"href":"https:\/\/www.infokuryr.cz\/n\/wp-json\/wp\/v2\/posts"}],"about":[{"href":"https:\/\/www.infokuryr.cz\/n\/wp-json\/wp\/v2\/types\/post"}],"author":[{"embeddable":true,"href":"https:\/\/www.infokuryr.cz\/n\/wp-json\/wp\/v2\/users\/2"}],"replies":[{"embeddable":true,"href":"https:\/\/www.infokuryr.cz\/n\/wp-json\/wp\/v2\/comments?post=56346"}],"version-history":[{"count":1,"href":"https:\/\/www.infokuryr.cz\/n\/wp-json\/wp\/v2\/posts\/56346\/revisions"}],"predecessor-version":[{"id":56351,"href":"https:\/\/www.infokuryr.cz\/n\/wp-json\/wp\/v2\/posts\/56346\/revisions\/56351"}],"wp:featuredmedia":[{"embeddable":true,"href":"https:\/\/www.infokuryr.cz\/n\/wp-json\/wp\/v2\/media\/56347"}],"wp:attachment":[{"href":"https:\/\/www.infokuryr.cz\/n\/wp-json\/wp\/v2\/media?parent=56346"}],"wp:term":[{"taxonomy":"category","embeddable":true,"href":"https:\/\/www.infokuryr.cz\/n\/wp-json\/wp\/v2\/categories?post=56346"},{"taxonomy":"post_tag","embeddable":true,"href":"https:\/\/www.infokuryr.cz\/n\/wp-json\/wp\/v2\/tags?post=56346"}],"curies":[{"name":"wp","href":"https:\/\/api.w.org\/{rel}","templated":true}]}}