{"id":56340,"date":"2024-06-25T00:33:28","date_gmt":"2024-06-24T22:33:28","guid":{"rendered":"https:\/\/www.infokuryr.cz\/n\/?p=56340"},"modified":"2024-06-24T19:21:01","modified_gmt":"2024-06-24T17:21:01","slug":"skonci-pirati-platu-a-trafik-se-jen-tak-nevzdaji-korespondencni-volba-schvalena","status":"publish","type":"post","link":"https:\/\/www.infokuryr.cz\/n\/2024\/06\/25\/skonci-pirati-platu-a-trafik-se-jen-tak-nevzdaji-korespondencni-volba-schvalena\/","title":{"rendered":"Skon\u010d\u00ed Pir\u00e1ti? Plat\u016f a trafik se jen tak nevzdaj\u00ed. Koresponden\u010dn\u00ed volba schv\u00e1lena"},"content":{"rendered":"<div id=\"fb-root\"><\/div>\n<p>Konec Pir\u00e1t\u016f ve vl\u00e1d\u011b? U\u017e o tom (zase) cht\u011bj\u00ed hlasovat. No h\u00e1dejte, jak to asi dopadne. Nakonec zv\u00edt\u011bz\u00ed tepl\u00e1 m\u00edsta, vysok\u00e9 platy, trafiky a pa\u0161al\u00edky. To se vsad\u00edm.<\/p>\n<p>\ud83d\udc49 St\u0159elba na Filozofick\u00e9 fakult\u011b z minul\u00e9ho roku: Policejn\u00ed zpr\u00e1va jasn\u011b uk\u00e1zala pochyben\u00ed p\u0159i z\u00e1sahu. Zaj\u00edmav\u00e9, \u017ee to vy\u0161lo a\u017e te\u010f &#8211; po evropsk\u00fdch volb\u00e1ch. To se panu ministru Raku\u0161anovi jist\u011b velmi hod\u00ed.<\/p>\n<p>\ud83d\udc49 Sn\u011bmovna schv\u00e1lila zaveden\u00ed koresponden\u010dn\u00ed volby. Pro\u010d P\u011btikoalice tak sp\u011bch\u00e1, aby umo\u017enila \u010cech\u016fm v zahrani\u010d\u00ed volit, to u\u017e je v\u0161em jasn\u00e9. Doma m\u00e1 toti\u017e drtiv\u011b n\u00edzkou d\u016fv\u011bru ob\u010dan\u016f. Podvod na lidi.<\/p>\n<p>\ud83d\udc49 Prezident Pavel chce za\u010d\u00edt vyvlast\u0148ovat byty. Pir\u00e1t\u016fm se tento tvrd\u011b socialistick\u00fd n\u00e1pad jist\u011b l\u00edb\u00ed. Je\u0161t\u011b, \u017ee na to prezident nem\u00e1 pravomoci.<\/p>\n<p>\ud83d\udc49Praha se propad\u00e1 na dal\u0161\u00edm \u017eeb\u0159\u00ed\u010dku. \u010c\u00edm d\u00e1l v\u00edce lid\u00ed ohro\u017euje chudoba. Jak je to mo\u017en\u00e9? Krom\u011b tragick\u00fdch vl\u00e1dn\u00edch krok\u016f P\u011btikoalice je za t\u00edm i st\u00e1le ne\u0159e\u0161en\u00e1 bytov\u00e1 krize. Pron\u00e1jmy jdou do absurdn\u00edch v\u00fd\u0161in a nov\u00e9 byty se nestav\u00ed.<\/p>\n<p>\ud83d\udc49 Pir\u00e1ti p\u0159ed volbami slibovali postavit v Praze deset tis\u00edc byt\u016f. Nepostavili \u017e\u00e1dn\u00fd. Pr\u00fd to nejde, sam\u00e9 v\u00fdmluvy. Nesmysl. Na m\u00e9m domovsk\u00e9m Ji\u017e\u0148\u00e1ku jsem za\u0159\u00eddil p\u0159es 370 obecn\u00edch byt\u016f p\u0159edt\u00edm, ne\u017e m\u011b pr\u00e1v\u011b Pir\u00e1ti odvolali.<\/p>\n<p>\ud83d\udc49 Zat\u00edmco nov\u00e9 byty m\u011bsto nestav\u00ed, za ty sou\u010dasn\u00e9 si r\u00e1do nech\u00e1 p\u0159iplatit. Ano, p\u0159esn\u011b tak &#8211; da\u0148 z nemovitosti se bude v Praze op\u011bt zvy\u0161ovat. Jedn\u00e1 se u\u017e o n\u011bkolik\u00e1t\u00e9 zv\u00fd\u0161en\u00ed v \u0159ad\u011b (da\u0148 zv\u00fd\u0161il st\u00e1t i n\u011bkter\u00e9 m\u011bstsk\u00e9 \u010d\u00e1sti). Ob\u010dan\u00e9 si tak p\u0159iplat\u00ed dal\u0161\u00ed tis\u00edce korun.<\/p>\n<p>To v\u0161e a mnohem v\u00edc se dozv\u00edte v 89. d\u00edlu m\u00e9ho politick\u00e9ho podcastu. D\u011bkuji v\u00e1m p\u0159edem za zhl\u00e9dnut\u00ed a pros\u00edm o dal\u0161\u00ed sd\u00edlen\u00ed, a\u0165 se pravdu dozv\u00ed co nejv\u00edc lid\u00ed! T\u011b\u0161\u00edm se na dotazy i koment\u00e1\u0159e!<\/p>\n<p><iframe loading=\"lazy\" title=\"Skon\u010d\u00ed Pir\u00e1ti? Plat\u016f a trafik se jen tak nevzdaj\u00ed. Koresponden\u010dn\u00ed volba schv\u00e1lena. | \u010cau Praho! #89\" width=\"640\" height=\"360\" src=\"https:\/\/www.youtube.com\/embed\/gcx2gd6EnU4?feature=oembed\" frameborder=\"0\" allow=\"accelerometer; autoplay; clipboard-write; encrypted-media; gyroscope; picture-in-picture; web-share\" referrerpolicy=\"strict-origin-when-cross-origin\" allowfullscreen><\/iframe><\/p>\n<p><span style=\"font-size: 14pt;\"><strong>Ing. Ond\u0159ej Prokop, p\u0159edseda hnut\u00ed ANO v Praze<\/strong><\/span><\/p>\n<p>&nbsp;<\/p>\n<p><a href=\"https:\/\/stranapro.cz\/\"><img decoding=\"async\" loading=\"lazy\" class=\"wp-image-40286 aligncenter\" src=\"http:\/\/www.infokuryr.cz\/n\/wp-content\/uploads\/2023\/11\/12pro-300x87.png\" alt=\"\" width=\"876\" height=\"254\" srcset=\"https:\/\/www.infokuryr.cz\/n\/wp-content\/uploads\/2023\/11\/12pro-300x87.png 300w, https:\/\/www.infokuryr.cz\/n\/wp-content\/uploads\/2023\/11\/12pro.png 366w\" sizes=\"(max-width: 876px) 100vw, 876px\" \/><\/a><\/p>\n<p>&nbsp;<\/p>\n<p>&nbsp;<\/p>\n","protected":false},"excerpt":{"rendered":"<p>Konec Pir\u00e1t\u016f ve vl\u00e1d\u011b? U\u017e o tom (zase) cht\u011bj\u00ed hlasovat. No h\u00e1dejte, jak to asi&#8230;<\/p>\n","protected":false},"author":2,"featured_media":39290,"comment_status":"closed","ping_status":"closed","sticky":false,"template":"","format":"standard","meta":[],"categories":[6],"tags":[137,122,889],"_links":{"self":[{"href":"https:\/\/www.infokuryr.cz\/n\/wp-json\/wp\/v2\/posts\/56340"}],"collection":[{"href":"https:\/\/www.infokuryr.cz\/n\/wp-json\/wp\/v2\/posts"}],"about":[{"href":"https:\/\/www.infokuryr.cz\/n\/wp-json\/wp\/v2\/types\/post"}],"author":[{"embeddable":true,"href":"https:\/\/www.infokuryr.cz\/n\/wp-json\/wp\/v2\/users\/2"}],"replies":[{"embeddable":true,"href":"https:\/\/www.infokuryr.cz\/n\/wp-json\/wp\/v2\/comments?post=56340"}],"version-history":[{"count":0,"href":"https:\/\/www.infokuryr.cz\/n\/wp-json\/wp\/v2\/posts\/56340\/revisions"}],"wp:featuredmedia":[{"embeddable":true,"href":"https:\/\/www.infokuryr.cz\/n\/wp-json\/wp\/v2\/media\/39290"}],"wp:attachment":[{"href":"https:\/\/www.infokuryr.cz\/n\/wp-json\/wp\/v2\/media?parent=56340"}],"wp:term":[{"taxonomy":"category","embeddable":true,"href":"https:\/\/www.infokuryr.cz\/n\/wp-json\/wp\/v2\/categories?post=56340"},{"taxonomy":"post_tag","embeddable":true,"href":"https:\/\/www.infokuryr.cz\/n\/wp-json\/wp\/v2\/tags?post=56340"}],"curies":[{"name":"wp","href":"https:\/\/api.w.org\/{rel}","templated":true}]}}