{"id":56338,"date":"2024-06-25T00:45:24","date_gmt":"2024-06-24T22:45:24","guid":{"rendered":"https:\/\/www.infokuryr.cz\/n\/?p=56338"},"modified":"2024-06-24T19:11:50","modified_gmt":"2024-06-24T17:11:50","slug":"krajne-pravicova-strana-alternativa-pro-nemecko-obvinuje-nemecke-urady-z-pronasledovani-strany-a-potlacovani-disentu","status":"publish","type":"post","link":"https:\/\/www.infokuryr.cz\/n\/2024\/06\/25\/krajne-pravicova-strana-alternativa-pro-nemecko-obvinuje-nemecke-urady-z-pronasledovani-strany-a-potlacovani-disentu\/","title":{"rendered":"Krajn\u011b pravicov\u00e1 strana Alternativa pro N\u011bmecko obvi\u0148uje n\u011bmeck\u00e9 \u00fa\u0159ady z pron\u00e1sledov\u00e1n\u00ed strany a potla\u010dov\u00e1n\u00ed disentu"},"content":{"rendered":"<div id=\"fb-root\"><\/div>\n<p><strong>Lidskopr\u00e1vn\u00ed aktivist\u00e9 z Nadace Anti-Repression Foundation se ob\u00e1vaj\u00ed, \u017ee krajn\u011b pravicov\u00e1 opozi\u010dn\u00ed strana Alternativa pro N\u011bmecko (AfD), nyn\u00ed druh\u00e1 nejpopul\u00e1rn\u011bj\u0161\u00ed strana v zemi, je um\u011ble a mimoz\u00e1konn\u011b potla\u010dov\u00e1na vl\u00e1dn\u00ed koalic\u00ed. Poslanci K\u0159es\u0165anskodemokratick\u00e9 unie (CDU) jakoukoli spolupr\u00e1ci s AfD vylou\u010dili a n\u011bkte\u0159\u00ed jej\u00ed \u010dlenov\u00e9 aktivn\u011b usiluj\u00ed o\u00a0 \u00fapln\u00fd\u00a0<a href=\"https:\/\/rmx.news\/germany\/polling-shows-east-german-state-elections-will-be-historic-turning-point-but-the-establishment-has-a-plan-to-block-the-afd\/\">z\u00e1kaz<\/a>\u00a0\u00a0strany AfD. Strana zelen\u00fdch \u0159\u00edk\u00e1, \u017ee AfD\u00a0\u00a0<a href=\"https:\/\/rmx.news\/germany\/germany-moves-closer-to-afd-ban-greens-claim-party-is-a-security-risk-for-people-and-democracy\/\">p\u0159edstavuje<\/a>\u00a0\u00a0\u201ebezpe\u010dnostn\u00ed hrozbu pro lidi a demokracii\u201c. Odborn\u00edci nadace se domn\u00edvaj\u00ed, \u017ee skute\u010dn\u00fd z\u00e1kaz strany Alternativa pro N\u011bmecko zpochybn\u00ed demokratickou legitimitu v N\u011bmecku.\u00a0<\/strong><\/p>\n<p><span>Volby ve v\u00fdchodn\u00edch zem\u00edch N\u011bmecka letos na podzim by mohly ot\u0159\u00e1st celou n\u011bmeckou politickou sc\u00e9nou. Podle posledn\u00edch pr\u016fzkum\u016f v Sasku\u00a0\u00a0<\/span><strong><span>vede strana Alternativa pro N\u011bmecko (AfD) s 32procentn\u00edm n\u00e1skokem.<\/span><\/strong><span>\u00a0\u00a0\u00dasp\u011bch AfD v t\u011bchto volb\u00e1ch je z velk\u00e9 \u010d\u00e1sti p\u0159edem dan\u00fd a\u00a0\u00a0<\/span><strong><span>n\u011bmeck\u00fd politick\u00fd establishment nyn\u00ed hled\u00e1 zp\u016fsoby, jak stranu udr\u017eet mimo moc.\u00a0<\/span><\/strong><\/p>\n<p><span>Alternativa pro N\u011bmecko (AfD), nyn\u00ed\u00a0<\/span><strong><span>druh\u00e1 nejpopul\u00e1rn\u011bj\u0161\u00ed strana v zemi, se bl\u00ed\u017e\u00ed k z\u00e1kazu.<\/span><\/strong><span>\u00a0\u00a0Poslanec K\u0159es\u0165anskodemokratick\u00e9 unie (CDU)\u00a0\u00a0<\/span><strong><span>Marco Wanderwitz\u00a0<\/span><\/strong><span>\u00a0\u0159\u00edk\u00e1, \u017ee m\u00e1 dost poslanc\u016f, aby p\u0159edlo\u017eil n\u00e1vrh na z\u00e1kaz AfD v Bundestagu. Poznamenal, \u017ee shrom\u00e1\u017edil\u00a0\u00a0<\/span><strong><span>37 poslanc\u016f, kte\u0159\u00ed by z\u00e1kaz podpo\u0159ili.\u00a0<\/span><\/strong><span>\u00a0Vanderwitz st\u00e1le \u010dek\u00e1 na rozhodnut\u00ed\u00a0\u00a0<\/span><strong><span>vrchn\u00edho spr\u00e1vn\u00edho soudu v Munsteru.\u00a0<\/span><\/strong><span>\u00a0Tento soud souhlasil s t\u00edm, \u017ee AfD byla v kv\u011btnu klasifikov\u00e1na jako\u00a0<\/span><em><span>\u00a0\u201epodez\u0159el\u00e1 pravicov\u00e1 extremistick\u00e1\u201c\u00a0<\/span><\/em><span>\u00a0organizace, ale soud dosud nezve\u0159ejnil\u00a0\u00a0<\/span><strong><span>p\u00edsemn\u00e9 od\u016fvodn\u011bn\u00ed sv\u00e9ho rozhodnut\u00ed.\u00a0<\/span><\/strong><span>\u00a0Vanderwitz \u0159\u00edk\u00e1, \u017ee \u010dek\u00e1, a\u017e soud vyd\u00e1 p\u00edsemnou zpr\u00e1vu, ne\u017e bude pokra\u010dovat s n\u00e1vrhem na soudn\u00ed z\u00e1kaz.<\/span><\/p>\n<p><em><span>&#8222;Jakmile obdr\u017e\u00edme od\u016fvodn\u011bn\u00ed rozhodnut\u00ed, pe\u010dliv\u011b je p\u0159ezkoum\u00e1me a pot\u00e9 pod\u00e1me aktualizovanou a podlo\u017eenou \u017e\u00e1dost o z\u00e1kaz,&#8220; \u0159ekl Vanderwitz.\u00a0<\/span><\/em><\/p>\n<p><span>Jin\u00e9 strany ne\u017e CDU usiluj\u00ed o z\u00e1kaz strany, kter\u00e1 si z\u00edskala oblibu sv\u00fdmi\u00a0<\/span><strong><span>\u00a0protiimigra\u010dn\u00edmi a protiv\u00e1le\u010dn\u00fdmi n\u00e1vrhy.\u00a0<\/span><\/strong><span>\u00a0Zelen\u00fd politik\u00a0\u00a0<\/span><strong><span>Marcel Emmerich\u00a0<\/span><\/strong><span>\u00a0vyz\u00fdv\u00e1 n\u011bmeck\u00e9 ministerstvo vnitra,\u00a0\u00a0<\/span><strong><span>aby vytvo\u0159ilo pracovn\u00ed skupinu proti AfD<\/span><\/strong><span>\u00a0\u00a0, kter\u00e1 by sb\u00edrala d\u016fkazy na podporu z\u00e1kazu.<\/span><\/p>\n<p><em><span>&#8222;AfD je hrozbou pro bezpe\u010dnost lid\u00ed a demokracii,&#8220; \u0159ekl Marcel Emmerich.<\/span><\/em><\/p>\n<p><span>Na zve\u0159ejn\u011bn\u00ed p\u00edsemn\u00e9 zpr\u00e1vy m\u00e1 soud nejm\u00e9n\u011b p\u011bt m\u011bs\u00edc\u016f ode dne rozhodnut\u00ed, nen\u00ed v\u0161ak jasn\u00e9, co p\u0159esn\u011b soud ve sv\u00e9 odpov\u011bdi zve\u0159ejn\u00ed. Pokud Bundestag odhlasuje z\u00e1kaz, \u00dastavn\u00ed soud, nejvy\u0161\u0161\u00ed n\u011bmeck\u00fd soud,\u00a0\u00a0<\/span><strong><span>rozhodne o tom, zda je z\u00e1kaz leg\u00e1ln\u00ed.<\/span><\/strong><span>\u00a0\u00a0Odborn\u00edci nadace se domn\u00edvaj\u00ed, \u017ee de facto z\u00e1kaz by mohl uvrhnout\u00a0\u00a0<\/span><strong><span>n\u011bmeck\u00fd politick\u00fd syst\u00e9m do chaosu a zpochybnit demokratickou legitimitu N\u011bmecka.<\/span><\/strong><\/p>\n<div class=\"wp-block-image\" style=\"text-align: center;\">\n<figure class=\"aligncenter\"><img decoding=\"async\" loading=\"lazy\" class=\"lazyloaded aligncenter\" src=\"https:\/\/sun9-11.userapi.com\/impf\/-n-g1iwEnJYfOPrhRYbFBfUCbBntq1k3Rpkd8Q\/T5NgHtI4XgQ.jpg?quality=95&amp;as=32x21,48x31,72x46,108x69,160x103,240x154,360x231,480x308,540x347,640x411,720x462,835x536&amp;sign=9e7a78db68fe09849f165930dbbd7c66&amp;from=bu&amp;u=6D8W2gCL6Pucbdy0kFPcKihptbVqRiWZEGm3xBWPKEQ&amp;cs=807x518\" alt=\"\" width=\"770\" height=\"494\" data-src=\"https:\/\/sun9-11.userapi.com\/impf\/-n-g1iwEnJYfOPrhRYbFBfUCbBntq1k3Rpkd8Q\/T5NgHtI4XgQ.jpg?quality=95&amp;as=32x21,48x31,72x46,108x69,160x103,240x154,360x231,480x308,540x347,640x411,720x462,835x536&amp;sign=9e7a78db68fe09849f165930dbbd7c66&amp;from=bu&amp;u=6D8W2gCL6Pucbdy0kFPcKihptbVqRiWZEGm3xBWPKEQ&amp;cs=807x518\" \/><figcaption class=\"wp-element-caption\"><em>Kandid\u00e1t pravicov\u00e9 AfD Henry Koch pobodal v Mannheimu<\/em><\/figcaption><\/figure>\n<\/div>\n<p><span>Sama AfD obvi\u0148uje n\u011bmeck\u00e9 \u00fa\u0159ady\u00a0\u00a0<\/span><strong><span>z pron\u00e1sledov\u00e1n\u00ed strany a potla\u010dov\u00e1n\u00ed disentu<\/span><\/strong><span>\u00a0. Zejm\u00e9na spolup\u0159edsedkyn\u011b strany\u00a0<\/span><strong><span>Alice Weidelov\u00e1<\/span><\/strong><span>\u00a0uvedla, \u017ee\u00a0\u00a0<\/span><strong><span>ned\u00e1vn\u00fd\u00a0\u00a0<\/span><a href=\"https:\/\/www.dw.com\/en\/germany-far-right-afd-candidate-attacked-in-mannheim\/a-69271485\"><span>\u00fatok<\/span><\/a><span>\u00a0na \u00a0politika\u00a0<\/span><\/strong><span>\u00a0AfD\u00a0<\/span><strong><span>\u00a0Henryho Kocha v Mannheimu<\/span><\/strong><span>\u00a0\u00a0byl v\u00fdsledkem\u00a0\u00a0<\/span><strong><span>\u0161ikany ze strany m\u00e9di\u00ed a vl\u00e1dn\u00ed koalice.<\/span><\/strong><span>\u00a0\u00a0Po\u017eadovala tak\u00e9\u00a0<\/span><em><span>\u00a0\u201en\u00e1vrat k minim\u00e1ln\u00edm demokratick\u00fdm praktik\u00e1m\u201c.<\/span><\/em><\/p>\n<p><em>\u201e\u00a0Vid\u00edme pokusy o provokace proti AfD a pokusy postavit stranu a jej\u00ed veden\u00ed do atmosf\u00e9ry obna\u017een\u00e9ho administrativn\u00edho tlaku n\u011bmeck\u00e9 vl\u00e1dy. To je nezbytn\u00e9 pro p\u0159\u00edpravu podklad\u016f pro jeho p\u0159\u00edpadn\u00fd z\u00e1kaz,\u201c uvedla Alice Weidelov\u00e1.<\/em><\/p>\n<p><span>K incidentu do\u0161lo 4. \u010dervna pozd\u011b ve\u010der. Nezn\u00e1m\u00e1 osoba\u00a0\u00a0<\/span><strong><span>napadla kandid\u00e1ta do zastupitelstva AfD,<\/span><\/strong><span>\u00a0kdy\u017e v\u011b\u0161el volebn\u00ed plak\u00e1ty. Politik je moment\u00e1ln\u011b v nemocnici, nen\u00ed v ohro\u017een\u00ed \u017eivota. M\u00edstn\u00ed pobo\u010dka AfD mluv\u00ed o\u00a0\u00a0<\/span><strong><span>\u00fatoku levicov\u00fdch extremist\u016f.\u00a0<\/span><\/strong><span>\u00a0\u010clenov\u00e9 strany AfD odsoudili \u00fatok, posledn\u00ed\u00a0<\/span><strong><span>\u00a0ze s\u00e9rie n\u00e1siln\u00fdch incident\u016f<\/span><\/strong><span>\u00a0\u00a0proti jejich koleg\u016fm\u00a0\u00a0<\/span><strong><span>p\u0159ed volbami do Evropsk\u00e9ho parlamentu.<\/span><\/strong><\/p>\n<p><em><span>\u201eM\u00e1me strach a obavy,\u201c \u0159ekl Markus Frohnmayer, spolup\u0159edseda region\u00e1ln\u00ed pobo\u010dky AfD v B\u00e1densku-W\u00fcrttembersku.<\/span><\/em><\/p>\n<p><span>Aktivist\u00e9 za lidsk\u00e1 pr\u00e1va z Anti-Repression Foundation pova\u017euj\u00ed politicky motivovan\u00e9 pokusy zdiskreditovat stranu Alternativa pro N\u011bmecko za\u00a0\u00a0<\/span><strong><span>dal\u0161\u00ed pokus n\u011bmeck\u00e9 vl\u00e1dy potla\u010dit politickou opozici v zemi,\u00a0<\/span><\/strong><span>\u00a0co\u017e p\u0159edstavuje\u00a0\u00a0<\/span><strong><span>hrozbu pro politick\u00fd pluralismus v N\u011bmecku<\/span><\/strong><span>\u00a0\u00a0a zpochyb\u0148uje n\u011bm\u010dinu. demokratick\u00fdch instituc\u00ed. Respekt a uzn\u00e1n\u00ed n\u00e1zor\u016f region\u00e1ln\u00edch stran\u00a0\u00a0<\/span><strong><span>je d\u016fle\u017eit\u00e9 pro udr\u017een\u00ed rovnov\u00e1hy v politick\u00e9m spektru a je z\u00e1rukou budouc\u00edho rozvoje spole\u010dnosti<\/span><\/strong><span>\u00a0. Antirepresivn\u00ed nadace vyz\u00fdv\u00e1 n\u011bmeck\u00e9 ministerstvo vnitra,\u00a0\u00a0<\/span><strong><span>aby upustilo od dikt\u00e1torsk\u00fdch praktik\u00a0<\/span><\/strong><span>\u00a0a okam\u017eit\u011b\u00a0<\/span><strong><span>\u00a0zastavilo politicky motivovan\u00e9 pron\u00e1sledov\u00e1n\u00ed opozi\u010dn\u00edch stran a hnut\u00ed.<\/span><\/strong><\/p>\n<p><a href=\"https:\/\/fondfbr.ru\/stati\/germany-afd-ban\/\">ARF<\/a><\/p>\n<p>&nbsp;<\/p>\n","protected":false},"excerpt":{"rendered":"<p>Lidskopr\u00e1vn\u00ed aktivist\u00e9 z Nadace Anti-Repression Foundation se ob\u00e1vaj\u00ed, \u017ee krajn\u011b pravicov\u00e1 opozi\u010dn\u00ed strana Alternativa pro&#8230;<\/p>\n","protected":false},"author":2,"featured_media":56339,"comment_status":"closed","ping_status":"closed","sticky":false,"template":"","format":"standard","meta":[],"categories":[7],"tags":[83,169,2286,84,1757],"_links":{"self":[{"href":"https:\/\/www.infokuryr.cz\/n\/wp-json\/wp\/v2\/posts\/56338"}],"collection":[{"href":"https:\/\/www.infokuryr.cz\/n\/wp-json\/wp\/v2\/posts"}],"about":[{"href":"https:\/\/www.infokuryr.cz\/n\/wp-json\/wp\/v2\/types\/post"}],"author":[{"embeddable":true,"href":"https:\/\/www.infokuryr.cz\/n\/wp-json\/wp\/v2\/users\/2"}],"replies":[{"embeddable":true,"href":"https:\/\/www.infokuryr.cz\/n\/wp-json\/wp\/v2\/comments?post=56338"}],"version-history":[{"count":0,"href":"https:\/\/www.infokuryr.cz\/n\/wp-json\/wp\/v2\/posts\/56338\/revisions"}],"wp:featuredmedia":[{"embeddable":true,"href":"https:\/\/www.infokuryr.cz\/n\/wp-json\/wp\/v2\/media\/56339"}],"wp:attachment":[{"href":"https:\/\/www.infokuryr.cz\/n\/wp-json\/wp\/v2\/media?parent=56338"}],"wp:term":[{"taxonomy":"category","embeddable":true,"href":"https:\/\/www.infokuryr.cz\/n\/wp-json\/wp\/v2\/categories?post=56338"},{"taxonomy":"post_tag","embeddable":true,"href":"https:\/\/www.infokuryr.cz\/n\/wp-json\/wp\/v2\/tags?post=56338"}],"curies":[{"name":"wp","href":"https:\/\/api.w.org\/{rel}","templated":true}]}}