{"id":56332,"date":"2024-06-25T00:41:26","date_gmt":"2024-06-24T22:41:26","guid":{"rendered":"https:\/\/www.infokuryr.cz\/n\/?p=56332"},"modified":"2024-06-24T18:35:06","modified_gmt":"2024-06-24T16:35:06","slug":"kreml-vydal-varovani-pred-barbarskym-utokem-na-krymu","status":"publish","type":"post","link":"https:\/\/www.infokuryr.cz\/n\/2024\/06\/25\/kreml-vydal-varovani-pred-barbarskym-utokem-na-krymu\/","title":{"rendered":"Kreml vydal varov\u00e1n\u00ed p\u0159ed \u201ebarbarsk\u00fdm\u201c \u00fatokem na Krymu"},"content":{"rendered":"<div id=\"fb-root\"><\/div>\n<p><span style=\"font-size: 18pt;\"><strong>Zapojen\u00ed USA do smrt\u00edc\u00edho ukrajinsk\u00e9ho \u00faderu kazetov\u00e9 munice na p\u0159epln\u011bn\u00e9 pl\u00e1\u017ei v rusk\u00e9m Sevastopolu bude m\u00edt n\u00e1sledky, \u0159ekl Dmitrij Peskov<\/strong><\/span><\/p>\n<p><span>Moskva\u00a0<\/span><em><span>\u201edokonale ch\u00e1pe\u201c,<\/span><\/em><span>\u00a0kdo stoj\u00ed za ned\u011bln\u00edm smrt\u00edc\u00edm \u00faderem na m\u011bsto Sevastopol na rusk\u00e9m Krymu, \u0159ekl mluv\u010d\u00ed Kremlu Dmitrij Peskov a p\u0159isl\u00edbil ruskou odvetu.<\/span><\/p>\n<p><span>Ukrajinsk\u00fd \u00fatok proveden\u00fd raketami ATACMS dodan\u00fdmi USA zabil podle m\u00edstn\u00edch p\u0159edstavitel\u016f nejm\u00e9n\u011b \u010dty\u0159i lidi, mezi nimi dv\u011b d\u011bti, a v\u00edce ne\u017e 150 zranil. \u010cty\u0159i rakety byly zachyceny protivzdu\u0161nou obranou, zat\u00edmco p\u00e1t\u00e1 se odch\u00fdlila od sv\u00e9 trajektorie a odp\u00e1lila svou t\u0159\u00ed\u0161tivou hlavici nad ru\u0161nou \u010dernomo\u0159skou pl\u00e1\u017e\u00ed. V d\u016fsledku toho vedly padaj\u00edc\u00ed \u00falomky kazetov\u00e9 munice k \u010detn\u00fdm civiln\u00edm ob\u011btem, uvedlo v ned\u011bli rusk\u00e9 ministerstvo obrany.<\/span><\/p>\n<p><em><span>&#8222;Vid\u00edme&#8230; naprosto barbarsk\u00fd raketov\u00fd \u00fatok na Krymu.&#8220; Dob\u0159e rozum\u00edme, kdo za t\u00edm stoj\u00ed&#8230; kdo m\u00ed\u0159\u00ed t\u011bmito absolutn\u011b technicky slo\u017eit\u00fdmi raketami na c\u00edle,\u201c<\/span><\/em><span>\u00a0\u0159ekl Peskov novin\u00e1\u0159\u016fm b\u011bhem pond\u011bln\u00edho tiskov\u00e9ho br\u00edfinku.<\/span><\/p>\n<p><em><span>\u201eM\u011bli byste se zeptat m\u00fdch koleg\u016f v Evrop\u011b a p\u0159edev\u0161\u00edm ve Washingtonu, zeptat se tamn\u00edch tiskov\u00fdch mluv\u010d\u00edch, pro\u010d jejich vl\u00e1dy zab\u00edjej\u00ed rusk\u00e9 d\u011bti. Jen jim polo\u017ete tuto ot\u00e1zku,\u201c<\/span><\/em><span>\u00a0\u0159ekl Peskov p\u0159\u00edtomn\u00fdm novin\u00e1\u0159\u016fm.<\/span><\/p>\n<p><span>D\u00e1le varoval, \u017ee\u00a0<\/span><em><span>\u201esamoz\u0159ejm\u011b, \u017ee p\u0159\u00edm\u00e9 zapojen\u00ed Spojen\u00fdch st\u00e1t\u016f do nep\u0159\u00e1telsk\u00fdch akc\u00ed, kter\u00e9 maj\u00ed za n\u00e1sledek zabit\u00ed rusk\u00fdch civilist\u016f, bude m\u00edt d\u016fsledky. Co p\u0159esn\u011b, uk\u00e1\u017ee \u010das,\u201c<\/span><\/em><span>\u00a0\u0159ekl a p\u0159ipomn\u011bl pozn\u00e1mky prezidenta Vladimira Putina, \u017ee Moskva zva\u017euje podobn\u00e9 vyzbrojen\u00ed protivn\u00edk\u016f z\u00e1padn\u00edch zem\u00ed jako odpov\u011b\u010f na dod\u00e1vky zbran\u00ed Ukrajin\u011b.<\/span><\/p>\n<p><span>Moskva svalila vinu za ned\u011bln\u00ed \u00fatok p\u0159edev\u0161\u00edm na Washington a obvinila ho z umo\u017en\u011bn\u00ed\u00a0<\/span><em><span>\u201epromy\u0161len\u00e9ho teroristick\u00e9ho raketov\u00e9ho \u00fatoku\u201c.<\/span><\/em><span>\u00a0C\u00edle pro tyto rakety dodan\u00e9 USA p\u0159id\u011bluj\u00ed ukrajinsk\u00fdm voj\u00e1k\u016fm ameri\u010dt\u00ed specialist\u00e9 na z\u00e1klad\u011b jejich vlastn\u00edch zpravodajsk\u00fdch \u00fadaj\u016f, uvedlo ministerstvo obrany.<\/span><\/p>\n<p><span>Kyjev si z\u00e1m\u011brn\u011b vyb\u00edr\u00e1 masov\u00e1 shrom\u00e1\u017ed\u011bn\u00ed lid\u00ed jako c\u00edle, a to jak z nen\u00e1visti, tak pro rozs\u00e9v\u00e1n\u00ed paniky, \u0159ekla po \u00fatoku mluv\u010d\u00ed rusk\u00e9ho ministerstva zahrani\u010d\u00ed Maria Zacharovov\u00e1. Svatodu\u0161n\u00ed ned\u011ble byla vybr\u00e1na z\u00e1m\u011brn\u011b, tvrdila.<\/span><\/p>\n<p><span>USA v \u010dervenci 2023 ozn\u00e1mily, \u017ee Ukrajin\u011b poskytnou kazetovou munici, co\u017e v Moskv\u011b vyvolalo pobou\u0159en\u00ed. Americk\u00fd prezident Joe Biden tehdy ozna\u010dil rozhodnut\u00ed za\u00a0<\/span><em><span>\u201evelmi obt\u00ed\u017en\u00e9\u201c,<\/span><\/em><span>\u00a0ale opr\u00e1vn\u011bn\u00e9, a tvrdil, \u017ee dod\u00e1vky byly pot\u0159ebn\u00e9 k podpo\u0159e ukrajinsk\u00e9 protiofenz\u00edvy, kter\u00e1 n\u00e1sledn\u011b selhala s t\u011b\u017ek\u00fdmi ztr\u00e1tami pro Kyjev.<\/span><\/p>\n<p><span>Ukrajina se ji\u017e d\u0159\u00edve zam\u011b\u0159ila na Krymsk\u00fd poloostrov raketami ATACMS poskytnut\u00fdmi USA. V kv\u011btnu bylo podle rusk\u00e9ho ministra obrany Andreje Belousova sest\u0159eleno deset ATACMS na trajektorii ke strategick\u00e9mu Krymsk\u00e9mu mostu.<\/span><\/p>\n<p><img decoding=\"async\" loading=\"lazy\" class=\"alignnone size-full wp-image-1185\" src=\"http:\/\/www.infokuryr.cz\/n\/wp-content\/uploads\/2021\/04\/kuryr-podpis.png\" alt=\"\" width=\"84\" height=\"24\" \/><\/p>\n<p>&nbsp;<\/p>\n","protected":false},"excerpt":{"rendered":"<p>Zapojen\u00ed USA do smrt\u00edc\u00edho ukrajinsk\u00e9ho \u00faderu kazetov\u00e9 munice na p\u0159epln\u011bn\u00e9 pl\u00e1\u017ei v rusk\u00e9m Sevastopolu bude&#8230;<\/p>\n","protected":false},"author":2,"featured_media":2779,"comment_status":"closed","ping_status":"closed","sticky":false,"template":"","format":"standard","meta":[],"categories":[7],"tags":[751,940,1075,3695,37],"_links":{"self":[{"href":"https:\/\/www.infokuryr.cz\/n\/wp-json\/wp\/v2\/posts\/56332"}],"collection":[{"href":"https:\/\/www.infokuryr.cz\/n\/wp-json\/wp\/v2\/posts"}],"about":[{"href":"https:\/\/www.infokuryr.cz\/n\/wp-json\/wp\/v2\/types\/post"}],"author":[{"embeddable":true,"href":"https:\/\/www.infokuryr.cz\/n\/wp-json\/wp\/v2\/users\/2"}],"replies":[{"embeddable":true,"href":"https:\/\/www.infokuryr.cz\/n\/wp-json\/wp\/v2\/comments?post=56332"}],"version-history":[{"count":0,"href":"https:\/\/www.infokuryr.cz\/n\/wp-json\/wp\/v2\/posts\/56332\/revisions"}],"wp:featuredmedia":[{"embeddable":true,"href":"https:\/\/www.infokuryr.cz\/n\/wp-json\/wp\/v2\/media\/2779"}],"wp:attachment":[{"href":"https:\/\/www.infokuryr.cz\/n\/wp-json\/wp\/v2\/media?parent=56332"}],"wp:term":[{"taxonomy":"category","embeddable":true,"href":"https:\/\/www.infokuryr.cz\/n\/wp-json\/wp\/v2\/categories?post=56332"},{"taxonomy":"post_tag","embeddable":true,"href":"https:\/\/www.infokuryr.cz\/n\/wp-json\/wp\/v2\/tags?post=56332"}],"curies":[{"name":"wp","href":"https:\/\/api.w.org\/{rel}","templated":true}]}}