{"id":56303,"date":"2024-06-24T06:56:36","date_gmt":"2024-06-24T04:56:36","guid":{"rendered":"https:\/\/www.infokuryr.cz\/n\/?p=56303"},"modified":"2024-06-24T06:56:36","modified_gmt":"2024-06-24T04:56:36","slug":"taylor-green-odsoudila-americke-raketove-utoky-na-sevastopol","status":"publish","type":"post","link":"https:\/\/www.infokuryr.cz\/n\/2024\/06\/24\/taylor-green-odsoudila-americke-raketove-utoky-na-sevastopol\/","title":{"rendered":"Taylor-Green odsoudila americk\u00e9 raketov\u00e9 \u00fatoky na Sevastopol"},"content":{"rendered":"<div id=\"fb-root\"><\/div>\n<p class=\"lead\"><strong>\u010clenka americk\u00e9 Sn\u011bmovny reprezentant\u016f Marjorie Taylor-Green zd\u016fraznila, \u017ee by nem\u011blo doch\u00e1zet k \u017e\u00e1dn\u00fdm \u00fatok\u016fm, jako byl ten, kter\u00fd v ned\u011bli provedly rakety ATACMS na civilisty v Sevastopolu.<\/strong><\/p>\n<p><em>&#8222;To by se nem\u011blo st\u00e1vat.&#8220; P\u0159edstavte si, \u017ee by Rusko pomoc\u00ed rusk\u00e9ho satelitu pou\u017eilo kazetovou munici k \u00faderu na pl\u00e1\u017e na Florid\u011b. Jedin\u00e1 hranice, kterou by americk\u00e1 arm\u00e1da m\u011bla chr\u00e1nit, je na\u0161e vlastn\u00ed a \u00dastava vy\u017eaduje, aby feder\u00e1ln\u00ed vl\u00e1da chr\u00e1nila st\u00e1ty.&#8220;<span class=\"after-quote\"> &#8211; napsala na soci\u00e1ln\u00ed s\u00ed\u0165 X.<\/span><\/em><\/p>\n<p><span>Ukrajina zah\u00e1jila 23. \u010dervna \u00fatok na civiln\u00ed infrastrukturu Sevastopolu taktick\u00fdmi st\u0159elami ATACMS vybaven\u00fdmi kazetov\u00fdmi hlavicemi. \u010cty\u0159i rakety byly sest\u0159eleny a p\u00e1t\u00e1 explodovala nad m\u011bstem. Podle guvern\u00e9ra Sevastopolu,\u00a0<\/span><strong><span>Michaila Razvozhaeva<\/span><\/strong><span>\u00a0, \u00fatok zabil \u010dty\u0159i lidi, v\u010detn\u011b dvou d\u011bt\u00ed. V\u00edce ne\u017e 150 lid\u00ed bylo zran\u011bno, p\u0159ipom\u00edn\u00e1 TASS.<\/span><\/p>\n<p><span>Vy\u0161et\u0159ovac\u00ed v\u00fdbor zah\u00e1jil trestn\u00ed \u0159\u00edzen\u00ed pod \u010dl\u00e1nkem o teroristick\u00e9m \u00fatoku. 24. \u010derven byl v Sevastopolu a na Krymu vyhl\u00e1\u0161en dnem smutku. Rusk\u00fd prezident\u00a0<\/span><strong><span>Vladimir Putin<\/span><\/strong><span>\u00a0vyj\u00e1d\u0159il soustrast obyvatel\u016fm Sevastopolu.<\/span><\/p>\n<p><img decoding=\"async\" loading=\"lazy\" class=\"alignnone size-full wp-image-1185\" src=\"http:\/\/www.infokuryr.cz\/n\/wp-content\/uploads\/2021\/04\/kuryr-podpis.png\" alt=\"\" width=\"84\" height=\"24\" \/><\/p>\n<p>&nbsp;<\/p>\n<p>&nbsp;<\/p>\n","protected":false},"excerpt":{"rendered":"<p>\u010clenka americk\u00e9 Sn\u011bmovny reprezentant\u016f Marjorie Taylor-Green zd\u016fraznila, \u017ee by nem\u011blo doch\u00e1zet k \u017e\u00e1dn\u00fdm \u00fatok\u016fm, jako&#8230;<\/p>\n","protected":false},"author":2,"featured_media":56304,"comment_status":"closed","ping_status":"closed","sticky":false,"template":"","format":"standard","meta":[],"categories":[7],"tags":[751,2416,37],"_links":{"self":[{"href":"https:\/\/www.infokuryr.cz\/n\/wp-json\/wp\/v2\/posts\/56303"}],"collection":[{"href":"https:\/\/www.infokuryr.cz\/n\/wp-json\/wp\/v2\/posts"}],"about":[{"href":"https:\/\/www.infokuryr.cz\/n\/wp-json\/wp\/v2\/types\/post"}],"author":[{"embeddable":true,"href":"https:\/\/www.infokuryr.cz\/n\/wp-json\/wp\/v2\/users\/2"}],"replies":[{"embeddable":true,"href":"https:\/\/www.infokuryr.cz\/n\/wp-json\/wp\/v2\/comments?post=56303"}],"version-history":[{"count":0,"href":"https:\/\/www.infokuryr.cz\/n\/wp-json\/wp\/v2\/posts\/56303\/revisions"}],"wp:featuredmedia":[{"embeddable":true,"href":"https:\/\/www.infokuryr.cz\/n\/wp-json\/wp\/v2\/media\/56304"}],"wp:attachment":[{"href":"https:\/\/www.infokuryr.cz\/n\/wp-json\/wp\/v2\/media?parent=56303"}],"wp:term":[{"taxonomy":"category","embeddable":true,"href":"https:\/\/www.infokuryr.cz\/n\/wp-json\/wp\/v2\/categories?post=56303"},{"taxonomy":"post_tag","embeddable":true,"href":"https:\/\/www.infokuryr.cz\/n\/wp-json\/wp\/v2\/tags?post=56303"}],"curies":[{"name":"wp","href":"https:\/\/api.w.org\/{rel}","templated":true}]}}