{"id":56298,"date":"2024-06-24T06:45:19","date_gmt":"2024-06-24T04:45:19","guid":{"rendered":"https:\/\/www.infokuryr.cz\/n\/?p=56298"},"modified":"2024-06-24T06:45:19","modified_gmt":"2024-06-24T04:45:19","slug":"teroristicke-utoky-v-jiznim-rusku-co-zatim-vime","status":"publish","type":"post","link":"https:\/\/www.infokuryr.cz\/n\/2024\/06\/24\/teroristicke-utoky-v-jiznim-rusku-co-zatim-vime\/","title":{"rendered":"Teroristick\u00e9 \u00fatoky v ji\u017en\u00edm Rusku: Co zat\u00edm v\u00edme"},"content":{"rendered":"<div id=\"fb-root\"><\/div>\n<p><span>Jihorusk\u00fdm regionem Dagest\u00e1n v ned\u011bli ot\u0159\u00e1sla s\u00e9rie smrt\u00edc\u00edch \u00fatok\u016f ve dvou velk\u00fdch m\u011bstech, kter\u00e9 si vy\u017e\u00e1daly \u017eivoty mnoha civilist\u016f a nejm\u00e9n\u011b 15 policist\u016f, proto\u017ee \u00fato\u010dn\u00edci se z\u00e1m\u011brn\u011b zam\u011b\u0159ovali na synagogy a pravoslavn\u00e9 k\u0159es\u0165ansk\u00e9 kostely.<\/span><\/p>\n<h2><span>Kde se to stalo<\/span><\/h2>\n<p><span>Dagest\u00e1n je jedn\u00edm z n\u011bkolika region\u016f s v\u011bt\u0161inou muslim\u016f na rusk\u00e9m severn\u00edm Kavkaze, kter\u00fd se rozkl\u00e1d\u00e1 pod\u00e9l pob\u0159e\u017e\u00ed Kaspick\u00e9ho mo\u0159e. Tragick\u00e9 sc\u00e9ny se odehr\u00e1ly v hlavn\u00edm m\u011bst\u011b regionu Macha\u010dkala a Derbentu, velk\u00e9m m\u011bst\u011b asi 120 km ji\u017en\u011b.<\/span><\/p>\n<h2><span>Derbent \u00fatoky<\/span><\/h2>\n<p><span>B\u011bhem n\u00e1letu na k\u0159es\u0165ansk\u00fd kostel ve m\u011bst\u011b ozbrojenci brut\u00e1ln\u011b zabili jeho arcikn\u011bze, otce Nikolaje Kotelnikova, potvrdili bezpe\u010dnostn\u00ed \u010dinitel\u00e9. Ozbrojenci vtrhli do kostela o svatodu\u0161n\u00ed ned\u011bli po ve\u010dern\u00ed bohoslu\u017eb\u011b a \u00fadajn\u011b 66let\u00e9mu mu\u017ei pod\u0159\u00edzli hrdlo pot\u00e9, co zabili str\u00e1\u017en\u00e9ho.<\/span><\/p>\n<p><span>Synagoga Derbent, kter\u00e1 se stala ter\u010dem \u00fatoku, ned\u00e1vno pos\u00edlila svou bezpe\u010dnost, podle rusk\u00e9ho \u017eidovsk\u00e9ho kongresu, n\u00e1rodn\u00ed n\u00e1bo\u017eensk\u00e9 organizace, byla venku um\u00edst\u011bna policejn\u00ed jednotka a soukrom\u00e1 bezpe\u010dnostn\u00ed str\u00e1\u017e.<\/span><\/p>\n<p><span>Policie a bezpe\u010dnostn\u00ed pracovn\u00edci byli prvn\u00ed, kdo se st\u0159etli s ozbrojenci a byli zabiti \u00fato\u010dn\u00edky, kte\u0159\u00ed vpadli do synagogy asi 40 minut p\u0159ed ve\u010dern\u00ed modlitbou. Terorist\u00e9 pak pou\u017eili k zap\u00e1len\u00ed budovy z\u00e1paln\u00e9 bomby.<\/span><\/p>\n<h2><span>Macha\u010dkala \u00fato\u010d\u00ed<\/span><\/h2>\n<p><span>N\u00e1silnosti v krajsk\u00e9 metropoli z\u0159ejm\u011b za\u010daly razi\u00ed na stanovi\u0161ti dopravn\u00ed policie. Mezi mnoha videi, kter\u00e9 koluj\u00ed online, jedno p\u0159edstavuje skupinu t\u0159\u00ed mu\u017e\u016f. Dva z nich st\u0159\u00edlej\u00ed ze zbran\u00ed, zat\u00edmco t\u0159et\u00ed vypad\u00e1, \u017ee rabuje policejn\u00ed auto.<\/span><\/p>\n<p><span>Okam\u017eit\u011b bylo k dispozici m\u00e1lo potvrzen\u00fdch informac\u00ed o ud\u00e1lostech v Macha\u010dkale. Rusk\u00fd \u017eidovsk\u00fd kongres potvrdil, \u017ee synagoga ve m\u011bst\u011b byla napadena podobn\u00fdm zp\u016fsobem jako v Derbentu.<\/span><\/p>\n<p><span>N\u011bkter\u00e1 m\u00e9dia tvrdila, \u017ee ozbrojenci zajali rukojm\u00ed v k\u0159es\u0165ansk\u00e9m kostele v Macha\u010dkale, ale zpr\u00e1vy pozd\u011bji objasnily, \u017ee se uvnit\u0159 kv\u016fli p\u0159est\u0159elce pobl\u00ed\u017e zabarik\u00e1dovalo p\u0159es tucet lid\u00ed. Podle dagest\u00e1nsk\u00fdch p\u0159edstavitel\u016f nikdy nebyli v nebezpe\u010d\u00ed.<\/span><\/p>\n<h2><strong><span>Protiteroristick\u00e1 operace\u00a0<\/span><\/strong><\/h2>\n<p><span>P\u00e1tr\u00e1n\u00ed v Derbentu trvalo n\u011bkolik hodin. Policejn\u00ed n\u00e1\u010deln\u00edk ze sousedn\u00edho m\u011bsta Dagestanskie Ogni p\u0159ijel na pomoc koleg\u016fm d\u016fstojn\u00edk\u016fm a ozbrojenci ho smrteln\u011b zranili, uvedlo region\u00e1ln\u00ed ministerstvo vnitra.<\/span><\/p>\n<div class=\"rtcode\">\n<div><iframe loading=\"lazy\" id=\"telegram-post-tass_agency-256431\" src=\"https:\/\/t.me\/tass_agency\/256431?embed=1\" width=\"100%\" height=\"\" frameborder=\"0\" scrolling=\"no\" data-mce-fragment=\"1\"><\/iframe><\/div>\n<\/div>\n<p><span>N\u00e1rodn\u00ed protiteroristick\u00fd v\u00fdbor (NAC) prohl\u00e1sil, \u017ee aktivn\u00ed f\u00e1ze operace v Derbentu skon\u010dila kolem 23:00 m\u00edstn\u00edho \u010dasu, co\u017e potvrdilo, \u017ee dva \u00fato\u010dn\u00edci byli neutralizov\u00e1ni.<\/span><\/p>\n<p><span>Protiteroristick\u00e1 operace v Macha\u010dkale od 2:00 m\u00edstn\u00edho \u010dasu st\u00e1le prob\u00edhala a podle guvern\u00e9ra Republiky Dagest\u00e1n Sergeje Melikova byli zabiti nejm\u00e9n\u011b t\u0159i ozbrojenci a \u00fa\u0159ady st\u00e1le hledaj\u00ed mo\u017en\u00e9 komplice.<\/span><\/p>\n<h2><span>Ztr\u00e1ty<\/span><\/h2>\n<p><span>Zpr\u00e1vy o po\u010dtu ob\u011bt\u00ed byly rozporupln\u00e9. \u00da\u0159ady potvrdily nejm\u00e9n\u011b 15 mrtv\u00fdch mezi policisty a\u00a0<\/span><em><span>\u201en\u011bkolik\u201c<\/span><\/em><span>\u00a0civiln\u00edch ob\u011bt\u00ed.<\/span><\/p>\n<p><span>Krajsk\u00e9 ministerstvo vnitra uvedlo, \u017ee do hlavn\u00ed region\u00e1ln\u00ed nemocnice v Macha\u010dkale bylo b\u011bhem dne p\u0159evezeno celkem 16 lid\u00ed, v\u010detn\u011b 13 policist\u016f.<\/span><\/p>\n<h2><span>Pachatel\u00e9<\/span><\/h2>\n<p><span>N\u011bkolik zpr\u00e1v sd\u011blovac\u00edch prost\u0159edk\u016f, kter\u00e9 citovaly policejn\u00ed zdroje, tvrdilo, \u017ee dva z militant\u016f zabit\u00fdch v Macha\u010dkale byli identifikov\u00e1ni jako synov\u00e9 m\u011bstsk\u00e9ho \u0161\u00e9fa. Mu\u017e byl \u00fadajn\u011b zat\u010den a podle tisku pravd\u011bpodobn\u011b p\u0159ijde o pr\u00e1ci. Dal\u0161\u00ed ru\u0161t\u00ed p\u0159edstavitel\u00e9 ozna\u010dili ozbrojence za \u010dleny mezin\u00e1rodn\u00ed teroristick\u00e9 organizace.<\/span><\/p>\n<h2><span>&#8222;\u010e\u00e1belsk\u00fd&#8220; c\u00edl<\/span><\/h2>\n<p><span>Z\u00e1stupci rusk\u00fdch \u017eidovsk\u00fdch, k\u0159es\u0165ansk\u00fdch a muslimsk\u00fdch komunit \u00fatoky na pietn\u00ed m\u00edsta v\u0161eobecn\u011b odsoudili. Dagest\u00e1nsk\u00fd mufti\u00e1t ozna\u010dil takovou brutalitu za protikladnou isl\u00e1mu.<\/span><\/p>\n<p><span>Patriarcha Kirill, hlava rusk\u00e9 pravoslavn\u00e9 c\u00edrkve, nazna\u010dil, \u017ee pachatel\u00e9 se sna\u017eili podn\u00edtit n\u00e1bo\u017eenskou nen\u00e1vist, a nazval tento c\u00edl\u00a0<\/span><em><span>\u201e\u010f\u00e1belsk\u00fdm\u201c<\/span><\/em><span>\u00a0.<\/span><\/p>\n<p><em><span>\u201eMus\u00ed se ud\u011blat v\u0161e, co je v na\u0161ich sil\u00e1ch, aby se zabr\u00e1nilo i mo\u017enosti radikalizace n\u00e1bo\u017eensk\u00e9ho \u017eivota, aby byly vylou\u010deny jak\u00e9koli formy extremismu a etnick\u00e9ho nep\u0159\u00e1telstv\u00ed,\u201c<\/span><\/em><span>\u00a0vyzval.<\/span><\/p>\n<p><img decoding=\"async\" loading=\"lazy\" class=\"alignnone size-full wp-image-1185\" src=\"http:\/\/www.infokuryr.cz\/n\/wp-content\/uploads\/2021\/04\/kuryr-podpis.png\" alt=\"\" width=\"84\" height=\"24\" \/><\/p>\n<p>&nbsp;<\/p>\n","protected":false},"excerpt":{"rendered":"<p>Jihorusk\u00fdm regionem Dagest\u00e1n v ned\u011bli ot\u0159\u00e1sla s\u00e9rie smrt\u00edc\u00edch \u00fatok\u016f ve dvou velk\u00fdch m\u011bstech, kter\u00e9 si&#8230;<\/p>\n","protected":false},"author":2,"featured_media":56299,"comment_status":"closed","ping_status":"closed","sticky":false,"template":"","format":"standard","meta":[],"categories":[7],"tags":[5676,22,2703],"_links":{"self":[{"href":"https:\/\/www.infokuryr.cz\/n\/wp-json\/wp\/v2\/posts\/56298"}],"collection":[{"href":"https:\/\/www.infokuryr.cz\/n\/wp-json\/wp\/v2\/posts"}],"about":[{"href":"https:\/\/www.infokuryr.cz\/n\/wp-json\/wp\/v2\/types\/post"}],"author":[{"embeddable":true,"href":"https:\/\/www.infokuryr.cz\/n\/wp-json\/wp\/v2\/users\/2"}],"replies":[{"embeddable":true,"href":"https:\/\/www.infokuryr.cz\/n\/wp-json\/wp\/v2\/comments?post=56298"}],"version-history":[{"count":0,"href":"https:\/\/www.infokuryr.cz\/n\/wp-json\/wp\/v2\/posts\/56298\/revisions"}],"wp:featuredmedia":[{"embeddable":true,"href":"https:\/\/www.infokuryr.cz\/n\/wp-json\/wp\/v2\/media\/56299"}],"wp:attachment":[{"href":"https:\/\/www.infokuryr.cz\/n\/wp-json\/wp\/v2\/media?parent=56298"}],"wp:term":[{"taxonomy":"category","embeddable":true,"href":"https:\/\/www.infokuryr.cz\/n\/wp-json\/wp\/v2\/categories?post=56298"},{"taxonomy":"post_tag","embeddable":true,"href":"https:\/\/www.infokuryr.cz\/n\/wp-json\/wp\/v2\/tags?post=56298"}],"curies":[{"name":"wp","href":"https:\/\/api.w.org\/{rel}","templated":true}]}}