{"id":56292,"date":"2024-06-24T06:33:15","date_gmt":"2024-06-24T04:33:15","guid":{"rendered":"https:\/\/www.infokuryr.cz\/n\/?p=56292"},"modified":"2024-06-24T06:33:46","modified_gmt":"2024-06-24T04:33:46","slug":"jindrich-kulhavy-opet-utok-na-civilisty","status":"publish","type":"post","link":"https:\/\/www.infokuryr.cz\/n\/2024\/06\/24\/jindrich-kulhavy-opet-utok-na-civilisty\/","title":{"rendered":"Jind\u0159ich Kulhav\u00fd: Op\u011bt \u00fatok na civilisty"},"content":{"rendered":"<div id=\"fb-root\"><\/div>\n<p><span class=\"anotation\">Kyjevsk\u00fd re\u017eim podporovan\u00fd Z\u00e1padem, a j\u00edm tak\u00e9 vyzbrojovan\u00fd, op\u011bt za\u00fato\u010dil na civilisty. Tentokr\u00e1t mezin\u00e1rodn\u011b zak\u00e1zanou kazetovou munic\u00ed z\u00a0americk\u00e9ho zbra\u0148ov\u00e9ho syst\u00e9mu a pod dohledem americk\u00e9ho dronu schopn\u00e9ho lokalizovat m\u00edsto z\u00e1sahu. C\u00edlem byla obsazen\u00e1 pr\u00e1zdninov\u00e1 pl\u00e1\u017e v\u00a0krymsk\u00e9m Sevastopolu. Mezi mrtv\u00fdmi jsou i d\u011bti.<\/span><\/p>\n<div id=\"pagetext\">\n<p>\u00a0 Terorizov\u00e1n\u00ed rusky hovo\u0159\u00edc\u00edch spoluob\u010dan\u016f na v\u00fdchodu Ukrajiny podporovan\u00e9 ukrajinsk\u00fdmi vl\u00e1dami trvalo 8 let do okam\u017eiku, kdy za\u010dala rusk\u00e1 vojensk\u00e1 speci\u00e1ln\u00ed operace. Prob\u00edh\u00e1 ji\u017e dva roky. Do\u0161lo za n\u00ed k\u00a0osvobozen\u00ed Luhanska, Donbasu a dal\u0161\u00edch \u00fazem\u00ed na V\u00fdchodn\u00ed Ukrajin\u011b a p\u0159idaly se tak k\u00a0ji\u017e d\u0159\u00edve zp\u011bt se do Rusk\u00e9 federace navr\u00e1tiv\u0161\u00edmu Krymu. Tento strategick\u00fd polostrov, na kter\u00fd si d\u011blaly z\u00e1lusk Spojen\u00e9 st\u00e1ty, se st\u00e1v\u00e1 st\u00e1le \u010dast\u011bji c\u00edlem \u00fatok\u016f. Ov\u0161em zas\u00e1hnout pl\u00e1\u017e plnou lid\u00ed je dal\u0161\u00ed uk\u00e1zkou bezcharakternosti Zelensk\u00e9ho a jeho party. Pou\u017eit\u00ed kazetov\u00e9 munice na civilisty, nav\u00edc s\u00a0podporou americk\u00e9ho dronu, je hodno skute\u010dn\u011b tvrd\u00e9 odpov\u011bdi. P\u0159ipom\u00edn\u00e1 to vra\u017ed\u011bn\u00ed civilist\u016f v\u00a0Gaze, kter\u00fdm se prezentuje dal\u0161\u00ed ,,kamar\u00e1d\u201c USA Izrael.<\/p>\n<p><a href=\"https:\/\/stranapro.cz\/\"><img decoding=\"async\" loading=\"lazy\" class=\"wp-image-40285 aligncenter\" src=\"http:\/\/www.infokuryr.cz\/n\/wp-content\/uploads\/2023\/11\/11pro-300x79.png\" alt=\"\" width=\"877\" height=\"231\" srcset=\"https:\/\/www.infokuryr.cz\/n\/wp-content\/uploads\/2023\/11\/11pro-300x79.png 300w, https:\/\/www.infokuryr.cz\/n\/wp-content\/uploads\/2023\/11\/11pro.png 363w\" sizes=\"(max-width: 877px) 100vw, 877px\" \/><\/a><\/p>\n<p>P\u0159\u00edznivci liber\u00e1l\u016f a zfanatizovan\u00ed p\u0159\u00edznivci Ukrajiny budou oponovat t\u00edm, \u017ee v\u00e1lku za\u010dali Rusov\u00e9. Jde o naprost\u00e9 nepochopen\u00ed reality i celkov\u00e9 historie st\u00e1vaj\u00edc\u00edho stavu. Cel\u00fd konflikt je d\u016fsledkem snahy posunout NATO zase o po\u0159\u00e1dn\u00fd kus bl\u00ed\u017ee Moskv\u011b, bonusem je pot\u00e9 ukrajinsk\u00e1 \u010dernozem a nerostn\u00e9 bohatstv\u00ed. Omylem Z\u00e1padu je naivn\u00ed p\u0159edstava, \u017ee si to Rusov\u00e9 nechaj\u00ed l\u00edbit a budou se ne\u010dinn\u011b \u010dekat, a\u017e jim z\u00e1padn\u00ed velmoci naporcuj\u00ed jejich kr\u00e1snou a drsnou zemi plnou bohatstv\u00ed. Na nenasytnost z\u00e1padn\u00edch elit doplatili samotn\u00ed Ukrajinci, jejich\u017e ztr\u00e1ty na lidsk\u00fdch i jin\u00fdch zdroj\u00edch jsou obrovsk\u00e9. Pokud se pt\u00e1te, pro\u010d i p\u0159esto pokra\u010duj\u00ed v\u00a0boj\u00edch i p\u0159es kremelskou nab\u00eddku jedn\u00e1n\u00ed o p\u0159eru\u0161en\u00ed boj\u016f, pak odpov\u011bd\u00ed je obrovsk\u00e1 m\u00edra korupce a zpronev\u011bry, k\u00a0\u010demu\u017e exprezident a sou\u010dasn\u00fd uzurp\u00e1tor moci Zelenskyj utr\u00e1cej\u00edc\u00ed miliony dolar\u016f za n\u00e1kupy nemovitost\u00ed v\u00a0zahrani\u010d\u00ed v\u00e1lku pot\u0159ebuje. Po\u010det ob\u011bt\u00ed je mu v\u00a0podstat\u011b ukraden\u00fd, sp\u00ed\u0161e ho tr\u00e1p\u00ed neochota ukrajinsk\u00fdch mu\u017e\u016f za jeho pl\u00e1ny um\u00edrat.<\/p>\n<p>Fanatismus nam\u00ed\u0159en\u00fd proti Rusku dost\u00e1v\u00e1 trhliny. \u010c\u00e1st sv\u011bta u\u017e m\u00e1 dost postaven\u00ed Spojen\u00fdch st\u00e1t\u016f jako\u017eto sv\u011btov\u00e9ho \u010detn\u00edka. Rusov\u00e9 se na sou\u010dasnou situaci p\u0159ipravovali d\u00e9le a dost mo\u017en\u00e1 Z\u00e1pad svou neochotou pod\u0159\u00eddit se p\u0159ekvapili. \u00datoky na civilisty p\u0159ekra\u010duj\u00ed v\u0161echny mo\u017en\u00e9 p\u0159edstavy toho, \u010deho jsou Z\u00e1pad a jejich prodlou\u017een\u00e1 ruka Zelenskyj schopn\u00ed. \u00datok na sevastopolskou pl\u00e1\u017e plnou d\u011bt\u00ed op\u011bt jen ukazuje, jakou zv\u011b\u0159 podporuj\u00ed na\u0161e politick\u00e1 reprezentace, m\u00e9dia, um\u011bleck\u00e1 fronta a proliber\u00e1ln\u00ed voli\u010dsk\u00e1 z\u00e1kladna. U\u017e jim je \u00fapln\u011b jedno, co zp\u016fsobuj\u00ed, jdou si za napln\u011bn\u00edm sv\u00fdch ideologi\u00ed, kapes a za moc\u00ed. Myslete si co chcete, ale toto jedn\u00e1n\u00ed mus\u00ed b\u00fdt potrest\u00e1no.<\/p>\n<p><a href=\"https:\/\/www.inadhled.live\/zajimavosti\/opet-utok-na-civilisty\/\">Jind\u0159ich Kulhav\u00fd<\/a><\/p>\n<p><img decoding=\"async\" loading=\"lazy\" class=\"alignnone size-full wp-image-48136\" src=\"http:\/\/www.infokuryr.cz\/n\/wp-content\/uploads\/2024\/02\/kulhavy-jindrich.jpg\" alt=\"\" width=\"219\" height=\"221\" srcset=\"https:\/\/www.infokuryr.cz\/n\/wp-content\/uploads\/2024\/02\/kulhavy-jindrich.jpg 219w, https:\/\/www.infokuryr.cz\/n\/wp-content\/uploads\/2024\/02\/kulhavy-jindrich-150x150.jpg 150w\" sizes=\"(max-width: 219px) 100vw, 219px\" \/><\/p>\n<p>&nbsp;<\/p>\n<\/div>\n","protected":false},"excerpt":{"rendered":"<p>Kyjevsk\u00fd re\u017eim podporovan\u00fd Z\u00e1padem, a j\u00edm tak\u00e9 vyzbrojovan\u00fd, op\u011bt za\u00fato\u010dil na civilisty. Tentokr\u00e1t mezin\u00e1rodn\u011b zak\u00e1zanou&#8230;<\/p>\n","protected":false},"author":2,"featured_media":56293,"comment_status":"closed","ping_status":"closed","sticky":false,"template":"","format":"standard","meta":[],"categories":[6],"tags":[1503,751,871,1075],"_links":{"self":[{"href":"https:\/\/www.infokuryr.cz\/n\/wp-json\/wp\/v2\/posts\/56292"}],"collection":[{"href":"https:\/\/www.infokuryr.cz\/n\/wp-json\/wp\/v2\/posts"}],"about":[{"href":"https:\/\/www.infokuryr.cz\/n\/wp-json\/wp\/v2\/types\/post"}],"author":[{"embeddable":true,"href":"https:\/\/www.infokuryr.cz\/n\/wp-json\/wp\/v2\/users\/2"}],"replies":[{"embeddable":true,"href":"https:\/\/www.infokuryr.cz\/n\/wp-json\/wp\/v2\/comments?post=56292"}],"version-history":[{"count":0,"href":"https:\/\/www.infokuryr.cz\/n\/wp-json\/wp\/v2\/posts\/56292\/revisions"}],"wp:featuredmedia":[{"embeddable":true,"href":"https:\/\/www.infokuryr.cz\/n\/wp-json\/wp\/v2\/media\/56293"}],"wp:attachment":[{"href":"https:\/\/www.infokuryr.cz\/n\/wp-json\/wp\/v2\/media?parent=56292"}],"wp:term":[{"taxonomy":"category","embeddable":true,"href":"https:\/\/www.infokuryr.cz\/n\/wp-json\/wp\/v2\/categories?post=56292"},{"taxonomy":"post_tag","embeddable":true,"href":"https:\/\/www.infokuryr.cz\/n\/wp-json\/wp\/v2\/tags?post=56292"}],"curies":[{"name":"wp","href":"https:\/\/api.w.org\/{rel}","templated":true}]}}