{"id":56283,"date":"2024-06-24T06:00:56","date_gmt":"2024-06-24T04:00:56","guid":{"rendered":"https:\/\/www.infokuryr.cz\/n\/?p=56283"},"modified":"2024-06-24T06:00:56","modified_gmt":"2024-06-24T04:00:56","slug":"uprchlici-radi-podle-libosti-a-policie-je-jeste-kryje","status":"publish","type":"post","link":"https:\/\/www.infokuryr.cz\/n\/2024\/06\/24\/uprchlici-radi-podle-libosti-a-policie-je-jeste-kryje\/","title":{"rendered":"Uprchl\u00edci \u0159\u00e1d\u00ed podle libosti a policie je je\u0161t\u011b kryje\u2026."},"content":{"rendered":"<div id=\"fb-root\"><\/div>\n<p>Banda barevn\u00fdch\u00a0<strong>uprchl\u00edk\u016f vyzbrojen\u00e1 no\u017ei\u00a0<a href=\"https:\/\/jungefreiheit.de\/politik\/deutschland\/2024\/mannheimer-polizei-verschweigt-messerangriff\/\">za\u00fato\u010dila v n\u011bmeck\u00e9m Mannheimmu na terezi\u00e1nskou nemocnic<\/a>i.\u00a0<\/strong>Zranila recep\u010dn\u00ed a n\u00e1sledn\u011b\u00a0<strong>vtrhla na odd\u011blen\u00ed, kde le\u017eel jin\u00fd uprchl\u00edk, kter\u00e9ho vyt\u00e1hla na ulici a tam ho bodla do b\u0159icha.<\/strong>\u00a0Uprchl\u00edk ale \u00fatok nakonec p\u0159e\u017eil. Prost\u011b\u00a0<strong>takov\u00e9 norm\u00e1ln\u00ed \u0159e\u0161en\u00ed spor\u016f mezi barevn\u00fdmi obohacuj\u00edc\u00edmi uprchl\u00edky v multikulturn\u011b pestr\u00e9m N\u011bmecku.<\/strong><\/p>\n<p>Vrcholem v\u0161eho bylo, kdy\u017e\u00a0<strong>se m\u00edstn\u00ed policie pokusila cel\u00fd incident ututlat p\u0159ed ve\u0159ejnost\u00ed. Nejsp\u00ed\u0161 necht\u011bla kazit p\u011bkn\u00fd obr\u00e1zek integrace a obohacen\u00ed, kter\u00e9 politici a media prezentuj\u00ed ve\u0159ejnosti.<\/strong><\/p>\n<p>N\u011bmecko je p\u0159ed rozvalem a ot\u00e1zkou je, zda se d\u00e1 je\u0161t\u011b islamizaci zabr\u00e1nit. Nejsp\u00ed\u0161 u\u017e ne a \u010ce\u0161i by to m\u011bli vz\u00edt na v\u011bdom\u00ed!<\/p>\n<p><a href=\"https:\/\/ceskavec.com\/2024\/06\/uprchlici-si-v-nemecku-radi-podle-libosti-a-policie-je-jeste-kryje\">A. Fisher<\/a><\/p>\n<p>&nbsp;<\/p>\n","protected":false},"excerpt":{"rendered":"<p>Banda barevn\u00fdch\u00a0uprchl\u00edk\u016f vyzbrojen\u00e1 no\u017ei\u00a0za\u00fato\u010dila v n\u011bmeck\u00e9m Mannheimmu na terezi\u00e1nskou nemocnici.\u00a0Zranila recep\u010dn\u00ed a n\u00e1sledn\u011b\u00a0vtrhla na odd\u011blen\u00ed,&#8230;<\/p>\n","protected":false},"author":2,"featured_media":2052,"comment_status":"closed","ping_status":"closed","sticky":false,"template":"","format":"standard","meta":[],"categories":[7],"tags":[84,86,148],"_links":{"self":[{"href":"https:\/\/www.infokuryr.cz\/n\/wp-json\/wp\/v2\/posts\/56283"}],"collection":[{"href":"https:\/\/www.infokuryr.cz\/n\/wp-json\/wp\/v2\/posts"}],"about":[{"href":"https:\/\/www.infokuryr.cz\/n\/wp-json\/wp\/v2\/types\/post"}],"author":[{"embeddable":true,"href":"https:\/\/www.infokuryr.cz\/n\/wp-json\/wp\/v2\/users\/2"}],"replies":[{"embeddable":true,"href":"https:\/\/www.infokuryr.cz\/n\/wp-json\/wp\/v2\/comments?post=56283"}],"version-history":[{"count":0,"href":"https:\/\/www.infokuryr.cz\/n\/wp-json\/wp\/v2\/posts\/56283\/revisions"}],"wp:featuredmedia":[{"embeddable":true,"href":"https:\/\/www.infokuryr.cz\/n\/wp-json\/wp\/v2\/media\/2052"}],"wp:attachment":[{"href":"https:\/\/www.infokuryr.cz\/n\/wp-json\/wp\/v2\/media?parent=56283"}],"wp:term":[{"taxonomy":"category","embeddable":true,"href":"https:\/\/www.infokuryr.cz\/n\/wp-json\/wp\/v2\/categories?post=56283"},{"taxonomy":"post_tag","embeddable":true,"href":"https:\/\/www.infokuryr.cz\/n\/wp-json\/wp\/v2\/tags?post=56283"}],"curies":[{"name":"wp","href":"https:\/\/api.w.org\/{rel}","templated":true}]}}