{"id":56281,"date":"2024-06-24T05:59:16","date_gmt":"2024-06-24T03:59:16","guid":{"rendered":"https:\/\/www.infokuryr.cz\/n\/?p=56281"},"modified":"2024-06-24T05:59:16","modified_gmt":"2024-06-24T03:59:16","slug":"proti-belossky-rasismus-uz-zni-i-z-nejvyssich-nemeckych-politickych-kruhu","status":"publish","type":"post","link":"https:\/\/www.infokuryr.cz\/n\/2024\/06\/24\/proti-belossky-rasismus-uz-zni-i-z-nejvyssich-nemeckych-politickych-kruhu\/","title":{"rendered":"Proti b\u011blo\u0161sk\u00fd rasismus u\u017e zn\u00ed i z nejvy\u0161\u0161\u00edch n\u011bmeck\u00fdch politick\u00fdch kruh\u016f"},"content":{"rendered":"<div id=\"fb-root\"><\/div>\n<h2 class=\"entry-title\">Jak jsou na tom \u010ce\u0161i?<\/h2>\n<p>Otev\u0159en\u00e1 nen\u00e1vist k b\u00edl\u00fdm N\u011bmc\u016fm u\u017e zn\u00ed otev\u0159en\u011b i z nejvy\u0161\u0161\u00edch n\u011bmeck\u00fdch politick\u00fdch kruh\u016f. M\u00edstop\u0159edsedkyn\u011b Bundestagu Katrin G\u00f6ring-Eckardtov\u00e1 (Zelen\u00ed) se <a href=\"https:\/\/jungefreiheit.de\/politik\/deutschland\/2024\/goering-eckardt-sorgt-mit-rassistischer-entgleisung-gegen-weisse-fuer-empoerung\/\">p\u0159ipojila ke koment\u00e1\u0159\u016fm<\/a>\u00a0prob\u00edhaj\u00edc\u00edho fotbalov\u00e9ho \u0161ampion\u00e1tu.\u00a0<strong>Podle n\u00ed je \u00fa\u017easn\u00e9, \u017ee v n\u011bmeck\u00e9m mu\u017estvu je hodn\u011b cizinc\u016f. Podle n\u00ed by bylo stra\u0161n\u00e9, kdyby tam byli pouze b\u011blo\u0161i,<\/strong><\/p>\n<p>Je to jeden z mnoha\u00a0<strong>\u00fatok\u016f sou\u010dasn\u00fdch n\u011bmeck\u00fdch \u201eelit\u201c proti vlastn\u00ed zemi a n\u00e1rodu<\/strong>. Jejich panstvo z \u0159ad glob\u00e1ln\u00ed finan\u010dn\u00ed oligarchie jim ulo\u017eilo tot\u00e1ln\u00ed likvidaci b\u00edl\u00e9ho N\u011bmecka a oni se sna\u017e\u00ed \u00fakol ze v\u0161ech sil splnit.<\/p>\n<p>Zaj\u00edmav\u00e9 je, \u017ee n\u011bmeck\u00e9 fotbalov\u00e9 mu\u017estvo z\u00edskalo titul mistra sv\u011bta\u00a0<strong>v letech 1954, 1974 a 1990 pouze s \u010dist\u011b b\u011blo\u0161sk\u00fdm mu\u017estvem.<\/strong>\u00a0V roce 2014 bylo v\u00edt\u011bzn\u00e9 n\u011bmeck\u00e9 mu\u017estvo tak\u00e9 krom\u011b jednoho kl\u00ed\u010dov\u00e9ho z\u00e1lo\u017en\u00edka (S. Kadira) a obr\u00e1nce (A. Boateng) dominantn\u011b b\u00edl\u00e9.<strong>\u00a0Zato v roce 2022 v Kataru u\u017e bylo mu\u017estvo spr\u00e1vn\u011b multikulturn\u00ed a hodnotov\u011b orientovan\u00e9 (propagace gay agendy) a vypadlo hned v z\u00e1kladn\u00ed skupin\u011b.<\/strong><\/p>\n<p>J<strong>ak\u00fd maj\u00ed vztah k \u010desk\u00e9mu n\u00e1rodu sou\u010dasn\u00e9 politick\u00e9 \u201eelity\u201c v \u010cesku? Bohu\u017eel velmi podobn\u00fd t\u011bm z\u00e1padn\u00edm pro n\u011b je Izraelec pota\u017emo Ukrajinec, nebo Vietnamec mnoh\u00e9 d\u016fle\u017eit\u011bj\u0161\u00ed ne\u017e \u010desk\u00fd n\u00e1rod, kter\u00fd je \u017eiv\u00ed<\/strong>. \u010c\u00e1ste\u010dn\u011b je to t\u00edm, \u017ee\u00a0<strong>\u010d\u00e1st z nich nejsou \u010ce\u0161i a tak prost\u011b t\u00edhnou ke sv\u00fdm a ti porou\u010d\u00ed t\u00e9 druh\u00e9 \u010d\u00e1sti, kter\u00e1 se jim proti\u010desk\u00fdm rasismem chce zal\u00edbit.\u00a0<\/strong>Je to klasick\u00fd parazitismus, kdy se ciz\u00ed elity zmocn\u00ed vl\u00e1dy nad zem\u00ed a v\u016fbec jim nevad\u00ed, \u017ee j\u00ed zni\u010d\u00ed.\u00a0<strong>Je to chov\u00e1n\u00ed, kter\u00e9 je pro n\u011b typick\u00e9 u\u017e stovky let a \u010ce\u0161i by ho m\u011bli vz\u00edt na v\u011bdom\u00ed.<\/strong>\u00a0Jinak je ten parazit zahub\u00ed.<\/p>\n<p><a href=\"https:\/\/ceskavec.com\/2024\/06\/proti-belossky-rasismus-uz-zni-i-z-nejvyssich-nemeckych-politickych-kruhu-jak-jsou-na-tom-cesi\">Aroon G.<\/a><\/p>\n<p>&nbsp;<\/p>\n<p>&nbsp;<\/p>\n","protected":false},"excerpt":{"rendered":"<p>Jak jsou na tom \u010ce\u0161i? Otev\u0159en\u00e1 nen\u00e1vist k b\u00edl\u00fdm N\u011bmc\u016fm u\u017e zn\u00ed otev\u0159en\u011b i z&#8230;<\/p>\n","protected":false},"author":2,"featured_media":56282,"comment_status":"closed","ping_status":"closed","sticky":false,"template":"","format":"standard","meta":[],"categories":[7],"tags":[3031,119,1503,84],"_links":{"self":[{"href":"https:\/\/www.infokuryr.cz\/n\/wp-json\/wp\/v2\/posts\/56281"}],"collection":[{"href":"https:\/\/www.infokuryr.cz\/n\/wp-json\/wp\/v2\/posts"}],"about":[{"href":"https:\/\/www.infokuryr.cz\/n\/wp-json\/wp\/v2\/types\/post"}],"author":[{"embeddable":true,"href":"https:\/\/www.infokuryr.cz\/n\/wp-json\/wp\/v2\/users\/2"}],"replies":[{"embeddable":true,"href":"https:\/\/www.infokuryr.cz\/n\/wp-json\/wp\/v2\/comments?post=56281"}],"version-history":[{"count":0,"href":"https:\/\/www.infokuryr.cz\/n\/wp-json\/wp\/v2\/posts\/56281\/revisions"}],"wp:featuredmedia":[{"embeddable":true,"href":"https:\/\/www.infokuryr.cz\/n\/wp-json\/wp\/v2\/media\/56282"}],"wp:attachment":[{"href":"https:\/\/www.infokuryr.cz\/n\/wp-json\/wp\/v2\/media?parent=56281"}],"wp:term":[{"taxonomy":"category","embeddable":true,"href":"https:\/\/www.infokuryr.cz\/n\/wp-json\/wp\/v2\/categories?post=56281"},{"taxonomy":"post_tag","embeddable":true,"href":"https:\/\/www.infokuryr.cz\/n\/wp-json\/wp\/v2\/tags?post=56281"}],"curies":[{"name":"wp","href":"https:\/\/api.w.org\/{rel}","templated":true}]}}