{"id":56279,"date":"2024-06-24T00:34:56","date_gmt":"2024-06-23T22:34:56","guid":{"rendered":"https:\/\/www.infokuryr.cz\/n\/?p=56279"},"modified":"2024-06-23T23:34:18","modified_gmt":"2024-06-23T21:34:18","slug":"kadyrov-slibil-ukrajinskym-ozbrojencum-odplatu-za-utok-na-sevastopol","status":"publish","type":"post","link":"https:\/\/www.infokuryr.cz\/n\/2024\/06\/24\/kadyrov-slibil-ukrajinskym-ozbrojencum-odplatu-za-utok-na-sevastopol\/","title":{"rendered":"Kadyrov sl\u00edbil ukrajinsk\u00fdm ozbrojenc\u016fm odplatu za \u00fatok na Sevastopol"},"content":{"rendered":"<div id=\"fb-root\"><\/div>\n<p class=\"lead\"><strong>Ukrajin\u0161t\u00ed ozbrojenci za\u00fato\u010dili raketami ATACMS na civiln\u00ed infrastrukturu v Sevastopolu. Ukrajin\u0161t\u00ed ozbrojenci sp\u00e1chali tento ohavn\u00fd teroristick\u00fd \u010din proti civilist\u016fm, \u0159ekl \u0161\u00e9f \u010ce\u010denska Ramzan Kadyrov.<\/strong><\/p>\n<p><em>\u201eM\u00edsto toho, aby se uk\u00e1zali na boji\u0161ti, jako v\u017edy rad\u011bji nemilosrdn\u011b bombarduj\u00ed, prol\u00e9vaj\u00ed krev nevinn\u00fdch lid\u00ed, a p\u0159itom maj\u00ed p\u0159\u00edmo pod nosem rozlehlou frontovou linii, kde je skute\u010dn\u00fd nep\u0159\u00edtel schopn\u00fd se br\u00e1nit a bojovat. zadn\u00ed,&#8220;<span class=\"after-quote\"> &#8211; zd\u016fraznil Kadyrov..<\/span><\/em><\/p>\n<p><em>Takov\u00e9 teroristick\u00e9 akce podle n\u011bj jen zd\u016fraz\u0148uj\u00ed svou podstatu jako otev\u0159en\u011b gangstersk\u00e1, zbab\u011bl\u00e1 a podl\u00e1 formace.<\/em><\/p>\n<p><em>&#8222;Jsem p\u0159esv\u011bd\u010den, \u017ee odplata za tyto monstr\u00f3zn\u00ed zlo\u010diny kyjevsk\u00e9ho re\u017eimu p\u0159ijde velmi brzy,&#8220;<span class=\"after-quote\">\u00a0&#8211; \u0159ekl \u0161\u00e9f \u010ce\u010denska.<\/span><\/em><\/p>\n<p><span>\u2800<\/span><span>Jm\u00e9nem \u010de\u010densk\u00e9ho lidu i jm\u00e9nem sv\u00fdm vyjad\u0159uji svou nejhlub\u0161\u00ed soustrast rodin\u00e1m a p\u0159\u00edbuzn\u00fdm t\u011bch, kte\u0159\u00ed byli zabiti v d\u016fsledku ohavn\u00e9ho zlo\u010dinu. Zran\u011bn\u00fdm p\u0159eji brzk\u00e9 uzdraven\u00ed.<\/span><\/p>\n<p><img decoding=\"async\" loading=\"lazy\" class=\"alignnone size-full wp-image-1185\" src=\"http:\/\/www.infokuryr.cz\/n\/wp-content\/uploads\/2021\/04\/kuryr-podpis.png\" alt=\"\" width=\"84\" height=\"24\" \/><\/p>\n<p>&nbsp;<\/p>\n<p>&nbsp;<\/p>\n","protected":false},"excerpt":{"rendered":"<p>Ukrajin\u0161t\u00ed ozbrojenci za\u00fato\u010dili raketami ATACMS na civiln\u00ed infrastrukturu v Sevastopolu. Ukrajin\u0161t\u00ed ozbrojenci sp\u00e1chali tento ohavn\u00fd&#8230;<\/p>\n","protected":false},"author":2,"featured_media":20480,"comment_status":"closed","ping_status":"closed","sticky":false,"template":"","format":"standard","meta":[],"categories":[7],"tags":[7492,811,26],"_links":{"self":[{"href":"https:\/\/www.infokuryr.cz\/n\/wp-json\/wp\/v2\/posts\/56279"}],"collection":[{"href":"https:\/\/www.infokuryr.cz\/n\/wp-json\/wp\/v2\/posts"}],"about":[{"href":"https:\/\/www.infokuryr.cz\/n\/wp-json\/wp\/v2\/types\/post"}],"author":[{"embeddable":true,"href":"https:\/\/www.infokuryr.cz\/n\/wp-json\/wp\/v2\/users\/2"}],"replies":[{"embeddable":true,"href":"https:\/\/www.infokuryr.cz\/n\/wp-json\/wp\/v2\/comments?post=56279"}],"version-history":[{"count":0,"href":"https:\/\/www.infokuryr.cz\/n\/wp-json\/wp\/v2\/posts\/56279\/revisions"}],"wp:featuredmedia":[{"embeddable":true,"href":"https:\/\/www.infokuryr.cz\/n\/wp-json\/wp\/v2\/media\/20480"}],"wp:attachment":[{"href":"https:\/\/www.infokuryr.cz\/n\/wp-json\/wp\/v2\/media?parent=56279"}],"wp:term":[{"taxonomy":"category","embeddable":true,"href":"https:\/\/www.infokuryr.cz\/n\/wp-json\/wp\/v2\/categories?post=56279"},{"taxonomy":"post_tag","embeddable":true,"href":"https:\/\/www.infokuryr.cz\/n\/wp-json\/wp\/v2\/tags?post=56279"}],"curies":[{"name":"wp","href":"https:\/\/api.w.org\/{rel}","templated":true}]}}