{"id":56276,"date":"2024-06-24T00:32:39","date_gmt":"2024-06-23T22:32:39","guid":{"rendered":"https:\/\/www.infokuryr.cz\/n\/?p=56276"},"modified":"2024-06-23T23:23:48","modified_gmt":"2024-06-23T21:23:48","slug":"v-jiznim-rusku-brutalne-zavrazden-ortodoxni-knez","status":"publish","type":"post","link":"https:\/\/www.infokuryr.cz\/n\/2024\/06\/24\/v-jiznim-rusku-brutalne-zavrazden-ortodoxni-knez\/","title":{"rendered":"V ji\u017en\u00edm Rusku  brut\u00e1ln\u011b zavra\u017ed\u011bn ortodoxn\u00ed kn\u011bz"},"content":{"rendered":"<div id=\"fb-root\"><\/div>\n<p><span style=\"font-size: 18pt;\"><strong>\u00dato\u010dn\u00edci vnikli do kostela a podle m\u00edstn\u00edch \u00fa\u0159ad\u016f zabili otce Nikolaje Kotelnikova a m\u00edstn\u00ed ochranku<\/strong><\/span><\/p>\n<p><span>Pravoslavn\u00fd kn\u011bz byl brut\u00e1ln\u011b zavra\u017ed\u011bn pot\u00e9, co byly v ned\u011bli v ji\u017en\u00edm rusk\u00e9m Dagest\u00e1nu napadeny dva kostely a synagoga, uvedla mluv\u010d\u00ed ministerstva vnitra Gayana Garievov\u00e1.\u00a0<\/span><\/p>\n<p><span>\u00dato\u010dn\u00edci se \u00fadajn\u011b vloupali do pravoslavn\u00e9ho kostela ve m\u011bst\u011b Derbent a pod\u0159\u00edzli mu hrdlo arcikn\u011bze, otce Nikolaje Kotelnikova, \u0160amila Khadulajeva, \u0161\u00e9fa region\u00e1ln\u00edho v\u00fdboru pro ve\u0159ejn\u00fd dohled, kter\u00fd dohl\u00ed\u017e\u00ed na dodr\u017eov\u00e1n\u00ed lidsk\u00fdch pr\u00e1v ve v\u011bznic\u00edch. na sv\u00e9m kan\u00e1lu Telegram.\u00a0<\/span><\/p>\n<p><span>\u00dato\u010dn\u00edci zast\u0159elili ochranku jm\u00e9nem Michail, kter\u00fd pracoval v kostele. Mu\u017e byl podle Khadulaeva ozbrojen pouze plynovou pistol\u00ed. Dal\u0161\u00ed duchovn\u00ed se zamkli v kostele a \u010dekaj\u00ed na pomoc, dodal. \u00a0<\/span><\/p>\n<p><span>Terorist\u00e9 za\u00fato\u010dili na kostel o svatodu\u0161n\u00ed ned\u011bli, bezprost\u0159edn\u011b po ve\u010dern\u00ed bohoslu\u017eb\u011b a kr\u00e1tce p\u0159ed uzav\u0159en\u00edm kostela.\u00a0<\/span><\/p>\n<p><span>Zabit\u00e9mu kn\u011bzi bylo podle Khadulaeva 66 let a byl v\u00e1\u017en\u011b nemocn\u00fd. V 80. letech 20. stolet\u00ed byl otec Nikolay pov\u011b\u0159en z jihorusk\u00e9ho m\u011bsta Stavropol do Dagest\u00e1nu a slou\u017eil v Derbentov\u011b kostele na p\u0159\u00edmluvu Panny Marie. Podle zpr\u00e1v m\u00edstn\u00edch m\u00e9di\u00ed tam slou\u017eil celkem 40 let a m\u011bl man\u017eelku, t\u0159i d\u011bti a vnou\u010data.\u00a0 \u00a0<\/span><\/p>\n<p><span>Kn\u011bz se tak\u00e9 \u00fadajn\u011b \u00fa\u010dastnil ob\u0159adu doru\u010dov\u00e1n\u00ed \u201aSvat\u00e9ho ohn\u011b\u2018 z Jeruzal\u00e9ma do Ruska.<\/span><\/p>\n<p><img decoding=\"async\" loading=\"lazy\" class=\"alignnone size-full wp-image-1185\" src=\"http:\/\/www.infokuryr.cz\/n\/wp-content\/uploads\/2021\/04\/kuryr-podpis.png\" alt=\"\" width=\"84\" height=\"24\" \/><\/p>\n<p>&nbsp;<\/p>\n","protected":false},"excerpt":{"rendered":"<p>\u00dato\u010dn\u00edci vnikli do kostela a podle m\u00edstn\u00edch \u00fa\u0159ad\u016f zabili otce Nikolaje Kotelnikova a m\u00edstn\u00ed ochranku&#8230;<\/p>\n","protected":false},"author":2,"featured_media":56277,"comment_status":"closed","ping_status":"closed","sticky":false,"template":"","format":"standard","meta":[],"categories":[7],"tags":[4764,184],"_links":{"self":[{"href":"https:\/\/www.infokuryr.cz\/n\/wp-json\/wp\/v2\/posts\/56276"}],"collection":[{"href":"https:\/\/www.infokuryr.cz\/n\/wp-json\/wp\/v2\/posts"}],"about":[{"href":"https:\/\/www.infokuryr.cz\/n\/wp-json\/wp\/v2\/types\/post"}],"author":[{"embeddable":true,"href":"https:\/\/www.infokuryr.cz\/n\/wp-json\/wp\/v2\/users\/2"}],"replies":[{"embeddable":true,"href":"https:\/\/www.infokuryr.cz\/n\/wp-json\/wp\/v2\/comments?post=56276"}],"version-history":[{"count":0,"href":"https:\/\/www.infokuryr.cz\/n\/wp-json\/wp\/v2\/posts\/56276\/revisions"}],"wp:featuredmedia":[{"embeddable":true,"href":"https:\/\/www.infokuryr.cz\/n\/wp-json\/wp\/v2\/media\/56277"}],"wp:attachment":[{"href":"https:\/\/www.infokuryr.cz\/n\/wp-json\/wp\/v2\/media?parent=56276"}],"wp:term":[{"taxonomy":"category","embeddable":true,"href":"https:\/\/www.infokuryr.cz\/n\/wp-json\/wp\/v2\/categories?post=56276"},{"taxonomy":"post_tag","embeddable":true,"href":"https:\/\/www.infokuryr.cz\/n\/wp-json\/wp\/v2\/tags?post=56276"}],"curies":[{"name":"wp","href":"https:\/\/api.w.org\/{rel}","templated":true}]}}