{"id":56272,"date":"2024-06-24T00:31:29","date_gmt":"2024-06-23T22:31:29","guid":{"rendered":"https:\/\/www.infokuryr.cz\/n\/?p=56272"},"modified":"2024-06-23T23:08:40","modified_gmt":"2024-06-23T21:08:40","slug":"az-prijde-cas-podam-si-ruku-s-putinem-a-budeme-spolu-mluvit-o-miru","status":"publish","type":"post","link":"https:\/\/www.infokuryr.cz\/n\/2024\/06\/24\/az-prijde-cas-podam-si-ruku-s-putinem-a-budeme-spolu-mluvit-o-miru\/","title":{"rendered":"A\u017e p\u0159ijde \u010das, pod\u00e1m si ruku s Putinem a budeme spolu mluvit o m\u00edru!"},"content":{"rendered":"<div id=\"fb-root\"><\/div>\n<h4>A\u017e p\u0159ijde \u010das, pod\u00e1m si ruku s Putinem a budeme spolu mluvit o m\u00edru! Alexej Arestovi\u010d ozn\u00e1mil kandidaturu na prezidenta a prohl\u00e1sil, \u017ee je t\u0159eba rusk\u00e9ho prezidenta nevn\u00edmat jako nep\u0159\u00edtele, ale d\u00edvat se na n\u011bj sp\u00ed\u0161 jen jako na protivn\u00edka! Podle rusk\u00fdch novin\u00e1\u0159\u016f je Arestovi\u010d \u201cn\u00e1hradn\u00edk\u201d a m\u016f\u017ee to p\u0159edznamen\u00e1vat bl\u00edzk\u00fd konec Zelensk\u00e9ho!<\/h4>\n<p>Nejv\u011bt\u0161\u00edm probl\u00e9mem na Ukrajin\u011b u\u017e podle v\u0161eho nen\u00ed nedostatek munice, ani nedostatek voj\u00e1k\u016f, ale chyb\u011bj\u00edc\u00ed legitimn\u00ed prezident. Od 20. kv\u011btna tohoto roku ji\u017e nem\u00e1 Ukrajina legitimn\u00edho prezidenta, ale ukrajinsk\u00fd parlament v rozporu s \u00dastavou ponech\u00e1v\u00e1 u moci Volodymyra Zelensk\u00e9ho, a to na z\u00e1klad\u011b usnesen\u00ed poslanc\u016f. V dob\u011b v\u00e1le\u010dn\u00e9ho stavu z\u016fst\u00e1vaj\u00ed ve funkc\u00edch na Ukrajin\u011b st\u00e1tn\u00ed \u00fa\u0159edn\u00edci a rovn\u011b\u017e starostov\u00e9, kter\u00fdm se prodlu\u017euje mand\u00e1t po dobu v\u00e1le\u010dn\u00e9ho stavu.<\/p>\n<p>Probl\u00e9m je v tom, \u017ee ukrajinsk\u00fd z\u00e1kon o mobilizaci a o v\u00e1le\u010dn\u00e9m stavu nijak neupravuje funkci prezidenta, kter\u00fd je volen pouze a jedin\u011b podle \u00fastavn\u00edho z\u00e1kona. A ke zm\u011bn\u011b \u00dastavy nen\u00ed v ukrajinsk\u00e9m parlamentu dostatek hlas\u016f. Zelensk\u00fd tak ji\u017e nen\u00ed prezidentem, ale po 20. kv\u011btnu se dr\u017e\u00ed u moci na z\u00e1klad\u011b usnesen\u00ed parlamentu. Tim se ze Zelensk\u00e9ho stal dikt\u00e1tor, kter\u00e9ho u moci dr\u017e\u00ed bez voleb parlament. V podstat\u011b tedy do\u0161lo v Kyjev\u011b k pal\u00e1cov\u00e9mu pu\u010di, kdy parlament uchv\u00e1til moc od ob\u010dan\u016f, kter\u00fdm byly odep\u0159eny volby prezidenta.<\/p>\n<div class=\"bigPlayUI ctp\"><\/div>\n<div><div class='videoWrapper'>\r\n\t            <iframe src='https:\/\/rumble.com\/embed\/pj.v50xckv\/' frameborder='0' allowfullscreen><\/iframe>\r\n\t        <\/div><\/div>\n<p>&nbsp;<\/p>\n<p>A v takov\u00e9m okam\u017eiku je jasn\u00e9, \u017ee prezident u\u017e nen\u00ed prezidentem, ale pouh\u00fdm dikt\u00e1torem, kter\u00fd dlouho u moci nevydr\u017e\u00ed, proto\u017ee vl\u00e1dnut\u00ed zemi z pozice prezidenta, kter\u00fd je u moci bez mand\u00e1tu lidu, je dlouhodob\u011b neudr\u017eiteln\u00e9.\u00a0<strong>Nen\u00ed proto divu, \u017ee se znovu aktivizoval Alexej Arestovi\u010d jako b\u00fdval\u00fd Zelensk\u00e9ho poradce a ozn\u00e1mil, \u017ee kandiduje na prezidenta a chce jednat s Putinem o m\u00edru.<\/strong>\u00a0Dokonce by si sn\u00edm podal ruku a usm\u00e1l by se. Tento krok mnoh\u00e9 p\u0159ekvapil, co t\u00edm vlastn\u011b Arestovi\u010d sleduje, kdy\u017e p\u0159ece v\u00ed, \u017ee na Ukrajin\u011b byly volby prezidenta zru\u0161eny.<\/p>\n<h6><span style=\"font-size: 18pt;\">Konec Zelensk\u00e9ho p\u0159ijde jako d\u00fdka do zad od z\u00e1padn\u00edch kur\u00e1tor\u016f. Jeho n\u00e1hradn\u00edk je ji\u017e p\u0159edstaven<\/span><\/h6>\n<p>Arestovi\u010d na to reagoval slovy, \u017ee chce, aby lid\u00e9 v\u011bd\u011bli, \u017ee kandiduje, a jestli volby budou nebo nebudou, to pr\u00fd te\u010f nen\u00ed d\u016fle\u017eit\u00e9. Podle rusk\u00fdch novin\u00e1\u0159\u016f to ale nen\u00ed medi\u00e1ln\u00ed akrobacie zb\u016fhdarma jen tak pro nic za nic, ale m\u016f\u017ee to znamenat brzk\u00fd konec Zelensk\u00e9ho na Bankov\u00e9 ulici, kdy dojde k urychlen\u00e9mu hled\u00e1n\u00ed nov\u00e9ho a do\u010dasn\u00e9ho prezidenta.<\/p>\n<p>Do\u010dasn\u00e9ho proto, \u017ee ani v p\u0159\u00edpad\u011b sesazen\u00ed Zelensk\u00e9ho se neo\u010dek\u00e1v\u00e1, \u017ee by s\u00edly, kter\u00e9 za odstaven\u00edm \u0147ucha\u010denka budou st\u00e1t, cht\u011bly okam\u017eit\u011b uspo\u0159\u00e1dat volby prezidenta.\u00a0<strong>Bude se hledat tzv.\u00a0<em>do\u010dasn\u00fd prezident Ukrajiny<\/em>, kter\u00fd bude m\u00edt za \u00fakol dov\u00e9st Ukrajinu ke konci v\u00e1lky<\/strong>, a teprve pot\u00e9 bude \u010das na n\u011bjak\u00e9 p\u0159edvolebn\u00ed kampan\u011b a lidov\u00e9 hlasov\u00e1n\u00ed o nov\u00e9m prezidentovi.<\/p>\n<figure id=\"attachment_59659\" class=\"wp-caption aligncenter\" style=\"width: 703px;\"><a href=\"https:\/\/aeronet.news\/wp-content\/uploads\/AvdejevkaZelenskySelfie.jpg\"><img decoding=\"async\" loading=\"lazy\" class=\"wp-image-59659 \" src=\"https:\/\/aeronet.news\/wp-content\/uploads\/AvdejevkaZelenskySelfie-1024x689.jpg\" sizes=\"(max-width: 700px) 100vw, 700px\" srcset=\"https:\/\/aeronet.news\/wp-content\/uploads\/AvdejevkaZelenskySelfie-1024x689.jpg 1024w, https:\/\/aeronet.news\/wp-content\/uploads\/AvdejevkaZelenskySelfie-300x202.jpg 300w, https:\/\/aeronet.news\/wp-content\/uploads\/AvdejevkaZelenskySelfie-768x517.jpg 768w, https:\/\/aeronet.news\/wp-content\/uploads\/AvdejevkaZelenskySelfie-700x471.jpg 700w, https:\/\/aeronet.news\/wp-content\/uploads\/AvdejevkaZelenskySelfie-531x357.jpg 531w, https:\/\/aeronet.news\/wp-content\/uploads\/AvdejevkaZelenskySelfie-718x483.jpg 718w, https:\/\/aeronet.news\/wp-content\/uploads\/AvdejevkaZelenskySelfie.jpg 1280w\" alt=\"\" width=\"703\" height=\"473\" \/><\/a><figcaption class=\"wp-caption-text\">Dva t\u00fddny p\u0159ed p\u00e1dem Avd\u011bjevky si Zelensk\u00fd po\u0159\u00eddil selfie na z\u00e1padn\u00edm vjezdu do m\u011bsta<\/figcaption><\/figure>\n<p>V tomto ohledu to skute\u010dn\u011b vypad\u00e1, \u017ee Arestovi\u010d pr\u00e1v\u011b zah\u00e1jil kampa\u0148 jako kandid\u00e1t, kter\u00e9ho vybere nov\u00e1 vl\u00e1da Donalda Trumpa po listopadov\u00fdch volb\u00e1ch v USA do funkce do\u010dasn\u00e9ho prezidenta Ukrajiny. Nikdo z ostatn\u00edch kandid\u00e1t\u016f neprov\u00e1d\u00ed tyto konceptu\u00e1ln\u00ed procesy a p\u0159\u00edpravy, kter\u00e9 prov\u00e1d\u00ed Arestovi\u010d.<\/p>\n<p><strong>Profiluje se toti\u017e jako\u00a0<em>naprogramovan\u00fd\u00a0kandid\u00e1t<\/em>\u00a0pro dnes naprosto nep\u0159edstavitelnou a d\u011bsivou roli ukrajinsk\u00e9ho prezidenta vyjedn\u00e1vaj\u00edc\u00edho s rusk\u00fdm prezidentem Vladimirem Putinem.<\/strong>\u00a0Arestovi\u010d v rozhovoru toti\u017e prohl\u00e1sil, \u017ee je pot\u0159eba p\u0159estat Putina vn\u00edmat jako nep\u0159\u00edtele a je t\u0159eba se na n\u011bj d\u00edvat jako na protivn\u00edka, se kter\u00fdm se lze sej\u00edt, pot\u0159\u00e1st si rukou, usm\u00e1t se a za\u010d\u00edt jednat\u00a0 o m\u00edru.<\/p>\n<h6><span style=\"font-size: 18pt;\">Do\u010dasn\u00fd prezident Ukrajiny, kter\u00e9mu p\u0159ipadne role, kterou Zelensk\u00fd u\u017e d\u011blat nem\u016f\u017ee<\/span><\/h6>\n<p>P\u0159esn\u011b tohle \u0159ekl Alexej Arestovi\u010d v rozhovoru, ve kter\u00e9m p\u016fsobil jako zbo\u017e\u00ed vystaven\u00e9 na kr\u00e1mu, kter\u00e9 si je natolik jist\u00e9 t\u00edm, \u017ee si ho n\u011bkdo koup\u00ed, \u017ee m\u016f\u017ee nasadit cenovku do absurdn\u00ed v\u00fd\u0161e a je\u0161t\u011b si m\u016f\u017ee dovolit nab\u00edzet p\u0159idan\u00e9 slu\u017eby, kter\u00e9 jsou jinak naprosto nev\u00eddan\u00e9 a nesl\u00fdchan\u00e9. Pokud toti\u017e kandidujete na Ukrajin\u011b na prezidenta, a pokud budete mluvit jako Arestovi\u010d, potom bude Ukrajinc\u016fm jasn\u00e9, \u017ee za v\u00e1mi stoj\u00ed s\u00edly, kter\u00e9 cht\u011bj\u00ed v\u00e1lku s Ruskem za ka\u017edou cenu ukon\u010dit. Prezidenti jsou vrchn\u00ed velitel\u00e9 sv\u00fdch arm\u00e1d, a tud\u00ed\u017e jsou d\u016fstojn\u00edci. Arestovi\u010d to p\u0159ipomenul.<\/p>\n<figure id=\"attachment_53379\" class=\"wp-caption aligncenter\" style=\"width: 695px;\"><a href=\"https:\/\/aeronet.news\/wp-content\/uploads\/BidenDonetskFeat.jpg\"><img decoding=\"async\" loading=\"lazy\" class=\"wp-image-53379 \" src=\"https:\/\/aeronet.news\/wp-content\/uploads\/BidenDonetskFeat-1024x563.jpg\" sizes=\"(max-width: 700px) 100vw, 700px\" srcset=\"https:\/\/aeronet.news\/wp-content\/uploads\/BidenDonetskFeat-1024x563.jpg 1024w, https:\/\/aeronet.news\/wp-content\/uploads\/BidenDonetskFeat-300x165.jpg 300w, https:\/\/aeronet.news\/wp-content\/uploads\/BidenDonetskFeat-768x422.jpg 768w, https:\/\/aeronet.news\/wp-content\/uploads\/BidenDonetskFeat-700x385.jpg 700w, https:\/\/aeronet.news\/wp-content\/uploads\/BidenDonetskFeat-649x357.jpg 649w, https:\/\/aeronet.news\/wp-content\/uploads\/BidenDonetskFeat-878x483.jpg 878w, https:\/\/aeronet.news\/wp-content\/uploads\/BidenDonetskFeat.jpg 1280w\" alt=\"\" width=\"695\" height=\"382\" \/><\/a><figcaption class=\"wp-caption-text\">D\u00edky d\u011bdovi za na\u0161e v\u00edt\u011bzstv\u00ed \u2013 Plak\u00e1t v Don\u011bcku po referendu o p\u0159ipojen\u00ed DLR k Rusku<\/figcaption><\/figure>\n<p>Jen\u017ee pozice politika mus\u00ed b\u00fdt odli\u0161n\u00e1. A proto Putin by nem\u011bl b\u00fdt vn\u00edm\u00e1n jako nep\u0159\u00edtel, ale jak protivn\u00edk, se kter\u00fdm je pot\u0159eba jednat o m\u00edru. Arestovi\u010d to takto vysv\u011btlil jednozna\u010dn\u011b s ohledem na to, aby nebyl obvin\u011bn z vlastizrady a z def\u00e9tismu, p\u0159i\u010dem\u017e vzpomenul, \u017ee Moskva obr\u00e1tila proti Kyjevu tis\u00edce d\u016fstojn\u00edk\u016f ukrajinsk\u00e9 arm\u00e1dy na Donbasu, kte\u0159\u00ed zformovali domobrany pod kontrolou Ruska od roku 2014.<\/p>\n<p>Ano, to je pravda, p\u0159esn\u011b tak to bylo, proto\u017ee tyto \u010d\u00e1sti ukrajinsk\u00e9 arm\u00e1dy v Don\u011bck\u00e9 a Luhansk\u00e9 oblasti p\u0159e\u0161ly na stranu povstalc\u016f v roce 2014. A to p\u0159esto, \u017ee ti voj\u00e1ci p\u0159\u00edsahali v\u011brnost Ukrajin\u011b Jen\u017ee po st\u00e1tn\u00edm p\u0159evratu na Majdanu v Kyjev\u011b v zim\u011b 2014 tato p\u0159\u00edsaha byla v podstat\u011b zneplatn\u011bna.\u00a0<strong>P\u0159\u00edsahu slu\u017eby vlasti nelze vym\u00e1hat, pokud moc nad vlast\u00ed v d\u016fsledku st\u00e1tn\u00edho p\u0159evratu uchop\u00ed junta \u0159\u00edzen\u00e1 a financovan\u00e1 z ciziny.<\/strong>\u00a0A pokud se zamysl\u00edme nad t\u00edm, pro\u010d Arestovi\u010d spustil kampa\u0148 pr\u00e1v\u011b te\u010f, tak se mus\u00edme pod\u00edvat na to, co pr\u00e1v\u011b te\u010f prov\u00e1d\u00ed Zelensk\u00fd a jeho arm\u00e1da pod velen\u00edm Ameri\u010dan\u016f.<\/p>\n<h6><span style=\"font-size: 18pt;\">Ameri\u010dan\u00e9 za\u010dali st\u0159\u00edlet na Sevastopol rakety ATACMS s kazetovou munic\u00ed, jedna z nich dopadla na pl\u00e1\u017e a kazety explodovaly mezi lidmi<\/span><\/h6>\n<p>Ukrajinsk\u00e1 arm\u00e1da v ned\u011bli za\u00fato\u010dila na rusk\u00fd Sevastopol na Krymu a americk\u00fdmi raketami ATACMS a zabila 5 lid\u00ed, z nich\u017e 3 byly d\u011bti\u00a0<strong>[<a href=\"https:\/\/href.li\/?https:\/\/www.rt.com\/russia\/599795-moscow-blames-washington-crimea-attack\/\" target=\"_blank\" rel=\"nofollow noopener\">1<\/a>]<\/strong>. Celkem 4 rakety ATACMS byly sest\u0159eleny ruskou PVO obranou, ale jedna raketa byla jen po\u0161kozena a vych\u00fdlila se z kurzu. Dopadla o malou chv\u00edli pozd\u011bji na pl\u00e1\u017e v Sevastopolu, kter\u00e1 byla pln\u00e1 rekreant\u016f. N\u011bco podobn\u00e9ho se stalo v sobotu v Charkov\u011b, kde rusk\u00e1 kluzn\u00e1 bomba byla rovn\u011b\u017e nep\u0159esn\u011b sest\u0159elena a bomba se vych\u00fdlila a dopadla na k\u0159i\u017eovatku v Charkov\u011b. Probl\u00e9m v \u00faderu na Sevastopol je ale v tom, \u017ee rakety ATACMS jsou nav\u00e1d\u011bny podle satelitn\u00edch dat z americk\u00fdch dru\u017eic.<\/p>\n<figure id=\"attachment_59977\" class=\"wp-caption aligncenter\" style=\"width: 697px;\"><a href=\"https:\/\/aeronet.news\/wp-content\/uploads\/SevastopolVictims.jpg\"><img decoding=\"async\" loading=\"lazy\" class=\"wp-image-59977 \" src=\"https:\/\/aeronet.news\/wp-content\/uploads\/SevastopolVictims-1024x768.jpg\" sizes=\"(max-width: 700px) 100vw, 700px\" srcset=\"https:\/\/aeronet.news\/wp-content\/uploads\/SevastopolVictims-1024x768.jpg 1024w, https:\/\/aeronet.news\/wp-content\/uploads\/SevastopolVictims-300x225.jpg 300w, https:\/\/aeronet.news\/wp-content\/uploads\/SevastopolVictims-768x576.jpg 768w, https:\/\/aeronet.news\/wp-content\/uploads\/SevastopolVictims-700x525.jpg 700w, https:\/\/aeronet.news\/wp-content\/uploads\/SevastopolVictims-476x357.jpg 476w, https:\/\/aeronet.news\/wp-content\/uploads\/SevastopolVictims-644x483.jpg 644w, https:\/\/aeronet.news\/wp-content\/uploads\/SevastopolVictims.jpg 1280w\" alt=\"\" width=\"697\" height=\"523\" \/><\/a><figcaption class=\"wp-caption-text\">Ob\u011bti raketov\u00e9ho \u00fatoku na pl\u00e1\u017ei v Sevastopolu<\/figcaption><\/figure>\n<p>C\u00edle pro ukrajinsk\u00e9 rakety ATACMS jsou vyb\u00edr\u00e1ny na z\u00e1klad\u011b \u00fadaj\u016f z americk\u00fdch satelit\u016f, uvedlo rusk\u00e9 ministerstvo obrany. Washington pr\u00fd nese odpov\u011bdnost za posledn\u00ed ukrajinsk\u00fd raketov\u00fd \u00fatok na m\u011bsto Sevastopol na rusk\u00e9m Krymu, uvedlo v ned\u011bli ve sv\u00e9m prohl\u00e1\u0161en\u00ed rusk\u00e9 ministerstvo obrany.\u00a0<strong>P\u0159i \u00fatoku raketami ATACMS dodan\u00fdmi USA zahynulo podle \u00fa\u0159ad\u016f nejm\u00e9n\u011b p\u011bt lid\u00ed, v\u010detn\u011b t\u0159\u00ed d\u011bt\u00ed, a v\u00edce ne\u017e 120 osob bylo zran\u011bno na pl\u00e1\u017ei, kter\u00e1 byla pln\u00e1 rekreant\u016f.<\/strong><\/p>\n<p>Ukrajinsk\u00e1 arm\u00e1da v ned\u011bli odp\u00e1lila na Krymsk\u00e9m poloostrov\u011b p\u011bt raket dlouh\u00e9ho doletu ATACMS vyzbrojen\u00fdch velmi kontroverzn\u00edmi kazetov\u00fdmi hlavicemi, uvedlo ministerstvo. \u010cty\u0159i z nich byly zni\u010deny ruskou protivzdu\u0161nou obranou. Jedna raketa byla zasa\u017eena, ale vych\u00fdlila se z kurzu a vybuchla nad \u010dernomo\u0159sk\u00fdm p\u0159\u00edstavn\u00edm m\u011bstem Sevastopol.<\/p>\n<h6><span style=\"font-size: 18pt;\">Mise NATO na Ukrajinu je nachyst\u00e1na, ale po jej\u00edm rozm\u00edst\u011bn\u00ed se d\u00e1 o\u010dek\u00e1vat konec Zelensk\u00e9ho na Bankov\u00e9 ulici v Kyjev\u011b<\/span><\/h6>\n<p>Padaj\u00edc\u00ed \u00falomky jej\u00ed hlavice s kazetovou munic\u00ed vedly k \u010detn\u00fdm civiln\u00edm ob\u011btem, v\u010detn\u011b t\u00e9m\u011b\u0159 30 d\u011bt\u00ed. \u201c<em>V\u0161echny letov\u00e9 \u00fakoly pro rakety ATACMS zad\u00e1vaj\u00ed ameri\u010dt\u00ed specialist\u00e9 na z\u00e1klad\u011b vlastn\u00edch \u00fadaj\u016f americk\u00e9 satelitn\u00ed rozv\u011bdky,<\/em>\u201d uvedlo ministerstvo obrany. \u201c<em>Proto odpov\u011bdnost za z\u00e1m\u011brn\u00fd raketov\u00fd \u00fatok na civiln\u00ed obyvatelstvo v Sevastopolu nese p\u0159edev\u0161\u00edm Washington, kter\u00fd tyto zbran\u011b Ukrajin\u011b dodal, a tak\u00e9 kyjevsk\u00fd re\u017eim, z jeho\u017e \u00fazem\u00ed byl tento \u00fatok proveden<\/em>.\u201d Rusk\u00e1 arm\u00e1da dodala, \u017ee tyto akce \u201c<em>nez\u016fstanou bez odezvy<\/em>\u201c. St\u0159elba raketami napln\u011bn\u00fdmi kazetovou munic\u00ed je vysoce nebezpe\u010dn\u00e1, proto\u017ee i p\u0159i \u00fasp\u011b\u0161n\u00e9m sest\u0159elu rakety dojde k disperzi kazetov\u00e9 munice b\u011bhem z\u00e1sahu st\u0159ely, tak\u017ee kazety dopadnou na \u0161irok\u00e9 okol\u00ed.<\/p>\n<figure id=\"attachment_59974\" class=\"wp-caption aligncenter\" style=\"width: 695px;\"><a href=\"https:\/\/aeronet.news\/wp-content\/uploads\/ZelenskyBankovaStreet.jpg\"><img decoding=\"async\" loading=\"lazy\" class=\"wp-image-59974 \" src=\"https:\/\/aeronet.news\/wp-content\/uploads\/ZelenskyBankovaStreet-1024x682.jpg\" sizes=\"(max-width: 700px) 100vw, 700px\" srcset=\"https:\/\/aeronet.news\/wp-content\/uploads\/ZelenskyBankovaStreet-1024x682.jpg 1024w, https:\/\/aeronet.news\/wp-content\/uploads\/ZelenskyBankovaStreet-300x200.jpg 300w, https:\/\/aeronet.news\/wp-content\/uploads\/ZelenskyBankovaStreet-768x511.jpg 768w, https:\/\/aeronet.news\/wp-content\/uploads\/ZelenskyBankovaStreet-700x466.jpg 700w, https:\/\/aeronet.news\/wp-content\/uploads\/ZelenskyBankovaStreet-536x357.jpg 536w, https:\/\/aeronet.news\/wp-content\/uploads\/ZelenskyBankovaStreet-726x483.jpg 726w, https:\/\/aeronet.news\/wp-content\/uploads\/ZelenskyBankovaStreet.jpg 1280w\" alt=\"\" width=\"695\" height=\"463\" \/><\/a><figcaption class=\"wp-caption-text\">Volodymyr Zelensk\u00fd na Bankov\u00e9 ulici v Kyjev\u011b, kde je s\u00eddlo prezidenta Ukrajiny<\/figcaption><\/figure>\n<p>Rusko na tento \u00fatok podle v\u0161eho odpov\u00ed raketov\u00fdmi \u00fadery na ukrajinsk\u00e9 elektr\u00e1rny a na v\u00fdcvikov\u00e1 st\u0159ediska na z\u00e1pad\u011b Ukrajiny. Daj\u00ed se tak\u00e9 o\u010dek\u00e1vat \u00fadery na \u0161koln\u00ed objekty na Ukrajin\u011b, kter\u00e9 se s koncem \u0161koln\u00edho roku pravideln\u011b m\u011bn\u00ed na ubytovny a sklady ukrajinsk\u00e9 arm\u00e1dy b\u011bhem letn\u00edch pr\u00e1zdnin. Vzhledem k tomu, \u017ee NATO ji\u017e m\u00e1 p\u0159ipravenou vojenskou misi na Ukrajinu, jak p\u0159ed p\u00e1r dny prozradil Viktor Orb\u00e1n\u00a0<strong>[<a href=\"https:\/\/aeronet.news\/madarsko-se-nezucastni-chystane-vojenske-mise-nato-na-ukrajine-nepodarilo-se-presvedcit-strojvudce-aby-valecny-vlak-nejel-dal-takze-zastavit-ho-muze-uz-jen-donald-trump\/\">2<\/a>]<\/strong>, tak je jasn\u00e9, \u017ee Washington a Brusel ji\u017e nev\u011b\u0159\u00ed Zelensk\u00e9mu, \u017ee dok\u00e1\u017ee udr\u017eet Ukrajinu pohromad\u011b, tedy pohromad\u011b to, co zat\u00edm Rusov\u00e9 je\u0161t\u011b neobsadili.<\/p>\n<p><strong>Kdyby Zelensk\u00e9mu na Z\u00e1pad\u011b v\u011b\u0159ili, \u017e\u00e1dn\u00e1 mise na Ukrajinu by nebyla pot\u0159eba.\u00a0Tohle je v konceptu\u00e1ln\u00ed rovin\u011b nejhor\u0161\u00ed mo\u017en\u00e1 zpr\u00e1va pro \u0147ucha\u010denka<\/strong>, proto\u017ee p\u0159\u00edjezd kaval\u00e9rie NATO na Ukrajinu bude vlastn\u011b znamenat odjezd Zelensk\u00e9ho z Bankov\u00e9 ulice v Kyjev\u011b, a to velice kr\u00e1tce pot\u00e9. Z\u00e1padn\u00ed kur\u00e1to\u0159i toti\u017e Zelensk\u00e9ho odstran\u00ed ve chv\u00edli, kdy budou m\u00edt jasno o jeho n\u00e1stupci. A h\u00e1dejte, kter\u00fd n\u00e1stupce je pr\u00e1v\u011b te\u010f konceptu\u00e1ln\u011b p\u0159edstavov\u00e1n a nab\u00edzen Ukrajin\u011b? Ano, v\u0161echno to do sebe zapad\u00e1. Arestovi\u010d nekandiduje do voleb, ale kandiduje jako\u00a0<em>naprogramovan\u00fd kandid\u00e1t<\/em>, aby byl dosazen do funkce prezidenta p\u00e1ny, kte\u0159\u00ed kontroluj\u00ed Kyjev. Pr\u00e1v\u011b proto do\u0161lo k aktivaci Arestovi\u010de, kter\u00fd je do t\u00e9to funkce z\u00e1padn\u00edmi\u00a0<em>siloviky<\/em>\u00a0konceptu\u00e1ln\u011b p\u0159ipravov\u00e1n a chyst\u00e1n ji\u017e rok a p\u016fl.<\/p>\n<p><a href=\"https:\/\/aeronet.news\/az-prijde-cas-podam-si-ruku-s-putinem-a-budeme-spolu-mluvit-o-miru-alexej-arestovic-oznamil-kandidaturu-na-prezidenta-a-prohlasil-ze-je-treba-ruskeho-prezidenta-nevnimat-jako-nepritele\/\">-VK- \u0160\u00e9fredaktor AE News<\/a><\/p>\n<p><a href=\"https:\/\/stranapro.cz\/\"><img decoding=\"async\" loading=\"lazy\" class=\"wp-image-40286 aligncenter\" src=\"http:\/\/www.infokuryr.cz\/n\/wp-content\/uploads\/2023\/11\/12pro-300x87.png\" alt=\"\" width=\"838\" height=\"243\" srcset=\"https:\/\/www.infokuryr.cz\/n\/wp-content\/uploads\/2023\/11\/12pro-300x87.png 300w, https:\/\/www.infokuryr.cz\/n\/wp-content\/uploads\/2023\/11\/12pro.png 366w\" sizes=\"(max-width: 838px) 100vw, 838px\" \/><\/a><\/p>\n<p>&nbsp;<\/p>\n<p>&nbsp;<\/p>\n","protected":false},"excerpt":{"rendered":"<p>A\u017e p\u0159ijde \u010das, pod\u00e1m si ruku s Putinem a budeme spolu mluvit o m\u00edru! Alexej&#8230;<\/p>\n","protected":false},"author":2,"featured_media":56273,"comment_status":"closed","ping_status":"closed","sticky":false,"template":"","format":"standard","meta":[],"categories":[6],"tags":[7491,102],"_links":{"self":[{"href":"https:\/\/www.infokuryr.cz\/n\/wp-json\/wp\/v2\/posts\/56272"}],"collection":[{"href":"https:\/\/www.infokuryr.cz\/n\/wp-json\/wp\/v2\/posts"}],"about":[{"href":"https:\/\/www.infokuryr.cz\/n\/wp-json\/wp\/v2\/types\/post"}],"author":[{"embeddable":true,"href":"https:\/\/www.infokuryr.cz\/n\/wp-json\/wp\/v2\/users\/2"}],"replies":[{"embeddable":true,"href":"https:\/\/www.infokuryr.cz\/n\/wp-json\/wp\/v2\/comments?post=56272"}],"version-history":[{"count":1,"href":"https:\/\/www.infokuryr.cz\/n\/wp-json\/wp\/v2\/posts\/56272\/revisions"}],"predecessor-version":[{"id":56274,"href":"https:\/\/www.infokuryr.cz\/n\/wp-json\/wp\/v2\/posts\/56272\/revisions\/56274"}],"wp:featuredmedia":[{"embeddable":true,"href":"https:\/\/www.infokuryr.cz\/n\/wp-json\/wp\/v2\/media\/56273"}],"wp:attachment":[{"href":"https:\/\/www.infokuryr.cz\/n\/wp-json\/wp\/v2\/media?parent=56272"}],"wp:term":[{"taxonomy":"category","embeddable":true,"href":"https:\/\/www.infokuryr.cz\/n\/wp-json\/wp\/v2\/categories?post=56272"},{"taxonomy":"post_tag","embeddable":true,"href":"https:\/\/www.infokuryr.cz\/n\/wp-json\/wp\/v2\/tags?post=56272"}],"curies":[{"name":"wp","href":"https:\/\/api.w.org\/{rel}","templated":true}]}}