{"id":56270,"date":"2024-06-23T05:44:54","date_gmt":"2024-06-23T03:44:54","guid":{"rendered":"https:\/\/www.infokuryr.cz\/n\/?p=56270"},"modified":"2024-06-23T05:44:54","modified_gmt":"2024-06-23T03:44:54","slug":"usa-tajne-vycvicily-ukrajinske-neonacisty","status":"publish","type":"post","link":"https:\/\/www.infokuryr.cz\/n\/2024\/06\/23\/usa-tajne-vycvicily-ukrajinske-neonacisty\/","title":{"rendered":"USA tajn\u011b vycvi\u010dily ukrajinsk\u00e9 neonacisty"},"content":{"rendered":"<div id=\"fb-root\"><\/div>\n<p><span style=\"font-size: 18pt;\"><strong>Americk\u00e9 speci\u00e1ln\u00ed jednotky \u00fadajn\u011b spolupracovaly s notoricky zn\u00e1mou brig\u00e1dou Azov navzdory z\u00e1kazu ministerstva zahrani\u010d\u00ed<\/strong><\/span><\/p>\n<p><span>Ameri\u010dt\u00ed instrukto\u0159i cvi\u010dili \u010dleny neonacistick\u00e9 brig\u00e1dy Azov m\u011bs\u00edce p\u0159edt\u00edm, ne\u017e americk\u00e9 ministerstvo zahrani\u010d\u00ed zru\u0161ilo z\u00e1kaz vojensk\u00e9 pomoci jednotce, podle fotografie sd\u00edlen\u00e9 veden\u00edm Azov na za\u010d\u00e1tku tohoto roku.<\/span><\/p>\n<p><span>Za\u010d\u00e1tkem tohoto m\u011bs\u00edce ministerstvo zahrani\u010d\u00ed ozn\u00e1milo, \u017ee po\u00a0<\/span><em><span>\u201ed\u016fkladn\u00e9 kontrole\u201c<\/span><\/em><span>\u00a0rozhodlo, \u017ee brig\u00e1da Azov nebyla zapojena do \u017e\u00e1dn\u00e9ho poru\u0161ov\u00e1n\u00ed lidsk\u00fdch pr\u00e1v a byla by zp\u016fsobil\u00e1 p\u0159ij\u00edmat americkou vojenskou pomoc.\u00a0<\/span><\/p>\n<p><span>Fotografie zve\u0159ejn\u011bn\u00e1 v b\u0159eznu na soci\u00e1ln\u00edch s\u00edt\u00edch brig\u00e1dy v\u0161ak \u00fadajn\u011b zachycovala velitele jednotky Andrey &#8218;Spyder&#8216; Ignatyuka, jak p\u0159eb\u00edr\u00e1 osv\u011bd\u010den\u00ed pot\u00e9, co jeho mu\u017ei absolvovali v\u00fdcvikov\u00fd kurz organizovan\u00fd americk\u00fdm Velitelstv\u00edm speci\u00e1ln\u00edch operac\u00ed v Evrop\u011b (SOCEUR). Certifik\u00e1t, kter\u00fd Igna\u0165ukovi p\u0159edal americk\u00fd voj\u00e1k, poch\u00e1z\u00ed z prosince 2023.<\/span><\/p>\n<p><span>Popisek pod obr\u00e1zkem vysv\u011btloval, \u017ee kurz byl zam\u011b\u0159en na\u00a0<\/span><em><span>\u201eciviln\u011b-vojenskou spolupr\u00e1ci\u201c<\/span><\/em><span>\u00a0a zahrnoval tak\u00e9 instruktory z jin\u00fdch evropsk\u00fdch zem\u00ed. Druh\u00e1 fotografie zachycovala velkou skupinu, kter\u00e1 vypadala jako americk\u00e9, polsk\u00e9 a ukrajinsk\u00e9 jednotky, dr\u017e\u00edc\u00ed navz\u00e1jem n\u00e1rodn\u00ed vlajky spolu s vlajkou brig\u00e1dy Azov.<\/span><\/p>\n<div class=\"rtcode\">\n<div class=\"twitter-tweet twitter-tweet-rendered\"><iframe id=\"twitter-widget-0\" class=\"\" title=\"P\u0159\u00edsp\u011bvek X\" src=\"https:\/\/platform.twitter.com\/embed\/Tweet.html?creatorScreenName=RT_com&amp;dnt=false&amp;embedId=twitter-widget-0&amp;features=eyJ0ZndfdGltZWxpbmVfbGlzdCI6eyJidWNrZXQiOltdLCJ2ZXJzaW9uIjpudWxsfSwidGZ3X2ZvbGxvd2VyX2NvdW50X3N1bnNldCI6eyJidWNrZXQiOnRydWUsInZlcnNpb24iOm51bGx9LCJ0ZndfdHdlZXRfZWRpdF9iYWNrZW5kIjp7ImJ1Y2tldCI6Im9uIiwidmVyc2lvbiI6bnVsbH0sInRmd19yZWZzcmNfc2Vzc2lvbiI6eyJidWNrZXQiOiJvbiIsInZlcnNpb24iOm51bGx9LCJ0ZndfZm9zbnJfc29mdF9pbnRlcnZlbnRpb25zX2VuYWJsZWQiOnsiYnVja2V0Ijoib24iLCJ2ZXJzaW9uIjpudWxsfSwidGZ3X21peGVkX21lZGlhXzE1ODk3Ijp7ImJ1Y2tldCI6InRyZWF0bWVudCIsInZlcnNpb24iOm51bGx9LCJ0ZndfZXhwZXJpbWVudHNfY29va2llX2V4cGlyYXRpb24iOnsiYnVja2V0IjoxMjA5NjAwLCJ2ZXJzaW9uIjpudWxsfSwidGZ3X3Nob3dfYmlyZHdhdGNoX3Bpdm90c19lbmFibGVkIjp7ImJ1Y2tldCI6Im9uIiwidmVyc2lvbiI6bnVsbH0sInRmd19kdXBsaWNhdGVfc2NyaWJlc190b19zZXR0aW5ncyI6eyJidWNrZXQiOiJvbiIsInZlcnNpb24iOm51bGx9LCJ0ZndfdXNlX3Byb2ZpbGVfaW1hZ2Vfc2hhcGVfZW5hYmxlZCI6eyJidWNrZXQiOiJvbiIsInZlcnNpb24iOm51bGx9LCJ0ZndfdmlkZW9faGxzX2R5bmFtaWNfbWFuaWZlc3RzXzE1MDgyIjp7ImJ1Y2tldCI6InRydWVfYml0cmF0ZSIsInZlcnNpb24iOm51bGx9LCJ0ZndfbGVnYWN5X3RpbWVsaW5lX3N1bnNldCI6eyJidWNrZXQiOnRydWUsInZlcnNpb24iOm51bGx9LCJ0ZndfdHdlZXRfZWRpdF9mcm9udGVuZCI6eyJidWNrZXQiOiJvbiIsInZlcnNpb24iOm51bGx9fQ%3D%3D&amp;frame=false&amp;hideCard=false&amp;hideThread=false&amp;id=1764592249688510816&amp;lang=cs&amp;origin=https%3A%2F%2Fswentr.site%2Frussia%2F599770-us-training-azov-brigade%2F&amp;sessionId=d1e52faf21feddd51b78fcde81b8235d01bce983&amp;siteScreenName=RT_com&amp;theme=light&amp;widgetsVersion=2615f7e52b7e0%3A1702314776716&amp;width=550px\" frameborder=\"0\" scrolling=\"no\" allowfullscreen=\"allowfullscreen\" data-tweet-id=\"1764592249688510816\" data-mce-fragment=\"1\"><\/iframe><\/div>\n<\/div>\n<p><span>Ve zpr\u00e1v\u011b o fotografii zve\u0159ejn\u011bn\u00e9 v sobotu\u00a0<\/span><a href=\"https:\/\/theintercept.com\/2024\/06\/22\/ukraine-azov-battalion-us-training-ban\/\" target=\"_blank\" rel=\"noopener noreferrer\"><span>The Intercept<\/span><\/a><span>\u00a0uvedl, \u017ee Pentagon, ministerstvo zahrani\u010d\u00ed a brig\u00e1da Azov odm\u00edtly zjevnou v\u00fdcvikovou operaci komentovat.<\/span><\/p>\n<p><span>Prapor Azov, zalo\u017een\u00fd v roce 2014 b\u011blo\u0161sk\u00fdm supremacistou Andrejem Biletsk\u00fdm, naplnil sv\u00e9 \u0159ady \u010dleny men\u0161\u00edch b\u00edl\u00fdch nacionalistick\u00fdch a neonacistick\u00fdch skupin a t\u00e9ho\u017e roku bojoval na stran\u011b Kyjeva proti prorusk\u00fdm sil\u00e1m v oblasti Donbasu. Jednotka byla form\u00e1ln\u011b integrov\u00e1na do ukrajinsk\u00e9 n\u00e1rodn\u00ed gardy jako pluk Azov v roce 2015 a roz\u0161\u00ed\u0159ena do v\u011bt\u0161\u00ed brig\u00e1dy Azov v roce 2023, kdy byla p\u0159estav\u011bna po jej\u00edm t\u00e9m\u011b\u0159 zni\u010den\u00ed rusk\u00fdmi silami v Mariupolu p\u0159edchoz\u00edho l\u00e9ta.<\/span><\/p>\n<p><span>Brig\u00e1da Azov b\u011bhem sv\u00e9 desetilet\u00e9 historie hojn\u011b vyu\u017e\u00edvala neonacistickou ikonografii na boji\u0161ti. v\u010detn\u011b symbolu Wolfsangel. Tuto runovou ikonu pou\u017e\u00edvalo n\u011bkolik n\u011bmeck\u00fdch diviz\u00ed b\u011bhem druh\u00e9 sv\u011btov\u00e9 v\u00e1lky, v\u010detn\u011b 2. tankov\u00e9 divize SS.<\/span><\/p>\n<p><span>Ameri\u010dt\u00ed p\u0159edstavitel\u00e9 neup\u0159esnili, kdy uvalili z\u00e1kaz vojensk\u00e9 pomoci jednotce. Mluv\u010d\u00ed ministerstva zahrani\u010d\u00ed v\u0161ak The Intercept \u0159ekl, \u017ee pova\u017euje sou\u010dasnou brig\u00e1du Azov za\u00a0<\/span><em><span>\u201ev\u00fdrazn\u011b odli\u0161nou\u201c<\/span><\/em><span>\u00a0od praporu Azov, kter\u00fd j\u00ed p\u0159edch\u00e1zel, a \u017ee podpora pro posledn\u011b jmenovan\u00fd je st\u00e1le technicky zak\u00e1z\u00e1na.<\/span><\/p>\n<p><span>V roce 2018 tak\u00e9 americk\u00fd Kongres zak\u00e1zal dod\u00e1vky zbran\u00ed praporu Azov s odkazem na jeho vazby na neonacistickou ideologii. Minul\u00fd t\u00fdden sn\u011bmovn\u00ed v\u00fdbor p\u0159epsal text p\u016fvodn\u00edho z\u00e1kazu tak, aby zahrnoval\u00a0<\/span><em><span>\u201eprapor Azov, t\u0159et\u00ed samostatnou \u00fato\u010dnou brig\u00e1du nebo jakoukoli n\u00e1stupnickou organizaci\u201c, co\u017e je<\/span><\/em><span>\u00a0zm\u011bna, kter\u00e1 by zak\u00e1zala p\u0159evody zbran\u00ed do p\u016fvodn\u00ed milice, jednotky ukrajinsk\u00e9 speci\u00e1ln\u00ed s\u00edly, kter\u00fdm velel Biletsky, a sou\u010dasn\u00e1 iterace brig\u00e1dy Azov. Jakmile bude nov\u00fd text p\u0159ijat, bude poskytov\u00e1n\u00ed vojensk\u00e9 pomoci brig\u00e1d\u011b Azov Kongresem zak\u00e1z\u00e1no, ale ministerstvo zahrani\u010d\u00ed jej povol\u00ed.<\/span><\/p>\n<p><img decoding=\"async\" loading=\"lazy\" class=\"alignnone size-full wp-image-1185\" src=\"http:\/\/www.infokuryr.cz\/n\/wp-content\/uploads\/2021\/04\/kuryr-podpis.png\" alt=\"\" width=\"84\" height=\"24\" \/><\/p>\n<p>&nbsp;<\/p>\n","protected":false},"excerpt":{"rendered":"<p>Americk\u00e9 speci\u00e1ln\u00ed jednotky \u00fadajn\u011b spolupracovaly s notoricky zn\u00e1mou brig\u00e1dou Azov navzdory z\u00e1kazu ministerstva zahrani\u010d\u00ed Ameri\u010dt\u00ed&#8230;<\/p>\n","protected":false},"author":2,"featured_media":56271,"comment_status":"closed","ping_status":"closed","sticky":false,"template":"","format":"standard","meta":[],"categories":[7],"tags":[473,664,26,37],"_links":{"self":[{"href":"https:\/\/www.infokuryr.cz\/n\/wp-json\/wp\/v2\/posts\/56270"}],"collection":[{"href":"https:\/\/www.infokuryr.cz\/n\/wp-json\/wp\/v2\/posts"}],"about":[{"href":"https:\/\/www.infokuryr.cz\/n\/wp-json\/wp\/v2\/types\/post"}],"author":[{"embeddable":true,"href":"https:\/\/www.infokuryr.cz\/n\/wp-json\/wp\/v2\/users\/2"}],"replies":[{"embeddable":true,"href":"https:\/\/www.infokuryr.cz\/n\/wp-json\/wp\/v2\/comments?post=56270"}],"version-history":[{"count":0,"href":"https:\/\/www.infokuryr.cz\/n\/wp-json\/wp\/v2\/posts\/56270\/revisions"}],"wp:featuredmedia":[{"embeddable":true,"href":"https:\/\/www.infokuryr.cz\/n\/wp-json\/wp\/v2\/media\/56271"}],"wp:attachment":[{"href":"https:\/\/www.infokuryr.cz\/n\/wp-json\/wp\/v2\/media?parent=56270"}],"wp:term":[{"taxonomy":"category","embeddable":true,"href":"https:\/\/www.infokuryr.cz\/n\/wp-json\/wp\/v2\/categories?post=56270"},{"taxonomy":"post_tag","embeddable":true,"href":"https:\/\/www.infokuryr.cz\/n\/wp-json\/wp\/v2\/tags?post=56270"}],"curies":[{"name":"wp","href":"https:\/\/api.w.org\/{rel}","templated":true}]}}