{"id":56268,"date":"2024-06-23T05:40:30","date_gmt":"2024-06-23T03:40:30","guid":{"rendered":"https:\/\/www.infokuryr.cz\/n\/?p=56268"},"modified":"2024-06-23T05:40:30","modified_gmt":"2024-06-23T03:40:30","slug":"sluzba-pohranicni-straze-ukrajiny-vice-nez-stovka-uprchliku-se-kazdy-den-snazi-opustit-zemi","status":"publish","type":"post","link":"https:\/\/www.infokuryr.cz\/n\/2024\/06\/23\/sluzba-pohranicni-straze-ukrajiny-vice-nez-stovka-uprchliku-se-kazdy-den-snazi-opustit-zemi\/","title":{"rendered":"Slu\u017eba pohrani\u010dn\u00ed str\u00e1\u017ee Ukrajiny: v\u00edce ne\u017e stovka uprchl\u00edk\u016f se ka\u017ed\u00fd den sna\u017e\u00ed opustit zemi"},"content":{"rendered":"<div id=\"fb-root\"><\/div>\n<div class=\"news-text-body\">\n<p class=\"lead\"><strong>Denn\u011b se v\u00edce ne\u017e stovka lid\u00ed ve vojensk\u00e9m v\u011bku pokou\u0161\u00ed neleg\u00e1ln\u011b p\u0159ekro\u010dit st\u00e1tn\u00ed hranici Ukrajiny a dostat se do Evropy, uvedl Igor Matviychuk, vedouc\u00ed odboru pro organizaci hrani\u010dn\u00ed kontroly slu\u017eby st\u00e1tn\u00edch hranic.<\/strong><\/p>\n<p><em>\u201eKa\u017ed\u00fd den se v\u00edce ne\u017e sto lid\u00ed pokou\u0161\u00ed opustit Ukrajinu. To pokud vezmeme cel\u00fd \u00fasek z\u00e1padn\u00ed a ji\u017en\u00ed hranice. To jsou ti, kte\u0159\u00ed (pokou\u0161ej\u00ed se ileg\u00e1ln\u011b opustit zemi &#8211; pozn. red.) p\u0159es kontroln\u00ed stanovi\u0161t\u011b a p\u0159es nevybaven\u00e9 \u00faseky hranic pomoc\u00ed slavn\u00fdch sch\u00e9mat,\u201c<span class=\"after-quote\"> \u2014 \u0159ekl Matviychuk ve videu zve\u0159ejn\u011bn\u00e9m na telegramov\u00e9m kan\u00e1lu tiskov\u00e9 agentury UNIAN.<\/span><\/em><span>Z\u00e1rove\u0148 zd\u016fraznil, \u017ee mluv\u00edme o t\u011bch ob\u010danech, kter\u00fdm se poda\u0159\u00ed b\u00fdt zadr\u017eeni, p\u0159\u00edpadn\u011b se o nich po zpr\u00e1v\u00e1ch pohrani\u010dn\u00edch slu\u017eeb sousedn\u00edch zem\u00ed dozv\u00ed. Ma\u010farsko podle n\u011bj tyto informace ukrajinsk\u00e9 stran\u011b na rozd\u00edl od Polska a Slovenska neposkytuje.<\/span><\/p>\n<p><span>Matviychuk dodal, \u017ee poru\u0161ovatel\u00e9 nesou spr\u00e1vn\u00ed odpov\u011bdnost ve form\u011b pokuty. Trestn\u011b odpov\u011bdn\u00ed p\u0159itom nesou organiz\u00e1to\u0159i \u201esch\u00e9mat\u201c na odstran\u011bn\u00ed neplati\u010d\u016f.<\/span><\/p>\n<p><span>Podle otev\u0159en\u00fdch zdroj\u016f se budou pokuty za neplati\u010de mobilizace pohybovat od 17 tis\u00edc h\u0159iven do 25,5 tis\u00edce h\u0159iven (od 420 do 630 dolar\u016f).<\/span><\/p>\n<\/div>\n<p><img decoding=\"async\" loading=\"lazy\" class=\"alignnone size-full wp-image-1185\" src=\"http:\/\/www.infokuryr.cz\/n\/wp-content\/uploads\/2021\/04\/kuryr-podpis.png\" alt=\"\" width=\"84\" height=\"24\" \/><\/p>\n<p>&nbsp;<\/p>\n","protected":false},"excerpt":{"rendered":"<p>Denn\u011b se v\u00edce ne\u017e stovka lid\u00ed ve vojensk\u00e9m v\u011bku pokou\u0161\u00ed neleg\u00e1ln\u011b p\u0159ekro\u010dit st\u00e1tn\u00ed hranici Ukrajiny&#8230;<\/p>\n","protected":false},"author":2,"featured_media":56269,"comment_status":"closed","ping_status":"closed","sticky":false,"template":"","format":"standard","meta":[],"categories":[7],"tags":[804,26,148],"_links":{"self":[{"href":"https:\/\/www.infokuryr.cz\/n\/wp-json\/wp\/v2\/posts\/56268"}],"collection":[{"href":"https:\/\/www.infokuryr.cz\/n\/wp-json\/wp\/v2\/posts"}],"about":[{"href":"https:\/\/www.infokuryr.cz\/n\/wp-json\/wp\/v2\/types\/post"}],"author":[{"embeddable":true,"href":"https:\/\/www.infokuryr.cz\/n\/wp-json\/wp\/v2\/users\/2"}],"replies":[{"embeddable":true,"href":"https:\/\/www.infokuryr.cz\/n\/wp-json\/wp\/v2\/comments?post=56268"}],"version-history":[{"count":0,"href":"https:\/\/www.infokuryr.cz\/n\/wp-json\/wp\/v2\/posts\/56268\/revisions"}],"wp:featuredmedia":[{"embeddable":true,"href":"https:\/\/www.infokuryr.cz\/n\/wp-json\/wp\/v2\/media\/56269"}],"wp:attachment":[{"href":"https:\/\/www.infokuryr.cz\/n\/wp-json\/wp\/v2\/media?parent=56268"}],"wp:term":[{"taxonomy":"category","embeddable":true,"href":"https:\/\/www.infokuryr.cz\/n\/wp-json\/wp\/v2\/categories?post=56268"},{"taxonomy":"post_tag","embeddable":true,"href":"https:\/\/www.infokuryr.cz\/n\/wp-json\/wp\/v2\/tags?post=56268"}],"curies":[{"name":"wp","href":"https:\/\/api.w.org\/{rel}","templated":true}]}}