{"id":56264,"date":"2024-06-23T05:29:44","date_gmt":"2024-06-23T03:29:44","guid":{"rendered":"https:\/\/www.infokuryr.cz\/n\/?p=56264"},"modified":"2024-06-23T05:29:44","modified_gmt":"2024-06-23T03:29:44","slug":"lubomir-man-ale-ze-jsou-ti-dnesni-politici-o-sahy-lepsi-nez-ti-byvali-ze-pani-mullerova","status":"publish","type":"post","link":"https:\/\/www.infokuryr.cz\/n\/2024\/06\/23\/lubomir-man-ale-ze-jsou-ti-dnesni-politici-o-sahy-lepsi-nez-ti-byvali-ze-pani-mullerova\/","title":{"rendered":"Lubom\u00edr Man: Ale \u017ee jsou ti dne\u0161n\u00ed politici o s\u00e1hy lep\u0161\u00ed, ne\u017e ti b\u00fdval\u00ed, \u017ee, pan\u00ed M\u00fcllerov\u00e1?"},"content":{"rendered":"<div id=\"fb-root\"><\/div>\n<p>O tom v\u016fbec nepochybujte, milostpane. Ale nejenom lep\u0161\u00ed tak jaksi v\u0161eobecn\u011b, ale taky chyt\u0159ej\u0161\u00ed, s lep\u0161\u00edma n\u00e1padama, jak\u00e9 by si takov\u00fd Bilak nebo \u0160t\u011bp\u00e1n nevymysleli, i kdyby na zased\u00e1n\u00ed ideologick\u00e9 komise st\u00e1tostrany vyt\u00e1hli v jednom z\u00e1tahu a ka\u017ed\u00fd\u00a0 t\u0159eba i deset piv.<\/p>\n<p>M\u00e1te na mysli n\u011bjak\u00fd ur\u010dit\u00fd p\u0159\u00edpad, pan\u00ed dom\u00e1c\u00ed?<\/p>\n<p>Jist\u011b. vezm\u011bte si t\u0159eba sou\u010dasn\u00e9ho ministra Raku\u0161ana, co vymyslel tu sv\u011btovou kuli\u0161\u00e1rnu s plachtou, na n\u00ed\u017e Putinova hlava, lemovan\u00e1 \u010deskou a ukrajinskou vlajkou, vykukuje z vaku na mrtvoly. A\u00a0 nechal tuhle ob\u0159\u00ed v\u011bci\u010dku vyv\u011bsit na budovu sv\u00e9ho ministerstva vnitra.<\/p>\n<p>No jo, to byl tehdy majstr\u0161tyk bez obdoby, pan\u00ed dom\u00e1c\u00ed. A v\u00edte, co na\u00a0 n\u011bm bylo nejpozoruhodn\u011bj\u0161\u00ed? Ne ten \u010din s\u00e1m, proto\u017ee s bl\u00e1zny mus\u00ed sv\u011bt po\u010d\u00edtat, ale argument, kter\u00fd policii vedl k n\u00e1zoru, \u017ee Raku\u0161an sv\u00fdm \u010dinem z\u00e1kon o st\u00e1tn\u00edch symbolech neporu\u0161il.<\/p>\n<p>Nebyl t\u00edm argumentem fakt, \u017ee Raku\u0161an m\u00e1 a m\u011bl i tehdy, koncem \u0159\u00edjna 2022, coby\u00a0 ministr vnitra policii pod palcem?<\/p>\n<p>Tak to nev\u00edm, pan\u00ed dom\u00e1c\u00ed. Ale ofici\u00e1ln\u011b ministr z\u00e1kon neporu\u0161il proto, \u017ee st\u00e1tn\u00ed vlajka se vyv\u011b\u0161uje na \u010deln\u00ed stranu budov, kde\u017eto plachtu s vlajkami dvou st\u00e1t\u016f a mrtv\u00fdm Putinem nechal\u00a0\u00a0 Raku\u0161an vyv\u011bsit na stranu zadn\u00ed. \u010cili rozum\u011bj: Vlajka se st\u00e1v\u00e1 vlajkou coby symbol st\u00e1tu teprve tehdy,<\/p>\n<p>nal\u00e9z\u00e1-li se na \u010deln\u00ed stran\u011b budov. Jinak ne.<\/p>\n<p>Rozum\u00edm, Je to prost\u011b n\u011bco jako bogna v hokeji, \u017ee ano? Zah\u00fdb\u00e1te doprava. abyste zakryl, \u017ee p\u0159ihr\u00e1vat budete doleva.<\/p>\n<p>Hlubok\u00e1 poklona za v\u00e1\u0161 p\u0159ehled i o sportovn\u00edch f\u00edglech, pan\u00ed M\u00fcllerov\u00e1. Ale jestlipak jste si je\u0161t\u011b n\u011b\u010deho jin\u00e9ho v\u0161imla?<\/p>\n<p>\u010ceho, milostpane?<\/p>\n<p>No cht\u011bli jsme mluvit o sou\u010dasn\u00fdch\u00a0 na\u0161ich politic\u00edch, kte\u0159\u00ed tak nep\u0159ehl\u00e9dnuteln\u011b\u00a0 p\u0159evy\u0161uj\u00ed politiky v\u010derej\u0161ka, ale dostali jsme se jen k jednomu z nich. A bylo toho tolik, \u017ee n\u00e1m na dal\u0161\u00ed nezbyl \u010das. Taky proto, \u017ee j\u00e1 u\u017e u\u017e let\u00edm. U kalicha se dnes bude p\u0159ip\u00edjet na zdrav\u00ed na\u0161eho nejstar\u0161\u00edho \u0161tamgasta. Ale rozebrat si ty na\u0161e dal\u0161\u00ed politick\u00e9 nad\u011bje m\u016f\u017eeme t\u0159eba hned z\u00edtra. Co \u0159\u00edk\u00e1te?<\/p>\n<p><em>Lubom\u00edr Man<\/em><\/p>\n<p><img decoding=\"async\" loading=\"lazy\" class=\"alignnone size-full wp-image-860\" src=\"http:\/\/www.infokuryr.cz\/n\/wp-content\/uploads\/2021\/04\/lub_man.jpg\" alt=\"\" width=\"143\" height=\"200\" \/><\/p>\n<p><a href=\"https:\/\/stranapro.cz\/\"><img decoding=\"async\" loading=\"lazy\" class=\"wp-image-40286 aligncenter\" src=\"http:\/\/www.infokuryr.cz\/n\/wp-content\/uploads\/2023\/11\/12pro-300x87.png\" alt=\"\" width=\"921\" height=\"267\" srcset=\"https:\/\/www.infokuryr.cz\/n\/wp-content\/uploads\/2023\/11\/12pro-300x87.png 300w, https:\/\/www.infokuryr.cz\/n\/wp-content\/uploads\/2023\/11\/12pro.png 366w\" sizes=\"(max-width: 921px) 100vw, 921px\" \/><\/a><\/p>\n","protected":false},"excerpt":{"rendered":"<p>O tom v\u016fbec nepochybujte, milostpane. Ale nejenom lep\u0161\u00ed tak jaksi v\u0161eobecn\u011b, ale taky chyt\u0159ej\u0161\u00ed, s&#8230;<\/p>\n","protected":false},"author":2,"featured_media":26346,"comment_status":"closed","ping_status":"closed","sticky":false,"template":"","format":"standard","meta":[],"categories":[6],"tags":[1503,102,1032,407],"_links":{"self":[{"href":"https:\/\/www.infokuryr.cz\/n\/wp-json\/wp\/v2\/posts\/56264"}],"collection":[{"href":"https:\/\/www.infokuryr.cz\/n\/wp-json\/wp\/v2\/posts"}],"about":[{"href":"https:\/\/www.infokuryr.cz\/n\/wp-json\/wp\/v2\/types\/post"}],"author":[{"embeddable":true,"href":"https:\/\/www.infokuryr.cz\/n\/wp-json\/wp\/v2\/users\/2"}],"replies":[{"embeddable":true,"href":"https:\/\/www.infokuryr.cz\/n\/wp-json\/wp\/v2\/comments?post=56264"}],"version-history":[{"count":0,"href":"https:\/\/www.infokuryr.cz\/n\/wp-json\/wp\/v2\/posts\/56264\/revisions"}],"wp:featuredmedia":[{"embeddable":true,"href":"https:\/\/www.infokuryr.cz\/n\/wp-json\/wp\/v2\/media\/26346"}],"wp:attachment":[{"href":"https:\/\/www.infokuryr.cz\/n\/wp-json\/wp\/v2\/media?parent=56264"}],"wp:term":[{"taxonomy":"category","embeddable":true,"href":"https:\/\/www.infokuryr.cz\/n\/wp-json\/wp\/v2\/categories?post=56264"},{"taxonomy":"post_tag","embeddable":true,"href":"https:\/\/www.infokuryr.cz\/n\/wp-json\/wp\/v2\/tags?post=56264"}],"curies":[{"name":"wp","href":"https:\/\/api.w.org\/{rel}","templated":true}]}}