{"id":56260,"date":"2024-06-23T00:43:38","date_gmt":"2024-06-22T22:43:38","guid":{"rendered":"https:\/\/www.infokuryr.cz\/n\/?p=56260"},"modified":"2024-06-22T18:25:19","modified_gmt":"2024-06-22T16:25:19","slug":"jiri-vyvadil-babisuv-risk-aneb-risk-je-zisk","status":"publish","type":"post","link":"https:\/\/www.infokuryr.cz\/n\/2024\/06\/23\/jiri-vyvadil-babisuv-risk-aneb-risk-je-zisk\/","title":{"rendered":"Ji\u0159\u00ed Vyvadil: Babi\u0161\u016fv risk\u2026 aneb risk je zisk"},"content":{"rendered":"<div id=\"fb-root\"><\/div>\n<p><strong>Andrej Babi\u0161 u\u010dinil sv\u016fj nejodv\u00e1\u017en\u011bj\u0161\u00ed a nejpoctiv\u011bj\u0161\u00ed politick\u00fd krok, kdy\u017e opustil frakci liber\u00e1l\u016f nav\u00e1zanou na prezidenta Macrona a provokativn\u011b se rozhodl otev\u0159en\u011b zapojit mezi evropsk\u00e9 nejradik\u00e1ln\u011bj\u0161\u00ed populisty a extremisty, alespo\u0148 podle nen\u00e1vistn\u00fdch n\u00e1lepk\u00e1ch Pavla a Fialy. A ANO ode\u0161lo z liber\u00e1ln\u00ed frakce Emanuela Macrona Renew i zast\u0159e\u0161uj\u00edc\u00ed evropsk\u00e9 politick\u00e9 strany Alde.<\/strong><\/p>\n<p>Je to strategick\u00fd a z\u00e1rove\u0148 i z\u00e1bavn\u00fd krok: \u201eVy m\u011b oso\u010dujete za populistu a extremistu? Tak v\u00edte co? \u00a0Jste mi zcela ukraden\u00ed. A s\u00a0radost\u00ed\u00a0 klidn\u011b se mohu spojit s\u00a0moment\u00e1ln\u011b bezprizorn\u00edm slovensk\u00fdm premi\u00e9rem Ficem,\u00a0 ma\u010farsk\u00fdm premi\u00e9rem Orb\u00e1nem, stranou\u00a0 potencion\u00e1ln\u00ed francouzsk\u00e9 prezidentky Marine le Pen, rozhoduj\u00edc\u00edm nizozemsk\u00fdm politikem\u00a0 Geertem Wildersem\u00a0 spojencem.<\/p>\n<p>V\u00a0p\u00e1tek Andrej Babi\u0161 vysv\u011btlil sv\u016fj krok &#8211; &#8222;\u0160li jsme do voleb, abychom bojovali proti ileg\u00e1ln\u00ed migraci, abychom zm\u011bnili Green Deal, kter\u00fd ni\u010d\u00ed evropsk\u00fd pr\u016fmysl a zem\u011bd\u011blstv\u00ed a m\u00e1 negativn\u00ed dopad na na\u0161e ob\u010dany. Na z\u00e1klad\u011b jedn\u00e1n\u00ed jsme dosp\u011bli k n\u00e1zoru, \u017ee Renew a ALDE maj\u00ed zkr\u00e1tka jin\u00e1 stanoviska ne\u017e ANO,&#8220; prohl\u00e1sil Babi\u0161 na tiskov\u00e9 konferenci hnut\u00ed ve sn\u011bmovn\u011b. Novou frakci mus\u00ed tvo\u0159it nejm\u00e9n\u011b 23 europoslanc\u016f zastupuj\u00edc\u00edch sedm zem\u00ed. V\u00fd\u0161e zm\u00edn\u011bn\u00ed hr\u00e1\u010di maj\u00ed dohromady okolo 63 europoslanc\u016f z \u0161esti st\u00e1t\u016f. Sta\u010dilo by jim tedy p\u0159ibrat nap\u0159\u00edklad rakousk\u00e9 Svobodn\u00e9, nyn\u00ed tak\u00e9 v ID, nebo t\u0159eba belgick\u00fd Vl\u00e1msk\u00fd z\u00e1jem.\u00a0A jsou za vodou.<\/p>\n<p>Nov\u00e1 frakce by mohla efektivn\u011b spojovat pron\u00e1rodn\u00ed politiku, nesouhlas se zas\u00edl\u00e1n\u00edm zbran\u00ed na Ukrajinu. Mohli by kritizovat Green Deal, migra\u010dn\u00ed pakt nebo jak\u00fdkoli jin\u00fd krok EU, ani\u017e by za n\u011bj nesli odpov\u011bdnost, proto\u017ee by nebyli sou\u010d\u00e1st\u00ed vl\u00e1dnouc\u00ed v\u011bt\u0161iny v europarlamentu.<\/p>\n<p><a href=\"https:\/\/stranapro.cz\/\"><img decoding=\"async\" loading=\"lazy\" class=\"wp-image-40285 aligncenter\" src=\"http:\/\/www.infokuryr.cz\/n\/wp-content\/uploads\/2023\/11\/11pro-300x79.png\" alt=\"\" width=\"767\" height=\"202\" srcset=\"https:\/\/www.infokuryr.cz\/n\/wp-content\/uploads\/2023\/11\/11pro-300x79.png 300w, https:\/\/www.infokuryr.cz\/n\/wp-content\/uploads\/2023\/11\/11pro.png 363w\" sizes=\"(max-width: 767px) 100vw, 767px\" \/><\/a><\/p>\n<p>Europoslanec Zdechovsk\u00fd v\u00a0jednom sv\u00e9m komentu nech\u00e1pav\u011b kroutil nad krokem Babi\u0161e hlavou, proto\u017ee \u00a0v\u00a0dosavadn\u00ed frakci Renew mohla m\u00edt se sv\u00fdmi sedmi europoslanci na r\u016f\u017e\u00edch ustl\u00e1no. Mohla z\u00edskat funkci p\u0159edsedy v\u00fdznamn\u00e9ho v\u00fdboru a m\u00edstop\u0159edsedu Parlamentu. Pochopiteln\u00e9. Lidovc\u016fm odjak\u017eiva \u0161lo jen a jen o koryta.<\/p>\n<p>Nic nenasv\u011bd\u010duje tomu, \u017ee by Babi\u0161 uva\u017eoval t\u00edmto zp\u016fsobem. Trouf\u00e1m si tvrdit, \u017ee tyto ot\u00e1zky ho ani tak nezaj\u00edmaj\u00ed. Jeho zaj\u00edmala pot\u0159eba radik\u00e1ln\u011b se odpojit od politiky, kterou up\u0159\u00edmn\u011b zase tak efektivn\u011b nezvl\u00e1dal a m\u011bl tak\u00e9 m\u00e1slo na hlav\u011b.<\/p>\n<p>Podstatn\u00fd je jeho z\u00e1jem o \u00fa\u010dast v\u00a0politick\u00e9m uskupen\u00ed, \u00a0kde se zejm\u00e9na v\u00a0zahrani\u010dn\u00ed politice bude moci op\u0159\u00edt o siln\u00e9 partnery. A zejm\u00e9na Viktor Orb\u00e1n bude v\u00a0p\u0159\u00edpad\u011b v\u00edt\u011bzstv\u00ed Donalda Trumpa st\u0159edem\u00a0 pozornosti, ale i s\u00edly. Ale i Robert Fico mnohem odv\u00e1\u017en\u011bj\u0161\u00ed politik.<\/p>\n<p>Z\u00a0hlediska logiky politick\u00e9ho uspo\u0159\u00e1d\u00e1n\u00ed i\u00a0 sout\u011b\u017ee m\u016f\u017eeme tak m\u00edt p\u0159ed p\u0159\u00ed\u0161t\u00edmi parlamentn\u00edmi volbami t\u0159i politick\u00e9 bloky, kter\u00e9 se st\u0159etnou o vl\u00e1dnut\u00ed . progresivistickou vl\u00e1dn\u00ed koalici\u00a0 a euroskeptickou a eurokritickou opozici, dopln\u011bnou o levicovou \u201esocialistickou\u201c \u010d\u00e1st, pokud se levici poda\u0159\u00ed pro volby do Poslaneck\u00e9 Sn\u011bmovny\u00a0 skute\u010dn\u011b efektivn\u011b spojit.<\/p>\n<p>Je velmi pravd\u011bpodobn\u00e9, \u017ee Babi\u0161ovo ANO bude prvn\u00ed na p\u00e1sce, ale je tak\u00e9 pravd\u011bpodobn\u00e9, \u017ee se neobejde bez inteligentn\u00edho politick\u00e9ho partnera a t\u00edm u\u017e v\u00a0minulosti levice byla. A \u00fasp\u011b\u0161n\u011b. A p\u011btikoalice bude pora\u017eena.<\/p>\n<p>A co\u00a0 v\u00edc si u n\u00e1s politicky p\u0159\u00e1t. ?<\/p>\n<p><a href=\"https:\/\/vasevec.info\/domaci-politika\/babisuv-risk-aneb-risk-je-zisk\">Ji\u0159\u00ed Vyvadil<\/a><\/p>\n<p><img decoding=\"async\" loading=\"lazy\" class=\"alignnone size-medium wp-image-16474\" src=\"http:\/\/www.infokuryr.cz\/n\/wp-content\/uploads\/2022\/10\/jiri-vyvadil-300x200.jpg\" alt=\"\" width=\"300\" height=\"200\" srcset=\"https:\/\/www.infokuryr.cz\/n\/wp-content\/uploads\/2022\/10\/jiri-vyvadil-300x200.jpg 300w, https:\/\/www.infokuryr.cz\/n\/wp-content\/uploads\/2022\/10\/jiri-vyvadil-768x512.jpg 768w, https:\/\/www.infokuryr.cz\/n\/wp-content\/uploads\/2022\/10\/jiri-vyvadil.jpg 800w\" sizes=\"(max-width: 300px) 100vw, 300px\" \/><\/p>\n<p>&nbsp;<\/p>\n","protected":false},"excerpt":{"rendered":"<p>Andrej Babi\u0161 u\u010dinil sv\u016fj nejodv\u00e1\u017en\u011bj\u0161\u00ed a nejpoctiv\u011bj\u0161\u00ed politick\u00fd krok, kdy\u017e opustil frakci liber\u00e1l\u016f nav\u00e1zanou na&#8230;<\/p>\n","protected":false},"author":2,"featured_media":814,"comment_status":"closed","ping_status":"closed","sticky":false,"template":"","format":"standard","meta":[],"categories":[6],"tags":[126,41,1503,557,122],"_links":{"self":[{"href":"https:\/\/www.infokuryr.cz\/n\/wp-json\/wp\/v2\/posts\/56260"}],"collection":[{"href":"https:\/\/www.infokuryr.cz\/n\/wp-json\/wp\/v2\/posts"}],"about":[{"href":"https:\/\/www.infokuryr.cz\/n\/wp-json\/wp\/v2\/types\/post"}],"author":[{"embeddable":true,"href":"https:\/\/www.infokuryr.cz\/n\/wp-json\/wp\/v2\/users\/2"}],"replies":[{"embeddable":true,"href":"https:\/\/www.infokuryr.cz\/n\/wp-json\/wp\/v2\/comments?post=56260"}],"version-history":[{"count":0,"href":"https:\/\/www.infokuryr.cz\/n\/wp-json\/wp\/v2\/posts\/56260\/revisions"}],"wp:featuredmedia":[{"embeddable":true,"href":"https:\/\/www.infokuryr.cz\/n\/wp-json\/wp\/v2\/media\/814"}],"wp:attachment":[{"href":"https:\/\/www.infokuryr.cz\/n\/wp-json\/wp\/v2\/media?parent=56260"}],"wp:term":[{"taxonomy":"category","embeddable":true,"href":"https:\/\/www.infokuryr.cz\/n\/wp-json\/wp\/v2\/categories?post=56260"},{"taxonomy":"post_tag","embeddable":true,"href":"https:\/\/www.infokuryr.cz\/n\/wp-json\/wp\/v2\/tags?post=56260"}],"curies":[{"name":"wp","href":"https:\/\/api.w.org\/{rel}","templated":true}]}}