{"id":5626,"date":"2021-10-25T04:23:54","date_gmt":"2021-10-25T02:23:54","guid":{"rendered":"http:\/\/www.infokuryr.cz\/n\/?p=5626"},"modified":"2021-10-25T04:23:54","modified_gmt":"2021-10-25T02:23:54","slug":"at-jsou-pirati-radi-za-jeden-resort-prohlasil-senator-za-stan-skonci-nakonec-v-opozici","status":"publish","type":"post","link":"https:\/\/www.infokuryr.cz\/n\/2021\/10\/25\/at-jsou-pirati-radi-za-jeden-resort-prohlasil-senator-za-stan-skonci-nakonec-v-opozici\/","title":{"rendered":"A\u0165 jsou Pir\u00e1ti r\u00e1di za jeden resort, prohl\u00e1sil sen\u00e1tor za STAN. Skon\u010d\u00ed nakonec v opozici?"},"content":{"rendered":"<div id=\"fb-root\"><\/div>\n<p><strong>Volby u\u017e jsou pry\u010d a solidarita koali\u010dn\u00edch stran se vytr\u00e1c\u00ed. Sen\u00e1tor Zden\u011bk Hraba (STAN) rozhodn\u011b nechce, aby bylo v nov\u00e9 vl\u00e1d\u011b p\u0159epir\u00e1tov\u00e1no. Podle n\u011bj se m\u016f\u017ee strana Ivana Barto\u0161e spokojit s jedn\u00edm resortem. Politik to prohl\u00e1sil ve vys\u00edl\u00e1n\u00ed CNN Prima News.<\/strong><\/p>\n<p>Zdrcuj\u00edc\u00ed\u00a0<strong>volebn\u00ed v\u00fdsledky Pir\u00e1t\u016f<\/strong>\u00a0mohou m\u00edt dohru p\u0159i sestavov\u00e1n\u00ed vl\u00e1dy. Zat\u00edmco Barto\u0161 chce stejn\u00fd po\u010det ministersk\u00fdch k\u0159esel jako STAN, Hraba tento po\u017eadavek odm\u00edt\u00e1. Podle n\u011bj partaj, kter\u00e1 z\u00edskala pouze \u010dty\u0159i poslance,\u00a0m\u016f\u017ee b\u00fdt r\u00e1da i za jeden resort.<\/p>\n<p>\u201eJe ve\u0159ejn\u00fdm tajemstv\u00edm, \u017ee l\u00e1skou k Pir\u00e1t\u016fm neho\u0159\u00edm. Nev\u00edm, jakou budou m\u00edt roli p\u0159i vyjedn\u00e1v\u00e1n\u00ed vl\u00e1dy, ale m\u011blo by to b\u00fdt adekv\u00e1tn\u00ed k jejich volebn\u00edmu v\u00fdsledku. Nemysl\u00edm si, \u017ee by to m\u011blo b\u00fdt nap\u016fl se Starosty. Z\u00e1le\u017e\u00ed, kdo se na jak\u00e9 ministerstvo c\u00edt\u00ed. Jak\u00e1koliv vl\u00e1da to bude m\u00edt t\u011b\u017ek\u00e9. I jedno pro Pir\u00e1ty je dost,\u201c\u00a0prohl\u00e1sil\u00a0v Partii Hraba.<\/p>\n<p>Jin\u00e9ho n\u00e1zoru je ale \u0161\u00e9f Pir\u00e1t\u016f Barto\u0161. \u201eMy jsme reflektovali v\u00fdsledek voleb a \u0159ekli jsme \u2013 poj\u010fme se bavit f\u00e9r, aby zastoupen\u00ed ve vl\u00e1d\u011b bylo f\u00e9r 1:1. A v\u011b\u0159\u00edm, \u017ee podan\u00e1 ruka plat\u00ed,\u201c\u00a0\u0159ekl\u00a0v p\u00e1tek Barto\u0161 v rozhovoru pro iDNES.cz.<\/p>\n<p>P\u0159itom v souladu s koali\u010dn\u00ed smlouvou mezi Pir\u00e1ty a STAN si ob\u011b strany m\u011bly rozd\u011blit k\u0159esla v pom\u011bru 2,25:1, pokud koalice z\u00edsk\u00e1 40 a m\u00e9n\u011b poslanc\u016f. Nyn\u00ed Pir\u00e1ti\u00a0cht\u011bj\u00ed\u00a0t\u0159i ministerstva.<\/p>\n<p>Podle Hraby se ale podm\u00ednky po volb\u00e1ch dost zm\u011bnily a Pir\u00e1ti nejsou v pozici, aby si n\u00e1rokovali portfeje.<\/p>\n<p>\u201eSmlouva je smlouva, ale karty rozdali voli\u010di. Mimochodem stovky let plat\u00ed Clausula rebus sic stantibus, tedy \u017ee smlouvy plat\u00ed za p\u0159edpokladu, \u017ee v\u011bci z\u016fstanou, jak jsou. A j\u00e1 mysl\u00edm, \u017ee voli\u010d v\u00fdsledkem voleb podm\u00ednky dost zm\u011bnil&#8230;,\u201c napsal Hraba na Twitter.<\/p>\n<p>O rozd\u011blen\u00ed k\u0159esel v nov\u00e9 vl\u00e1d\u011b budou koalice SPOLU (ODS, KDU-\u010cSL a TOP 09) a PirSTAN jednat v \u00fater\u00fd. Zat\u00edm se \u00fa\u010dastn\u00edci shodli, \u017ee p\u0159edsedkyn\u00ed Poslaneck\u00e9 sn\u011bmovny bude \u0161\u00e9fka TOP 09 Mark\u00e9ta Pekarov\u00e1 Adamov\u00e1. P\u0159edseda hnut\u00ed STAN V\u00edt Raku\u0161an opakovan\u011b d\u00e1val najevo, \u017ee m\u00e1 z\u00e1jem o ministerstvo vnitra. Barto\u0161 se zase c\u00edt\u00ed na post vicepremi\u00e9ra pro digitalizaci nebo na \u0161\u00e9fa resortu pro m\u00edstn\u00ed rozvoj.<\/p>\n<p>N\u011bkte\u0159\u00ed pozorovatel\u00e9 se domn\u00edvaj\u00ed, \u017ee pro\u00a0Pir\u00e1ty\u00a0bude v\u00fdhodn\u011bj\u0161\u00ed, pokud p\u016fjdou do opozice.<\/p>\n<p>\u201ePir\u00e1ti ud\u011blaj\u00ed l\u00e9pe, p\u016fjdou-li do opozice. Ve vl\u00e1d\u011b jsou jen do po\u010dtu. Ta p\u0159itom bude muset d\u011blat n\u00e1ro\u010dn\u00e9 \u0159ezy, jimi\u017e se \u201auma\u017ee\u2018: sekat d\u016fchody a d\u00e1vky, rozs\u00e1hle propou\u0161t\u011bt, zvy\u0161ovat \u0159adu dan\u00ed. Nav\u00edc se Pir\u00e1ti p\u0159ece sna\u017eili tolik \u0161\u00ed\u0159it \u00e9tos, \u017ee jim nejde o k\u0159esla, ale o v\u011bc,\u201c napsal na Twitteru ekonom Luk\u00e1\u0161 Kovanda.<\/p>\n<p><a href=\"https:\/\/cz.sputniknews.com\/20211024\/at-jsou-pirati-radi-za-jeden-resort-prohlasil-senator-za-stan-skonci-nakonec-v-opozici-16283328.html\">ZDROJ<\/a><\/p>\n<p>&nbsp;<\/p>\n<p>&nbsp;<\/p>\n","protected":false},"excerpt":{"rendered":"<p>Volby u\u017e jsou pry\u010d a solidarita koali\u010dn\u00edch stran se vytr\u00e1c\u00ed. Sen\u00e1tor Zden\u011bk Hraba (STAN) rozhodn\u011b&#8230;<\/p>\n","protected":false},"author":2,"featured_media":1297,"comment_status":"closed","ping_status":"closed","sticky":false,"template":"","format":"standard","meta":[],"categories":[6],"tags":[137,424],"_links":{"self":[{"href":"https:\/\/www.infokuryr.cz\/n\/wp-json\/wp\/v2\/posts\/5626"}],"collection":[{"href":"https:\/\/www.infokuryr.cz\/n\/wp-json\/wp\/v2\/posts"}],"about":[{"href":"https:\/\/www.infokuryr.cz\/n\/wp-json\/wp\/v2\/types\/post"}],"author":[{"embeddable":true,"href":"https:\/\/www.infokuryr.cz\/n\/wp-json\/wp\/v2\/users\/2"}],"replies":[{"embeddable":true,"href":"https:\/\/www.infokuryr.cz\/n\/wp-json\/wp\/v2\/comments?post=5626"}],"version-history":[{"count":0,"href":"https:\/\/www.infokuryr.cz\/n\/wp-json\/wp\/v2\/posts\/5626\/revisions"}],"wp:featuredmedia":[{"embeddable":true,"href":"https:\/\/www.infokuryr.cz\/n\/wp-json\/wp\/v2\/media\/1297"}],"wp:attachment":[{"href":"https:\/\/www.infokuryr.cz\/n\/wp-json\/wp\/v2\/media?parent=5626"}],"wp:term":[{"taxonomy":"category","embeddable":true,"href":"https:\/\/www.infokuryr.cz\/n\/wp-json\/wp\/v2\/categories?post=5626"},{"taxonomy":"post_tag","embeddable":true,"href":"https:\/\/www.infokuryr.cz\/n\/wp-json\/wp\/v2\/tags?post=5626"}],"curies":[{"name":"wp","href":"https:\/\/api.w.org\/{rel}","templated":true}]}}