{"id":56257,"date":"2024-06-23T00:40:04","date_gmt":"2024-06-22T22:40:04","guid":{"rendered":"https:\/\/www.infokuryr.cz\/n\/?p=56257"},"modified":"2024-06-22T18:15:30","modified_gmt":"2024-06-22T16:15:30","slug":"petr-michalu-a-neco-nejen-k-odlehceni-hlavne-k-zamysleni","status":"publish","type":"post","link":"https:\/\/www.infokuryr.cz\/n\/2024\/06\/23\/petr-michalu-a-neco-nejen-k-odlehceni-hlavne-k-zamysleni\/","title":{"rendered":"Petr Michal\u016f: A n\u011bco nejen k odleh\u010den\u00ed\u2026 (hlavn\u011b k zamy\u0161len\u00ed)"},"content":{"rendered":"<div id=\"fb-root\"><\/div>\n<p><strong><u>Vnikne-li NATO na Ukra<\/u>j<u>inu<\/u><\/strong>, jak m\u00e1 st\u00e1le v\u00edce v \u00famyslu, <strong>p\u016fjdou na Ukrajinu t\u00e9\u017e severo-korej\u0161t\u00ed voj\u00e1ci Kim \u010cong Una.<\/strong><\/p>\n<p>Pr\u00fd se t\u011b\u0161\u00ed na st\u0159et s americkou, natovskou technikou. Cht\u011bj\u00ed nasb\u00edrat co nejv\u00edce praktick\u00fdch zku\u0161enost\u00ed pr\u00e1v\u011b v likvidaci a \u0161rotov\u00e1n\u00ed americk\u00fdch a z\u00e1padn\u00edch vojensk\u00fdch \u201evymo\u017eenost\u00ed\u201c a z\u00e1zrak\u016f techniky.<\/p>\n<p><em>Mgr. Petr Michal\u016f<\/em><\/p>\n<p><img decoding=\"async\" loading=\"lazy\" class=\"alignnone  wp-image-35494\" src=\"http:\/\/www.infokuryr.cz\/n\/wp-content\/uploads\/2023\/09\/petr-michalu-300x251.jpg\" alt=\"\" width=\"161\" height=\"135\" srcset=\"https:\/\/www.infokuryr.cz\/n\/wp-content\/uploads\/2023\/09\/petr-michalu-300x251.jpg 300w, https:\/\/www.infokuryr.cz\/n\/wp-content\/uploads\/2023\/09\/petr-michalu-768x641.jpg 768w, https:\/\/www.infokuryr.cz\/n\/wp-content\/uploads\/2023\/09\/petr-michalu.jpg 801w\" sizes=\"(max-width: 161px) 100vw, 161px\" \/><\/p>\n<p><a href=\"https:\/\/stranapro.cz\/\"><img decoding=\"async\" loading=\"lazy\" class=\"wp-image-40286 aligncenter\" src=\"http:\/\/www.infokuryr.cz\/n\/wp-content\/uploads\/2023\/11\/12pro-300x87.png\" alt=\"\" width=\"976\" height=\"283\" srcset=\"https:\/\/www.infokuryr.cz\/n\/wp-content\/uploads\/2023\/11\/12pro-300x87.png 300w, https:\/\/www.infokuryr.cz\/n\/wp-content\/uploads\/2023\/11\/12pro.png 366w\" sizes=\"(max-width: 976px) 100vw, 976px\" \/><\/a><\/p>\n<p>&nbsp;<\/p>\n<p>&nbsp;<\/p>\n","protected":false},"excerpt":{"rendered":"<p>Vnikne-li NATO na Ukrajinu, jak m\u00e1 st\u00e1le v\u00edce v \u00famyslu, p\u016fjdou na Ukrajinu t\u00e9\u017e severo-korej\u0161t\u00ed&#8230;<\/p>\n","protected":false},"author":2,"featured_media":56258,"comment_status":"closed","ping_status":"closed","sticky":false,"template":"","format":"standard","meta":[],"categories":[6],"tags":[2321,502,1503,39],"_links":{"self":[{"href":"https:\/\/www.infokuryr.cz\/n\/wp-json\/wp\/v2\/posts\/56257"}],"collection":[{"href":"https:\/\/www.infokuryr.cz\/n\/wp-json\/wp\/v2\/posts"}],"about":[{"href":"https:\/\/www.infokuryr.cz\/n\/wp-json\/wp\/v2\/types\/post"}],"author":[{"embeddable":true,"href":"https:\/\/www.infokuryr.cz\/n\/wp-json\/wp\/v2\/users\/2"}],"replies":[{"embeddable":true,"href":"https:\/\/www.infokuryr.cz\/n\/wp-json\/wp\/v2\/comments?post=56257"}],"version-history":[{"count":0,"href":"https:\/\/www.infokuryr.cz\/n\/wp-json\/wp\/v2\/posts\/56257\/revisions"}],"wp:featuredmedia":[{"embeddable":true,"href":"https:\/\/www.infokuryr.cz\/n\/wp-json\/wp\/v2\/media\/56258"}],"wp:attachment":[{"href":"https:\/\/www.infokuryr.cz\/n\/wp-json\/wp\/v2\/media?parent=56257"}],"wp:term":[{"taxonomy":"category","embeddable":true,"href":"https:\/\/www.infokuryr.cz\/n\/wp-json\/wp\/v2\/categories?post=56257"},{"taxonomy":"post_tag","embeddable":true,"href":"https:\/\/www.infokuryr.cz\/n\/wp-json\/wp\/v2\/tags?post=56257"}],"curies":[{"name":"wp","href":"https:\/\/api.w.org\/{rel}","templated":true}]}}