{"id":56251,"date":"2024-06-23T00:33:00","date_gmt":"2024-06-22T22:33:00","guid":{"rendered":"https:\/\/www.infokuryr.cz\/n\/?p=56251"},"modified":"2024-06-22T18:05:26","modified_gmt":"2024-06-22T16:05:26","slug":"kdo-zaplati-pokutu-ulozenou-ministerstvu-vnitra-cr-ve-vysi-975-000-kc","status":"publish","type":"post","link":"https:\/\/www.infokuryr.cz\/n\/2024\/06\/23\/kdo-zaplati-pokutu-ulozenou-ministerstvu-vnitra-cr-ve-vysi-975-000-kc\/","title":{"rendered":"Kdo zaplat\u00ed pokutu ulo\u017eenou Ministerstvu vnitra \u010cR ve v\u00fd\u0161i 975 000 K\u010d?"},"content":{"rendered":"<div id=\"fb-root\"><\/div>\n<div class=\"introtext\">\n<p><span style=\"font-size: 14pt;\"><strong>Pokuta ze covidov\u00fd teror: dostane exekuci Ham\u00e1\u010dek, nebo Raku\u0161an? Nebo se to sm\u00e1zne a zaplat\u00ed za dal\u0161\u00ed zlo\u010diny ti, kte\u0159\u00ed byli po\u0161kozen\u00ed: da\u0148ov\u00ed poplatn\u00edci?<\/strong><\/span><\/p>\n<\/div>\n<div class=\"fulltext\">\n<p>Pokuta ulo\u017een\u00e1 Ministerstvu vnitra \u010cR ve v\u00fd\u0161i 975 000 K\u010d za plo\u0161n\u00e9 zpracov\u00e1v\u00e1n\u00ed \u00fadaj\u016f o osob\u00e1ch, kter\u00fdm byla z d\u016fvodu prok\u00e1zan\u00e9ho onemocn\u011bn\u00ed COVID-19 na\u0159\u00edzena izolace, byla rozhodnut\u00edm p\u0159edsedy \u00da\u0159adu pro ochranu osobn\u00edch \u00fadaj\u016f potvrzena.<\/p>\n<h2><strong>NAST\u00c1V\u00c1 \u010cAS Z\u00da\u010cTOV\u00c1N\u00cd<\/strong><\/h2>\n<p><img decoding=\"async\" loading=\"lazy\" class=\"aligncenter\" src=\"https:\/\/www.skrytapravda.cz\/images\/blogy\/805\/2024\/6cerven\/Letna_Rajchl_b7efe.webp\" alt=\"Letna Rajchl b7efe\" width=\"725\" height=\"477\" \/><\/p>\n<p>\u00da\u0159ad upozor\u0148uje i na poru\u0161en\u00ed dal\u0161\u00edch povinnost\u00ed, kter\u00e9 m\u011bla Policie \u010cR v souvislosti se zpracov\u00e1n\u00edm osobn\u00edch \u00fadaj\u016f dodr\u017eet. Zejm\u00e9na nebyla \u0159\u00e1dn\u011b spln\u011bna informa\u010dn\u00ed povinnost ve vztahu k osob\u00e1m, jejich\u017e \u00fadaje byly v souvislosti s prok\u00e1zan\u00fdm onemocn\u011bn\u00edm COVID-19 shroma\u017e\u010fov\u00e1ny a zpracov\u00e1v\u00e1ny. Dostate\u010dn\u00e1 informovanost je p\u0159itom nezbytn\u00e1 pr\u00e1v\u011b proto, aby se dan\u00e9 osoby mohly proti neopr\u00e1vn\u011bn\u00e9mu nakl\u00e1d\u00e1n\u00ed s jejich osobn\u00edmi \u00fadaji v\u010das a adekv\u00e1tn\u011b br\u00e1nit.<\/p>\n<p>Za poru\u0161en\u00ed povinnost\u00ed spravuj\u00edc\u00edho org\u00e1nu v re\u017eimu hlavy III. z\u00e1kona o zpracov\u00e1n\u00ed osobn\u00edch \u00fadaj\u016f je mo\u017en\u00e9 ulo\u017eit pokutu a\u017e do v\u00fd\u0161e 10 milion\u016f K\u010d. \u201eVzhledem k z\u00e1va\u017enosti zji\u0161t\u011bn\u00e9ho pochyben\u00ed, k mno\u017estv\u00ed osob, jejich\u017e \u00fadaje byly zpracov\u00e1v\u00e1ny i k dal\u0161\u00edm okolnostem dan\u00e9ho p\u0159\u00edpadu je vym\u011b\u0159en\u00e1 \u010d\u00e1stka 975 000 korun zcela p\u0159im\u011b\u0159en\u00e1,\u201c uzav\u00edr\u00e1 Ji\u0159\u00ed Kauck\u00fd.<\/p>\n<table>\n<tbody>\n<tr>\n<td>\u00a0\u0160\u00edlen\u00e9 je, \u017ee ministerstvo bude muset pokutu zaplatit, ale nem\u00e1 z \u010deho, proto\u017ee je placeno t\u011bmi, kdo byli po\u0161kozeni. Tud\u00ed\u017e po\u0161kozen\u00ed v p\u0159\u00edpad\u011b neadresnosti osob\u00a0<strong>budou po\u0161kozen\u00ed podruh\u00e9<\/strong>: poprv\u00e9 zlo\u010dinem ministerstva a policie, podruh\u00e9, \u017ee za ministerstvo zaplat\u00ed pokutu.\u00a0<strong>To fakt nem\u00e1 chybu!<\/strong><\/td>\n<\/tr>\n<\/tbody>\n<\/table>\n<p>Tato zem u\u017e je zral\u00e1 na Bohnice, nebo na uzav\u0159en\u00ed. Zemi vedou u\u017e n\u011bkolik let \u0161\u00edlenci a ob\u010dan\u00e9 jsou u\u017e ke v\u0161emu apati\u010dt\u00ed, jakoby vakcinac\u00ed om\u00e1men\u00ed.<\/p>\n<p><strong>Od t\u00e9 doby je policie v rozvalu. A vyvrcholilo to masakrem na UK a uprchnut\u00edm Ond\u0159eje Thora z peti\u010dn\u00edho st\u00e1nku p\u0159ed t\u011b\u017ekood\u011bnci do exilu!<\/strong><\/p>\n<p><a href=\"https:\/\/www.skrytapravda.cz\/z-domova\/1962-kdo-zaplati-pokutu-ulozenou-ministerstvu-vnitra-cr-ve-vysi-975-000-kc\">Petr Pokorn\u00fd<\/a><\/p>\n<p><a href=\"https:\/\/stranapro.cz\/\"><img decoding=\"async\" loading=\"lazy\" class=\"wp-image-40286 aligncenter\" src=\"http:\/\/www.infokuryr.cz\/n\/wp-content\/uploads\/2023\/11\/12pro-300x87.png\" alt=\"\" width=\"893\" height=\"259\" srcset=\"https:\/\/www.infokuryr.cz\/n\/wp-content\/uploads\/2023\/11\/12pro-300x87.png 300w, https:\/\/www.infokuryr.cz\/n\/wp-content\/uploads\/2023\/11\/12pro.png 366w\" sizes=\"(max-width: 893px) 100vw, 893px\" \/><\/a><\/p>\n<\/div>\n<p>&nbsp;<\/p>\n","protected":false},"excerpt":{"rendered":"<p>Pokuta ze covidov\u00fd teror: dostane exekuci Ham\u00e1\u010dek, nebo Raku\u0161an? Nebo se to sm\u00e1zne a zaplat\u00ed&#8230;<\/p>\n","protected":false},"author":2,"featured_media":56252,"comment_status":"closed","ping_status":"closed","sticky":false,"template":"","format":"standard","meta":[],"categories":[6],"tags":[23,1809,1660],"_links":{"self":[{"href":"https:\/\/www.infokuryr.cz\/n\/wp-json\/wp\/v2\/posts\/56251"}],"collection":[{"href":"https:\/\/www.infokuryr.cz\/n\/wp-json\/wp\/v2\/posts"}],"about":[{"href":"https:\/\/www.infokuryr.cz\/n\/wp-json\/wp\/v2\/types\/post"}],"author":[{"embeddable":true,"href":"https:\/\/www.infokuryr.cz\/n\/wp-json\/wp\/v2\/users\/2"}],"replies":[{"embeddable":true,"href":"https:\/\/www.infokuryr.cz\/n\/wp-json\/wp\/v2\/comments?post=56251"}],"version-history":[{"count":0,"href":"https:\/\/www.infokuryr.cz\/n\/wp-json\/wp\/v2\/posts\/56251\/revisions"}],"wp:featuredmedia":[{"embeddable":true,"href":"https:\/\/www.infokuryr.cz\/n\/wp-json\/wp\/v2\/media\/56252"}],"wp:attachment":[{"href":"https:\/\/www.infokuryr.cz\/n\/wp-json\/wp\/v2\/media?parent=56251"}],"wp:term":[{"taxonomy":"category","embeddable":true,"href":"https:\/\/www.infokuryr.cz\/n\/wp-json\/wp\/v2\/categories?post=56251"},{"taxonomy":"post_tag","embeddable":true,"href":"https:\/\/www.infokuryr.cz\/n\/wp-json\/wp\/v2\/tags?post=56251"}],"curies":[{"name":"wp","href":"https:\/\/api.w.org\/{rel}","templated":true}]}}