{"id":56248,"date":"2024-06-23T00:44:22","date_gmt":"2024-06-22T22:44:22","guid":{"rendered":"https:\/\/www.infokuryr.cz\/n\/?p=56248"},"modified":"2024-06-22T17:54:45","modified_gmt":"2024-06-22T15:54:45","slug":"americka-letadlova-lod-dwight-eisenhower-opousti-rude-more","status":"publish","type":"post","link":"https:\/\/www.infokuryr.cz\/n\/2024\/06\/23\/americka-letadlova-lod-dwight-eisenhower-opousti-rude-more\/","title":{"rendered":"Americk\u00e1 letadlov\u00e1 lo\u010f Dwight Eisenhower opou\u0161t\u00ed Rud\u00e9 mo\u0159e"},"content":{"rendered":"<div id=\"fb-root\"><\/div>\n<p class=\"lead\"><strong>Nebezpe\u010dn\u00fd region brzy opust\u00ed letadlov\u00e1 lo\u010f US Navy s jadern\u00fdm pohonem USS Dwight Eisenhower, kter\u00e1 je um\u00edst\u011bna v Rud\u00e9m mo\u0159i, aby \u010delila \u00fatok\u016fm jemensk\u00fdch H\u00fas\u00ed\u016f na obchodn\u00ed lod\u011b.<\/strong><\/p>\n<p><span>Jak p\u0159ipom\u00edn\u00e1\u00a0<\/span><a href=\"https:\/\/www.nbcnews.com\/news\/world\/ship-attack-houthi-red-sea-uss-eisenhower-rcna158406\" target=\"_blank\" rel=\"noopener\"><span>ABC News<\/span><\/a><span>\u00a0, lo\u010f jako sou\u010d\u00e1st skupiny letadlov\u00fdch lod\u00ed dorazila do Rud\u00e9ho mo\u0159e v listopadu 2023. Jej\u00ed p\u0159\u00edtomnost v tomto regionu p\u0159\u00edmo souvisela se snahou USA stabilizovat situaci na Bl\u00edzk\u00e9m v\u00fdchod\u011b.<\/span><\/p>\n<p><span>Ofici\u00e1ln\u011b zde americk\u00e1 n\u00e1mo\u0159n\u00ed skupina \u0159e\u0161\u00ed probl\u00e9m jak podpory Izraele, tak ochrany americk\u00fdch jednotek pod \u00fatokem v Ir\u00e1ku a S\u00fdrii.<\/span><\/p>\n<p><span>Z materi\u00e1l\u016f americk\u00fdch agentur vypl\u00fdv\u00e1, \u017ee \u201eIke\u201c opou\u0161t\u00ed sv\u00e9 hl\u00eddkov\u00e9 m\u00edsto s\u00e1m, bez doprovodn\u00fdch lod\u00ed \u2013 v\u0161echny ostatn\u00ed lod\u011b skupiny z\u016fst\u00e1vaj\u00ed v z\u00e1livu.<\/span><\/p>\n<p><span>To znamen\u00e1, \u017ee p\u0159ilet\u00ed dal\u0161\u00ed americk\u00e1 letadlov\u00e1 lo\u010f, kter\u00e1 nahrad\u00ed odch\u00e1zej\u00edc\u00ed vlajkovou lo\u010f. Tato informace je\u0161t\u011b nebyla ofici\u00e1ln\u011b potvrzena, ale podle zv\u011bst\u00ed brzy do Rud\u00e9ho mo\u0159e doraz\u00ed letadlov\u00e1 lo\u010f s jadern\u00fdm pohonem Theodore Roosevelt, kter\u00e1 ji\u017e doplula ze San Diega na m\u00edsto sv\u00e9ho nov\u00e9ho p\u016fsobi\u0161t\u011b.<\/span><\/p>\n<p><strong><span>InfoKur\u00fdr<\/span><\/strong><span>\u00a0d\u0159\u00edve\u00a0informoval, \u017ee jemen\u0161t\u00ed H\u00fas\u00edov\u00e9 se neboj\u00ed americko-britsk\u00fdch \u00fader\u016f na svou zemi a hodlaj\u00ed <\/span><span>nad\u00e1le blokovat<\/span><span>\u00a0obchodn\u00ed cesty p\u0159es Rud\u00e9 mo\u0159e.<\/span><\/p>\n<p><img decoding=\"async\" loading=\"lazy\" class=\"alignnone size-full wp-image-1185\" src=\"http:\/\/www.infokuryr.cz\/n\/wp-content\/uploads\/2021\/04\/kuryr-podpis.png\" alt=\"\" width=\"84\" height=\"24\" \/><\/p>\n<p>&nbsp;<\/p>\n","protected":false},"excerpt":{"rendered":"<p>Nebezpe\u010dn\u00fd region brzy opust\u00ed letadlov\u00e1 lo\u010f US Navy s jadern\u00fdm pohonem USS Dwight Eisenhower, kter\u00e1&#8230;<\/p>\n","protected":false},"author":2,"featured_media":56249,"comment_status":"closed","ping_status":"closed","sticky":false,"template":"","format":"standard","meta":[],"categories":[7],"tags":[3399,6329,37],"_links":{"self":[{"href":"https:\/\/www.infokuryr.cz\/n\/wp-json\/wp\/v2\/posts\/56248"}],"collection":[{"href":"https:\/\/www.infokuryr.cz\/n\/wp-json\/wp\/v2\/posts"}],"about":[{"href":"https:\/\/www.infokuryr.cz\/n\/wp-json\/wp\/v2\/types\/post"}],"author":[{"embeddable":true,"href":"https:\/\/www.infokuryr.cz\/n\/wp-json\/wp\/v2\/users\/2"}],"replies":[{"embeddable":true,"href":"https:\/\/www.infokuryr.cz\/n\/wp-json\/wp\/v2\/comments?post=56248"}],"version-history":[{"count":0,"href":"https:\/\/www.infokuryr.cz\/n\/wp-json\/wp\/v2\/posts\/56248\/revisions"}],"wp:featuredmedia":[{"embeddable":true,"href":"https:\/\/www.infokuryr.cz\/n\/wp-json\/wp\/v2\/media\/56249"}],"wp:attachment":[{"href":"https:\/\/www.infokuryr.cz\/n\/wp-json\/wp\/v2\/media?parent=56248"}],"wp:term":[{"taxonomy":"category","embeddable":true,"href":"https:\/\/www.infokuryr.cz\/n\/wp-json\/wp\/v2\/categories?post=56248"},{"taxonomy":"post_tag","embeddable":true,"href":"https:\/\/www.infokuryr.cz\/n\/wp-json\/wp\/v2\/tags?post=56248"}],"curies":[{"name":"wp","href":"https:\/\/api.w.org\/{rel}","templated":true}]}}