{"id":56245,"date":"2024-06-23T00:44:35","date_gmt":"2024-06-22T22:44:35","guid":{"rendered":"https:\/\/www.infokuryr.cz\/n\/?p=56245"},"modified":"2024-06-22T18:25:59","modified_gmt":"2024-06-22T16:25:59","slug":"washington-zakazuje-kyjevu-utocit-na-ruska-letiste-americkymi-zbranemi","status":"publish","type":"post","link":"https:\/\/www.infokuryr.cz\/n\/2024\/06\/23\/washington-zakazuje-kyjevu-utocit-na-ruska-letiste-americkymi-zbranemi\/","title":{"rendered":"Washington zakazuje Kyjevu \u00fato\u010dit na rusk\u00e1 leti\u0161t\u011b americk\u00fdmi zbran\u011bmi"},"content":{"rendered":"<div id=\"fb-root\"><\/div>\n<p><span style=\"font-size: 14pt;\"><strong>P\u0159esto\u017ee je ukrajinsk\u00fdm sil\u00e1m povoleno pou\u017e\u00edvat ur\u010dit\u00e9 americk\u00e9 zbran\u011b proti c\u00edl\u016fm v Rusku, nesm\u011bj\u00ed \u00fato\u010dit na kl\u00ed\u010dov\u00e1 rusk\u00e1 leti\u0161t\u011b, uv\u00e1d\u00ed Washington Post. V souladu s t\u00edm Bidenova administrativa omezila provoz na vzd\u00e1lenost 100 kilometr\u016f za hranic\u00ed.<\/strong><\/span><\/p>\n<p>B\u00edl\u00fd d\u016fm ud\u011blil Kyjevu povolen\u00ed pou\u017e\u00edt zbran\u011b dodan\u00e9 USA proti rusk\u00fdm vojensk\u00fdm c\u00edl\u016fm nach\u00e1zej\u00edc\u00edm se a\u017e 100 kilometr\u016f za rusk\u00fdmi hranicemi.\u00a0<a href=\"https:\/\/www.washingtonpost.com\/world\/2024\/06\/21\/ukraine-firing-range-us-weapons-russia\/\">Informuje<\/a>\u00a0o tom\u00a0list\u00a0<em>Washington Post<\/em>\u00a0s odvol\u00e1n\u00edm na dva nejmenovan\u00e9 ukrajinsk\u00e9 \u010dinitele. Povolen\u00ed se tedy nevztahuje na \u00fatoky na d\u016fle\u017eit\u00e1 leti\u0161t\u011b rusk\u00fdch ozbrojen\u00fdch sil.<\/p>\n<p>Ameri\u010dt\u00ed p\u0159edstavitel\u00e9 odm\u00edtli limit up\u0159esnit, ale den\u00edku zd\u016fraznili, \u017ee tvrzen\u00ed ukrajinsk\u00e9 strany o omezen\u00ed dojezdu na m\u00e9n\u011b ne\u017e 100 kilometr\u016f bylo nespr\u00e1vn\u00e9.<\/p>\n<p>&#8222;Spojen\u00e9 st\u00e1ty souhlasily s t\u00edm, \u017ee umo\u017en\u00ed Ukrajin\u011b st\u0159\u00edlet zbran\u011bmi poskytnut\u00fdmi USA proti c\u00edl\u016fm na rusk\u00e9m \u00fazem\u00ed v t\u011bch pohrani\u010dn\u00edch oblastech, ze kter\u00fdch se rusk\u00e9 s\u00edly pokou\u0161ej\u00ed za\u00fato\u010dit na ukrajinsk\u00e9 \u00fazem\u00ed,&#8220; \u0159ekl mluv\u010d\u00ed Pentagonu major Charlie Dietz. Nejde o geografii nebo ur\u010dit\u00fd r\u00e1dius. Pokud v\u0161ak Rusko za\u00fato\u010d\u00ed nebo chce za\u00fato\u010dit na Ukrajinu ze sv\u00e9ho \u00fazem\u00ed, m\u00e1 Ukrajina mo\u017enost prov\u00e9st \u00fatoky proti sil\u00e1m, kter\u00e9 na ni \u00fato\u010d\u00ed z rusk\u00e9 strany, \u0159ekl Dietz. Kyjev m\u00e1 tak\u00e9 povolen\u00ed pou\u017e\u00edt americk\u00e9 obrann\u00e9 syst\u00e9my proti rusk\u00fdm letadl\u016fm, kter\u00e9 \u201echt\u011bj\u00ed zah\u00e1jit palbu na ukrajinsk\u00fd vzdu\u0161n\u00fd prostor\u201c, dodal.<\/p>\n<p>Americk\u00fd poradce pro n\u00e1rodn\u00ed bezpe\u010dnost Jake Sullivan\u00a0v \u00fater\u00fd pro\u00a0<em>PBS\u00a0<\/em><a href=\"https:\/\/www.politico.com\/news\/2024\/06\/20\/us-says-ukraine-can-hit-inside-russia-anywhere-00164261\">\u0159ekl<\/a> : &#8222;Toto nen\u00ed o geografii. To je o zdrav\u00e9m rozumu. Pokud Rusko \u00fato\u010d\u00ed nebo chce za\u00fato\u010dit na Ukrajinu ze sv\u00e9ho \u00fazem\u00ed, m\u00e1 smysl pouze umo\u017enit Ukrajin\u011b, aby tak u\u010dinila.&#8220; s\u00edly za hranicemi.&#8220;<\/p>\n<p>P\u0159esto\u017ee Kyjev nechce vzbudit dojem, \u017ee ukrajin\u0161t\u00ed p\u0159edstavitel\u00e9 ve\u0159ejn\u011b odporuj\u00ed sv\u00fdm spojenc\u016fm ve Washingtonu, je jasn\u00e9, \u017ee ukrajinsk\u00e1 arm\u00e1da nev\u011b\u0159\u00ed, \u017ee Kyjev m\u00e1 svobodu jedn\u00e1n\u00ed, kterou popisuje B\u00edl\u00fd d\u016fm a Pentagon, uvedl list.<\/p>\n<p>Ukrajinsk\u00fd p\u0159edstavitel obrany \u0159ekl\u00a0<em>Washington Post,<\/em>\u00a0\u017ee toto opr\u00e1vn\u011bn\u00ed k pou\u017eit\u00ed americk\u00fdch zbran\u00ed k prov\u00e1d\u011bn\u00ed \u00fatok\u016f uvnit\u0159 Ruska \u201erozhodn\u011b zm\u011bnilo\u201c situaci. Dodal v\u0161ak: &#8222;Ani dost\u0159el ani typ zbran\u011b nejsou dostate\u010dn\u00e9.&#8220;<\/p>\n<p>V\u00edce ne\u017e dva roky odm\u00edtala Bienova administrativa zru\u0161it z\u00e1kaz \u00fatok\u016f americk\u00fdmi zbran\u011bmi na rusk\u00e9 \u00fazem\u00ed, proto\u017ee by to mohlo v\u00e9st k p\u0159\u00edm\u00e9mu konfliktu mezi Moskvou a Washingtonem.<\/p>\n<p>Na konci kv\u011btna v\u0161ak vl\u00e1da USA dala Kyjevu povolen\u00ed pou\u017e\u00edt k \u00fatok\u016fm na rusk\u00e9 c\u00edle americk\u00e9 zbran\u011b. Povolen\u00ed se ale vztahuje pouze na oblast kolem Charkova,\u00a0<a href=\"https:\/\/www.politico.com\/news\/2024\/05\/30\/biden-ukraine-weapons-strike-russia-00160731\">informoval<\/a>\u00a0magaz\u00edn\u00a0<em>Politico<\/em>\u00a0. Nyn\u00ed by ukrajinsk\u00e9 ozbrojen\u00e9 s\u00edly m\u011bly tak\u00e9 mo\u017enost pou\u017e\u00edt americk\u00e9 zbran\u011b proti rusk\u00fdm jednotk\u00e1m shroma\u017e\u010fuj\u00edc\u00edm se v pohrani\u010dn\u00ed oblasti u Charkova nebo proti rusk\u00fdm letadl\u016fm shazuj\u00edc\u00edm bomby na ukrajinskou arm\u00e1du. Tato zm\u011bna v politice Washingtonu byla zp\u016fsobena zhor\u0161uj\u00edc\u00edmi se podm\u00ednkami na boji\u0161ti Kyjeva a postupem Ruska a tak\u00e9 zlep\u0161en\u00fdm postaven\u00edm rusk\u00fdch jednotek v Charkovsk\u00e9 oblasti.<\/p>\n<p>Washington v\u0161ak nezru\u0161il z\u00e1kaz pou\u017e\u00edv\u00e1n\u00ed americk\u00fdch zbran\u00ed dlouh\u00e9ho doletu, jako jsou rakety ATACMS, p\u00ed\u0161e\u00a0<em>Washington Post<\/em>\u00a0. Kyjev proto mus\u00ed i nad\u00e1le pou\u017e\u00edvat drony vlastn\u00ed v\u00fdroby k \u00fatok\u016fm na c\u00edle uvnit\u0159 Ruska.<\/p>\n<p>Moskva tvrd\u011b kritizovala Z\u00e1pad. V p\u0159\u00edpad\u011b, \u017ee k \u00fatoku na rusk\u00e9 \u00fazem\u00ed budou pou\u017eity z\u00e1padn\u00ed rakety, rusk\u00fd prezident Vladimir Putin ozn\u00e1mil asymetrickou reakci.<\/p>\n<p>\u201ePokud n\u011bkdo pova\u017euje za mo\u017en\u00e9 dod\u00e1vat takov\u00e9 zbran\u011b do v\u00e1le\u010dn\u00e9 z\u00f3ny za \u00fa\u010delem \u00fatoku na na\u0161e \u00fazem\u00ed, tak pro\u010d nem\u00e1me pr\u00e1vo dod\u00e1vat na\u0161e zbran\u011b stejn\u00e9ho typu do t\u011bch oblast\u00ed sv\u011bta, kde jsou citliv\u00e9 objekty t\u011bchto zem\u00ed? Stejn\u011b, jako to d\u011blaj\u00ed s Ruskem?&#8220; <a href=\"https:\/\/tass.ru\/politika\/21006869\">argumentoval<\/a>\u00a0Putin na tiskov\u00e9 konferenci za\u010d\u00e1tkem kv\u011btna.<\/p>\n<p><img decoding=\"async\" loading=\"lazy\" class=\"alignnone size-full wp-image-1185\" src=\"http:\/\/www.infokuryr.cz\/n\/wp-content\/uploads\/2021\/04\/kuryr-podpis.png\" alt=\"\" width=\"84\" height=\"24\" \/><\/p>\n<p>&nbsp;<\/p>\n","protected":false},"excerpt":{"rendered":"<p>P\u0159esto\u017ee je ukrajinsk\u00fdm sil\u00e1m povoleno pou\u017e\u00edvat ur\u010dit\u00e9 americk\u00e9 zbran\u011b proti c\u00edl\u016fm v Rusku, nesm\u011bj\u00ed \u00fato\u010dit&#8230;<\/p>\n","protected":false},"author":2,"featured_media":56246,"comment_status":"closed","ping_status":"closed","sticky":false,"template":"","format":"standard","meta":[],"categories":[7],"tags":[22,3540,26,37],"_links":{"self":[{"href":"https:\/\/www.infokuryr.cz\/n\/wp-json\/wp\/v2\/posts\/56245"}],"collection":[{"href":"https:\/\/www.infokuryr.cz\/n\/wp-json\/wp\/v2\/posts"}],"about":[{"href":"https:\/\/www.infokuryr.cz\/n\/wp-json\/wp\/v2\/types\/post"}],"author":[{"embeddable":true,"href":"https:\/\/www.infokuryr.cz\/n\/wp-json\/wp\/v2\/users\/2"}],"replies":[{"embeddable":true,"href":"https:\/\/www.infokuryr.cz\/n\/wp-json\/wp\/v2\/comments?post=56245"}],"version-history":[{"count":1,"href":"https:\/\/www.infokuryr.cz\/n\/wp-json\/wp\/v2\/posts\/56245\/revisions"}],"predecessor-version":[{"id":56247,"href":"https:\/\/www.infokuryr.cz\/n\/wp-json\/wp\/v2\/posts\/56245\/revisions\/56247"}],"wp:featuredmedia":[{"embeddable":true,"href":"https:\/\/www.infokuryr.cz\/n\/wp-json\/wp\/v2\/media\/56246"}],"wp:attachment":[{"href":"https:\/\/www.infokuryr.cz\/n\/wp-json\/wp\/v2\/media?parent=56245"}],"wp:term":[{"taxonomy":"category","embeddable":true,"href":"https:\/\/www.infokuryr.cz\/n\/wp-json\/wp\/v2\/categories?post=56245"},{"taxonomy":"post_tag","embeddable":true,"href":"https:\/\/www.infokuryr.cz\/n\/wp-json\/wp\/v2\/tags?post=56245"}],"curies":[{"name":"wp","href":"https:\/\/api.w.org\/{rel}","templated":true}]}}