{"id":56242,"date":"2024-06-23T00:41:38","date_gmt":"2024-06-22T22:41:38","guid":{"rendered":"https:\/\/www.infokuryr.cz\/n\/?p=56242"},"modified":"2024-06-22T17:27:53","modified_gmt":"2024-06-22T15:27:53","slug":"nigel-farage-zapad-vyprovokoval-konflikt-na-ukrajine","status":"publish","type":"post","link":"https:\/\/www.infokuryr.cz\/n\/2024\/06\/23\/nigel-farage-zapad-vyprovokoval-konflikt-na-ukrajine\/","title":{"rendered":"Nigel Farage: Z\u00e1pad \u201evyprovokoval\u201c konflikt na Ukrajin\u011b"},"content":{"rendered":"<div id=\"fb-root\"><\/div>\n<p><span style=\"font-size: 18pt;\"><strong>Pl\u00e1ny na roz\u0161\u00ed\u0159en\u00ed NATO a EU p\u0159im\u011bly Rusko, aby v\u011b\u0159ilo, \u017ee Z\u00e1pad p\u0159edstavuje hrozbu, \u0159ekl euroskeptik<\/strong><\/span><\/p>\n<p><span>Z\u00e1padn\u00ed mocnosti v podstat\u011b p\u0159im\u011bly Rusko k zah\u00e1jen\u00ed vojensk\u00e9 operace proti Ukrajin\u011b t\u00edm, \u017ee se odm\u00edtly vzd\u00e1t pl\u00e1n\u016f na roz\u0161\u00ed\u0159en\u00ed NATO a EU, \u0159ekl Nigel Farage, v\u016fdce strany Reform UK.<\/span><\/p>\n<p><span>V sobotn\u00edm rozhovoru pro BBC Farage, zn\u00e1m\u00fd svou prominentn\u00ed rol\u00ed v kampani za brexit a sv\u00fdmi protiimigra\u010dn\u00edmi n\u00e1zory, p\u0159ipomn\u011bl, \u017ee varoval p\u0159ed potenci\u00e1ln\u00ed v\u00e1lkou na Ukrajin\u011b ji\u017e v roce 2014 po p\u0159evratu v Kyjev\u011b podporovan\u00e9m Z\u00e1padem. .<\/span><\/p>\n<p><em><span>&#8222;Bylo mi z\u0159ejm\u00e9, \u017ee roz\u0161i\u0159ov\u00e1n\u00ed NATO a Evropsk\u00e9 unie st\u00e1le na v\u00fdchod d\u00e1v\u00e1 tomuto mu\u017ei [rusk\u00e9mu prezidentovi Vladimiru Putinovi] d\u016fvod&#8230; \u0159\u00edct &#8218;znovu po n\u00e1s jdou&#8216; a j\u00edt do v\u00e1lky,&#8220;<\/span><\/em><span>\u00a0\u0159ekl.<\/span><\/p>\n<p><span>Zat\u00edmco Farage tvrdil, \u017ee to, \u017ee Rusko poslalo voj\u00e1ky na Ukrajinu, byla Putinova\u00a0<\/span><em><span>\u201echyba\u201c<\/span><\/em><span>\u00a0, trval na tom, \u017ee\u00a0<\/span><em><span>\u201emy jsme tuto v\u00e1lku vyprovokovali\u201c.<\/span><\/em><\/p>\n<p><span>Farageovy koment\u00e1\u0159e vyvolaly pobou\u0159en\u00ed britsk\u00fdch \u00fa\u0159edn\u00edk\u016f, p\u0159i\u010dem\u017e ministr vnitra James Chyt\u0159e prohl\u00e1sil, \u017ee v\u016fdce reformy Spojen\u00e9ho kr\u00e1lovstv\u00ed\u00a0<\/span><em><span>\u201eodpov\u00edd\u00e1 Putinovu odporn\u00e9mu ospravedln\u011bn\u00ed brut\u00e1ln\u00ed invaze na Ukrajinu\u201c.<\/span><\/em><\/p>\n<p><span>V z\u00e1\u0159\u00ed 2014, kdy na Donbasu zu\u0159ily nel\u00edtostn\u00e9 bitvy, Farage odsoudil to, co nazval Z\u00e1padem\u00a0<\/span><em><span>\u201ezbyte\u010dn\u00e1 provokace\u201c<\/span><\/em><span>\u00a0Moskvy, a tvrdil, \u017ee to pramen\u00ed z aspirace NATO a EU absorbovat Ukrajinu.\u00a0<\/span><em><span>\u201eMor\u00e1lka p\u0159\u00edb\u011bhu je takov\u00e1, \u017ee kdy\u017e do rusk\u00e9ho medv\u011bda \u0161\u0165ouchnete hol\u00ed, nebu\u010fte p\u0159ekvapeni, kdy\u017e zareaguje,\u201c<\/span><\/em><span>\u00a0\u0159ekl tehdy Farage.<\/span><\/p>\n<p><span>24. \u00fanora 2022 \u2013 v den, kdy Rusko vyslalo voj\u00e1ky na Ukrajinu \u2013 Farage uznal, \u017ee Putin\u00a0<\/span><em><span>\u201eza\u0161el mnohem d\u00e1le, ne\u017e jsem si myslel, \u017ee ud\u011bl\u00e1\u201c,<\/span><\/em><span>\u00a0\u00a0a z\u00e1rove\u0148 zd\u016fraznil, \u017ee\u00a0<\/span><em><span>\u201enem\u00e1 smysl \u0161\u0165ourat do rusk\u00e9ho medv\u011bda hol\u00ed\u201c.<\/span><\/em><\/p>\n<p><span>Rusko po l\u00e9ta vyjad\u0159ovalo obavy z roz\u0161\u00ed\u0159en\u00ed NATO sm\u011brem k jeho hranic\u00edm a pova\u017eovalo to za existen\u010dn\u00ed hrozbu. \u010clenov\u00e9 vojensk\u00e9ho bloku pod veden\u00edm USA se v roce 2008 dohodli, \u017ee se Ukrajina nakonec p\u0159ipoj\u00ed, ale neuvedli \u017e\u00e1dn\u00fd konkr\u00e9tn\u00ed harmonogram. Kyjev ofici\u00e1ln\u011b prohl\u00e1sil \u010dlenstv\u00ed v NATO za strategick\u00fd c\u00edl v roce 2019. V roce 2022, pot\u00e9, co \u010dty\u0159i jeho b\u00fdval\u00e9 regiony hlasovaly pro p\u0159ipojen\u00ed k Rusku, podala Ukrajina \u017e\u00e1dost o p\u0159ipojen\u00ed k bloku.<\/span><\/p>\n<p><span>Moskva opakovan\u011b prohl\u00e1sila, \u017ee neutr\u00e1ln\u00ed status Ukrajiny je jedn\u00edm z kl\u00ed\u010dov\u00fdch c\u00edl\u016f jej\u00ed vojensk\u00e9 kampan\u011b. Tato ot\u00e1zka vyvstala na obzoru p\u0159i m\u00edrov\u00fdch rozhovorech v Istanbulu na ja\u0159e 2022, o nich\u017e jak ru\u0161t\u00ed p\u0159edstavitel\u00e9, tak i David Arakhamia, vedouc\u00ed ukrajinsk\u00e9 delegace na jedn\u00e1n\u00ed, \u0159ekli, \u017ee je vykolejil tehdej\u0161\u00ed premi\u00e9r Spojen\u00e9ho kr\u00e1lovstv\u00ed Boris Johnson, kter\u00fd pr\u00fd Ukrajin\u011b doporu\u010dil, aby bojovat d\u00e1l. Johnson tuto verzi ud\u00e1lost\u00ed zpochybnil.<\/span><\/p>\n<p><img decoding=\"async\" loading=\"lazy\" class=\"alignnone size-full wp-image-1185\" src=\"http:\/\/www.infokuryr.cz\/n\/wp-content\/uploads\/2021\/04\/kuryr-podpis.png\" alt=\"\" width=\"84\" height=\"24\" \/><\/p>\n<p>&nbsp;<\/p>\n","protected":false},"excerpt":{"rendered":"<p>Pl\u00e1ny na roz\u0161\u00ed\u0159en\u00ed NATO a EU p\u0159im\u011bly Rusko, aby v\u011b\u0159ilo, \u017ee Z\u00e1pad p\u0159edstavuje hrozbu, \u0159ekl&#8230;<\/p>\n","protected":false},"author":2,"featured_media":51785,"comment_status":"closed","ping_status":"closed","sticky":false,"template":"","format":"standard","meta":[],"categories":[7],"tags":[716,22,26,365],"_links":{"self":[{"href":"https:\/\/www.infokuryr.cz\/n\/wp-json\/wp\/v2\/posts\/56242"}],"collection":[{"href":"https:\/\/www.infokuryr.cz\/n\/wp-json\/wp\/v2\/posts"}],"about":[{"href":"https:\/\/www.infokuryr.cz\/n\/wp-json\/wp\/v2\/types\/post"}],"author":[{"embeddable":true,"href":"https:\/\/www.infokuryr.cz\/n\/wp-json\/wp\/v2\/users\/2"}],"replies":[{"embeddable":true,"href":"https:\/\/www.infokuryr.cz\/n\/wp-json\/wp\/v2\/comments?post=56242"}],"version-history":[{"count":0,"href":"https:\/\/www.infokuryr.cz\/n\/wp-json\/wp\/v2\/posts\/56242\/revisions"}],"wp:featuredmedia":[{"embeddable":true,"href":"https:\/\/www.infokuryr.cz\/n\/wp-json\/wp\/v2\/media\/51785"}],"wp:attachment":[{"href":"https:\/\/www.infokuryr.cz\/n\/wp-json\/wp\/v2\/media?parent=56242"}],"wp:term":[{"taxonomy":"category","embeddable":true,"href":"https:\/\/www.infokuryr.cz\/n\/wp-json\/wp\/v2\/categories?post=56242"},{"taxonomy":"post_tag","embeddable":true,"href":"https:\/\/www.infokuryr.cz\/n\/wp-json\/wp\/v2\/tags?post=56242"}],"curies":[{"name":"wp","href":"https:\/\/api.w.org\/{rel}","templated":true}]}}