{"id":56199,"date":"2024-06-22T00:39:10","date_gmt":"2024-06-21T22:39:10","guid":{"rendered":"https:\/\/www.infokuryr.cz\/n\/?p=56199"},"modified":"2024-06-21T16:14:24","modified_gmt":"2024-06-21T14:14:24","slug":"rutte-tleskam-vladimiru-putinovi-stejne-jako-tleskam-panu-trumpovi","status":"publish","type":"post","link":"https:\/\/www.infokuryr.cz\/n\/2024\/06\/22\/rutte-tleskam-vladimiru-putinovi-stejne-jako-tleskam-panu-trumpovi\/","title":{"rendered":"Rutte: Tlesk\u00e1m Vladim\u00edru Putinovi, stejn\u011b jako tlesk\u00e1m panu Trumpovi\u2026"},"content":{"rendered":"<div id=\"fb-root\"><\/div>\n<p><strong>NATO podle v\u011bt\u0161iny, tj. nez\u00e1padn\u00edho sv\u011bta je hlavn\u00edm zdrojem nap\u011bt\u00ed a konfliktu mezi Z\u00e1padem a Ruskem a je na\u010dase, aby ve sv\u00e9 nen\u00e1visti, kterou st\u00e1le v\u00edce pumpuje do sv\u011bta hezky rychle zvolnilo. Mark Rutte to s Donaldem Trumpem um\u011bl. Jak zn\u00e1mo, st\u00e1le jej l\u00e1kala p\u0159edstava opustit NATO. Rutte zachr\u00e1nil mimo jin\u00e9 jedno se setk\u00e1n\u00ed s l\u00eddry NATO, kter\u00e9 hrozilo v\u00fdbuchem a kdy Trump cht\u011bl ura\u017een\u011b odej\u00edt. Je to prost\u00e9: Onen sil\u00e1ck\u00fd Trump prost\u011b nen\u00e1vid\u00ed v\u00e1lky, zejm\u00e9na ty americk\u00e9\u2026<\/strong><\/p>\n<p><em>Port\u00e1l Politico.eu p\u0159inesl anal\u00fdzu 5 v\u00fdzev pro p\u0159\u00ed\u0161t\u00edho \u0161\u00e9fa NATO Marka Rutteho, autorem je Stuart Lau, \u00a0\u00a0a vybral jsem pro v\u00e1s to podstatn\u00e9.<\/em><\/p>\n<p><span style=\"font-size: 14pt;\"><strong><em>-x-x-x-<\/em><\/strong><\/span><\/p>\n<p>Od Trumpa po Wilderse, od nedostatku pen\u011bz po nedostatek syst\u00e9m\u016f protivzdu\u0161n\u00e9 obrany bude m\u00edt p\u0159\u00ed\u0161t\u00ed gener\u00e1ln\u00ed tajemn\u00edk NATO napilno.<\/p>\n<p>Kampa\u0148 odch\u00e1zej\u00edc\u00edho nizozemsk\u00e9ho premi\u00e9ra na post gener\u00e1ln\u00edho tajemn\u00edka skon\u010dila ve \u010dtvrtek, kdy si zajistil podporu v\u0161ech 32 spojenc\u016f NATO.<\/p>\n<p>Rutte, kter\u00fd \u0159\u00eddil p\u00e1tou nejv\u011bt\u0161\u00ed ekonomiku EU ji\u017e 14 let, je \u0161iroce chv\u00e1len jako efektivn\u00ed tv\u016frce konsensu\u00e1ln\u00edch dohod. (J.V: By\u0165 nen\u00e1vist v\u016f\u010di Viktoru Orb\u00e1novi vypudil na nejvy\u0161\u0161\u00ed m\u00edru, i proto se Viktor takticky se nechal m\u011bs\u00edce prosit, ne\u017e s\u00a0n\u00edm souhlasil)<\/p>\n<p>Zde je p\u011bt nejt\u011b\u017e\u0161\u00edch t\u00e9mat, se kter\u00fdmi se bude muset vypo\u0159\u00e1dat.<\/p>\n<p><span style=\"font-size: 18pt;\"><strong>1.Mo\u017en\u00fd n\u00e1vrat Donalda Trumpa<\/strong><\/span><\/p>\n<p>\u010cty\u0159i t\u00fddny pot\u00e9, co Rutte nastoup\u00ed do nov\u00e9 funkce, jdou Ameri\u010dan\u00e9 k volb\u00e1m a mohli by znovu zvolit Donalda Trumpa, skeptika v\u016f\u010di NATO.<\/p>\n<p>B\u011bhem kampan\u011b Trump vyhro\u017eoval, \u017ee pokud se vr\u00e1t\u00ed do B\u00edl\u00e9ho domu,\u00a0omez\u00ed americkou pomoc Ukrajin\u011b. Pokud to dodr\u017e\u00ed, mohlo by to zasadit t\u011b\u017ekou r\u00e1nu d\u016fv\u011bryhodnosti spojenc\u016f NATO p\u0159i pomoci Ukrajin\u011b br\u00e1nit se proti Rusku, vzhledem k tomu, \u017ee USA jsou zdaleka nejv\u011bt\u0161\u00edm d\u00e1rcem vojensk\u00e9 pomoci Kyjevu.<\/p>\n<p>Trumpovo znovuzvolen\u00ed tak\u00e9 t\u00e9m\u011b\u0159 jist\u011b zhat\u00ed pl\u00e1n NATO p\u0159ipravit Ukrajinu na jej\u00ed budouc\u00ed \u010dlenstv\u00ed, v\u010detn\u011b snah o dokon\u010den\u00ed westernizace ukrajinsk\u00e9 arm\u00e1dy p\u016fvodn\u011b sov\u011btsk\u00e9ho typu.<\/p>\n<p>Zem\u011b NATO loni sl\u00edbily, \u017ee &#8222;budou v pozici, kdy budou moci roz\u0161\u00ed\u0159it pozv\u00e1n\u00ed Ukrajiny ke vstupu do aliance, pokud s t\u00edm spojenci budou souhlasit a budou spln\u011bny podm\u00ednky&#8220;.<\/p>\n<p>Soud\u011b podle Trumpovy ned\u00e1vn\u00e9 charakteristiky ukrajinsk\u00e9ho prezidenta Volodymyra Zelensk\u00e9ho v\u0161ak tento z\u00e1vazek vypad\u00e1 vratce.<\/p>\n<p>Zelenskyj &#8222;m\u016f\u017ee b\u00fdt nejv\u011bt\u0161\u00edm obchodn\u00edkem ze v\u0161ech politik\u016f, kte\u0159\u00ed kdy \u017eili,&#8220;\u00a0\u0159ekl Trump minul\u00fd t\u00fdden na p\u0159edvolebn\u00ed akci. &#8222;Pr\u00e1v\u011b p\u0159ed \u010dty\u0159mi dny ode\u0161el s 60 miliardami\u00a0dolar\u016f (pot\u00e9, co podepsal desetiletou bezpe\u010dnostn\u00ed dohodu\u00a0s prezidentem Joe Bidenem), p\u0159i\u0161el dom\u016f a ozn\u00e1mil, \u017ee pot\u0159ebuje dal\u0161\u00edch 60 miliard dolar\u016f. Nikdy to nekon\u010d\u00ed.&#8220;<\/p>\n<p><span style=\"font-size: 18pt;\"><strong>2.Putin\u016fv zimn\u00ed \u00fatok na Ukrajinu<\/strong><\/span><\/p>\n<p>Jakmile Rutte nastoup\u00ed do \u00fa\u0159adu, Ukrajina ho s bl\u00ed\u017e\u00edc\u00ed se zimou po\u017e\u00e1d\u00e1 o pomoc.<\/p>\n<p>V posledn\u00edch m\u011bs\u00edc\u00edch Rusko zintenzivnilo \u00fadery proti ukrajinsk\u00fdm tepeln\u00fdm elektr\u00e1rn\u00e1m a p\u0159ehrad\u00e1m \u2013 infrastruktu\u0159e, jej\u00ed\u017e \u00fapln\u00e1 oprava trv\u00e1 m\u011bs\u00edce, ne-li roky.<\/p>\n<p>Sc\u00e9n\u00e1\u0159 Kremlu nen\u00ed nov\u00fd. B\u011bhem prvn\u00ed v\u00e1le\u010dn\u00e9 zimy v letech 2022 a\u017e 2023 byla ukrajinsk\u00e1 energetick\u00e1 s\u00ed\u0165 v\u00e1\u017en\u011b napadena.<\/p>\n<p>Kl\u00ed\u010d podle odch\u00e1zej\u00edc\u00edho \u0161\u00e9fa NATO Stoltenberga spo\u010d\u00edv\u00e1 ve\u00a0v\u011bt\u0161\u00edm po\u010dtu syst\u00e9m\u016f protivzdu\u0161n\u00e9 obrany, kter\u00e9 by mohly chr\u00e1nit dodavatele energie a tak\u00e9 pracovn\u00edky \u00fadr\u017eby pracuj\u00edc\u00ed na oprav\u00e1ch po\u0161kozen\u00fdch za\u0159\u00edzen\u00ed.<\/p>\n<p>Zem\u011b NATO tak\u00e9 bojuj\u00ed o vysl\u00e1n\u00ed \u2013 nebo v p\u0159\u00edpad\u011b Rutteho vlastn\u00ed zem\u011b o vybudov\u00e1n\u00ed \u2013 syst\u00e9m\u016f protivzdu\u0161n\u00e9 obrany. Ale Evropa jich tolik nem\u00e1, pokrok v USA se zpozdil v Kongresu a zem\u011b bl\u00edzk\u00e9 Rusku nejsou v t\u00e9to nebezpe\u010dn\u00e9 dob\u011b ochotn\u00e9 vzd\u00e1t se sv\u00fdch vzdu\u0161n\u00fdch \u0161t\u00edt\u016f.<\/p>\n<p><span style=\"font-size: 18pt;\"><strong>3.P\u0159im\u011bt \u010dlensk\u00e9 st\u00e1ty NATO, aby zaplatily<\/strong><\/span><\/p>\n<p>NATO tento t\u00fdden oslavilo rekordn\u00ed po\u010det spojenc\u016f, kte\u0159\u00ed dos\u00e1hli c\u00edle 2 % HDP ve v\u00fddaj\u00edch na obranu \u2013 23. Nizozemsko tuto hranici po\u00a0letech zaost\u00e1v\u00e1n\u00ed\u00a0letos pr\u00e1v\u011b p\u0159ekro\u010dilo.<\/p>\n<p>To v\u0161ak znamen\u00e1, \u017ee t\u0159etina aliance st\u00e1le nepln\u00ed sv\u016fj slib, p\u0159esto\u017ee tento slib u\u010dinila p\u0159ed 10 lety.<\/p>\n<p><a href=\"https:\/\/stranapro.cz\/\"><img decoding=\"async\" loading=\"lazy\" class=\"wp-image-40285 aligncenter\" src=\"http:\/\/www.infokuryr.cz\/n\/wp-content\/uploads\/2023\/11\/11pro-300x79.png\" alt=\"\" width=\"756\" height=\"199\" srcset=\"https:\/\/www.infokuryr.cz\/n\/wp-content\/uploads\/2023\/11\/11pro-300x79.png 300w, https:\/\/www.infokuryr.cz\/n\/wp-content\/uploads\/2023\/11\/11pro.png 363w\" sizes=\"(max-width: 756px) 100vw, 756px\" \/><\/a><\/p>\n<p>Jihoevropsk\u00e9 n\u00e1rody pat\u0159\u00ed k nejhor\u0161\u00edm provinilc\u016fm.<\/p>\n<p>V It\u00e1lii odhady pro rok 2024 p\u0159edpokl\u00e1daj\u00ed m\u00edrn\u00fd pokles z ji\u017e tak n\u00edzk\u00fdch 1,5 procenta v lo\u0148sk\u00e9m roce. \u0160pan\u011blsko letos utrat\u00ed jen 1,28 procenta. Sousedn\u00ed Portugalsko se zav\u00e1zalo 1,55 procenta.<\/p>\n<p>&#8222;\u0160patn\u00e1 bilance na\u0161ich st\u0159edomo\u0159sk\u00fdch p\u0159\u00e1tel je pro Trumpa dokonalou zbran\u00ed,&#8220; \u0159ekl vysoce postaven\u00fd diplomat z pobaltsk\u00e9ho regionu, kter\u00e9mu byla zaru\u010dena anonymita, aby mohl svobodn\u011b hovo\u0159it o n\u00e1lad\u011b v NATO. Region je siln\u00fdm zast\u00e1ncem tvrd\u0161\u00edho p\u0159\u00edstupu k Rusku. (J.V.: Jsou to zkr\u00e1tka v\u00e1le\u010dn\u00ed jest\u0159\u00e1bov\u00e9, kte\u0159\u00ed t\u00edm v\u00edce, co sami na boj s\u00a0Ruskem nemaj\u00ed, o to v\u00edce v\u00e1le\u010dnick\u00e9 n\u00e1lady vyvol\u00e1vaj\u00ed)<\/p>\n<p>Bl\u00ed\u017ee k Trumpov\u011b p\u016fd\u011b je v\u0161ak situace stejn\u011b \u0161patn\u00e1. Kanada, kter\u00e1 je \u010dlenem NATO od sam\u00e9ho po\u010d\u00e1tku v roce 1949, se zav\u00e1zala pouze 1,37 procenta HDP a od za\u010d\u00e1tku rusk\u00e9 v\u00e1lky proti Ukrajin\u011b zaznamenala r\u016fst o 0,1 procenta.<\/p>\n<p><span style=\"font-size: 18pt;\"><strong>4.St\u00ed\u017enosti na v\u00fdchodn\u00edm k\u0159\u00eddle<\/strong><\/span><\/p>\n<p>Zem\u011b soused\u00edc\u00ed s Ruskem nejsou Rutteho nejv\u011bt\u0161\u00edmi fanou\u0161ky.<\/p>\n<p>Byli na\u0161tvan\u00ed kv\u016fli n\u00edzk\u00fdm nizozemsk\u00fdm v\u00fddaj\u016fm na obranu a jsou obzvl\u00e1\u0161t\u011b na\u0161tvan\u00ed, \u017ee nejvy\u0161\u0161\u00ed role v NATO v\u017edy p\u0159ipadla Z\u00e1padu nebo Severoevropanovi, p\u0159esto\u017ee zem\u011b v\u00fdchodn\u00edho k\u0159\u00eddla jsou v alianci u\u017e \u010dtvrt stolet\u00ed.<\/p>\n<p>Jedn\u00edm z prvn\u00edch Rutteho \u00fakol\u016f ve funkci \u0161\u00e9fa NATO by bylo jmenovat n\u00e1m\u011bstka a bude na n\u011bj vyv\u00edjen tlak, aby jmenoval n\u011bkoho z v\u00fdchodn\u00ed zem\u011b.<\/p>\n<p><span style=\"font-size: 18pt;\"><strong>5.Evrop\u0161t\u00ed l\u00edd\u0159i miluj\u00edc\u00ed Putina<\/strong><\/span><\/p>\n<p>Nen\u00ed to jen Trump, koho bude muset Rutte p\u0159esv\u011bd\u010dit, aby udr\u017eel NATO na\u017eivu a zdrav\u00e9.<\/p>\n<p>Po cel\u00e9 Evrop\u011b vzkv\u00e9taj\u00ed krajn\u011b pravicov\u00e9 strany, kter\u00e9 jsou skeptick\u00e9 v\u016f\u010di NATO a miluj\u00ed Putina.<\/p>\n<p>Nap\u0159\u00edklad Francie je na pokraji parlamentn\u00edch voleb, kter\u00e9 by mohly p\u0159in\u00e9st velk\u00e9 zisky krajn\u011b pravicov\u00e9mu N\u00e1rodn\u00edmu sdru\u017een\u00ed \u2013 co\u017e donutilo Stoltenberga v\u00a0rozhovoru pro Politico\u00a0u\u010dinit vz\u00e1cnou prosbu k Pa\u0159\u00ed\u017ei, aby &#8222;udr\u017eela NATO siln\u00e9&#8220;.<\/p>\n<p>Rutte samoz\u0159ejm\u011b zn\u00e1 tento p\u0159\u00edb\u011bh a\u017e p\u0159\u00edli\u0161 dob\u0159e. Sv\u00fdm zp\u016fsobem za\u010dal uva\u017eovat o nejvy\u0161\u0161\u00ed funkci v NATO, kdy\u017e za\u010dalo b\u00fdt jasn\u00e9, \u017ee jeho st\u0159edopravicov\u00e1 Lidov\u00e1 strana pro svobodu a demokracii prohraje nizozemsk\u00e9 volby s krajn\u011b pravicovou Stranou pro svobodu Geerta Wilderse,\u00a0co\u017e se tak\u00e9 stalo.<\/p>\n<p><em>J.V.:\u010c\u00edm jsem za\u010dal, tedy jak\u00fdmisi n\u00e1mluvami Rutteho v\u016f\u010di Putinovi a\u00a0 Trumpovi, t\u00edm tak\u00e9 skon\u010d\u00edm. Oproti na\u0161im jest\u0159\u00e1b\u016fm, Fialy \u010di Pavla, jeho sm\u00edrn\u00e1 slova ke dv\u011bma rozhoduj\u00edc\u00edm sv\u011btov\u00fdm postav\u00e1m, kter\u00e9 stoj\u00ed proti NATO, Vladim\u00edrovi a Donaldovi, jsou velmi nad\u011bjn\u00e1:<\/em><\/p>\n<p><em>Kdy\u017e byl Wilders loni dot\u00e1z\u00e1n na sv\u016fj n\u00e1zor na rusk\u00e9ho v\u016fdce Vladimira Putina,\u00a0\u0159ekl\u00a0rusk\u00e9\u00a0\u00a0 RT (u n\u00e1s zak\u00e1zan\u00e9): &#8222;Tlesk\u00e1m mu, stejn\u011b jako tlesk\u00e1m panu Trumpovi za to, \u017ee jsou v\u016fdci, kte\u0159\u00ed vystupuj\u00ed \u00a0jm\u00e9nem rusk\u00e9ho a americk\u00e9ho lidu.&#8220;<\/em><\/p>\n<p><em>Tak se nechme p\u0159ekvapit, p\u0159\u00e1tel\u00e9.<\/em><\/p>\n<p><a href=\"https:\/\/vasevec.info\/clanky\/rutte-tleskam-vladimiru-putinovi-stejne-jako-tleskam-panu-trumpovi\">Ji\u0159\u00ed Vyvadil<\/a><\/p>\n<p><img decoding=\"async\" loading=\"lazy\" class=\"alignnone size-medium wp-image-16474\" src=\"http:\/\/www.infokuryr.cz\/n\/wp-content\/uploads\/2022\/10\/jiri-vyvadil-300x200.jpg\" alt=\"\" width=\"300\" height=\"200\" srcset=\"https:\/\/www.infokuryr.cz\/n\/wp-content\/uploads\/2022\/10\/jiri-vyvadil-300x200.jpg 300w, https:\/\/www.infokuryr.cz\/n\/wp-content\/uploads\/2022\/10\/jiri-vyvadil-768x512.jpg 768w, https:\/\/www.infokuryr.cz\/n\/wp-content\/uploads\/2022\/10\/jiri-vyvadil.jpg 800w\" sizes=\"(max-width: 300px) 100vw, 300px\" \/><\/p>\n<p>&nbsp;<\/p>\n","protected":false},"excerpt":{"rendered":"<p>NATO podle v\u011bt\u0161iny, tj. nez\u00e1padn\u00edho sv\u011bta je hlavn\u00edm zdrojem nap\u011bt\u00ed a konfliktu mezi Z\u00e1padem a&#8230;<\/p>\n","protected":false},"author":2,"featured_media":56155,"comment_status":"closed","ping_status":"closed","sticky":false,"template":"","format":"standard","meta":[],"categories":[6],"tags":[1503,7486,102,452],"_links":{"self":[{"href":"https:\/\/www.infokuryr.cz\/n\/wp-json\/wp\/v2\/posts\/56199"}],"collection":[{"href":"https:\/\/www.infokuryr.cz\/n\/wp-json\/wp\/v2\/posts"}],"about":[{"href":"https:\/\/www.infokuryr.cz\/n\/wp-json\/wp\/v2\/types\/post"}],"author":[{"embeddable":true,"href":"https:\/\/www.infokuryr.cz\/n\/wp-json\/wp\/v2\/users\/2"}],"replies":[{"embeddable":true,"href":"https:\/\/www.infokuryr.cz\/n\/wp-json\/wp\/v2\/comments?post=56199"}],"version-history":[{"count":0,"href":"https:\/\/www.infokuryr.cz\/n\/wp-json\/wp\/v2\/posts\/56199\/revisions"}],"wp:featuredmedia":[{"embeddable":true,"href":"https:\/\/www.infokuryr.cz\/n\/wp-json\/wp\/v2\/media\/56155"}],"wp:attachment":[{"href":"https:\/\/www.infokuryr.cz\/n\/wp-json\/wp\/v2\/media?parent=56199"}],"wp:term":[{"taxonomy":"category","embeddable":true,"href":"https:\/\/www.infokuryr.cz\/n\/wp-json\/wp\/v2\/categories?post=56199"},{"taxonomy":"post_tag","embeddable":true,"href":"https:\/\/www.infokuryr.cz\/n\/wp-json\/wp\/v2\/tags?post=56199"}],"curies":[{"name":"wp","href":"https:\/\/api.w.org\/{rel}","templated":true}]}}