{"id":56189,"date":"2024-06-22T00:33:06","date_gmt":"2024-06-21T22:33:06","guid":{"rendered":"https:\/\/www.infokuryr.cz\/n\/?p=56189"},"modified":"2024-06-21T15:52:02","modified_gmt":"2024-06-21T13:52:02","slug":"proc-musel-ondrej-thor-do-exilu-je-to-soucast-brutalniho-policejniho-teroru","status":"publish","type":"post","link":"https:\/\/www.infokuryr.cz\/n\/2024\/06\/22\/proc-musel-ondrej-thor-do-exilu-je-to-soucast-brutalniho-policejniho-teroru\/","title":{"rendered":"Pro\u010d musel Ond\u0159ej Thor do exilu? Je to sou\u010d\u00e1st brut\u00e1ln\u00edho policejn\u00edho teroru?"},"content":{"rendered":"<div id=\"fb-root\"><\/div>\n<p><span style=\"font-size: 14pt;\"><strong>Toto se d\u011blo p\u0159\u00edmo p\u0159ed vl\u00e1dou, p\u0159\u00edmo pod kamerami Raku\u0161anovy policie. A peti\u010dn\u00ed protest prost\u011b vl\u00e1da zkou\u0161ela zlikvidovat jak\u00fdmkoliv terorem. A nakonec Thora zatkli brut\u00e1ln\u00ed t\u011b\u017ekood\u011bnci&#8230;<\/strong><\/span><\/p>\n<div style=\"width: 634px;\" class=\"wp-video\"><!--[if lt IE 9]><script>document.createElement('video');<\/script><![endif]-->\n<video class=\"wp-video-shortcode\" id=\"video-56189-1\" width=\"634\" height=\"360\" preload=\"metadata\" controls=\"controls\"><source type=\"video\/mp4\" src=\"http:\/\/www.infokuryr.cz\/n\/wp-content\/uploads\/2024\/06\/1960.mp4?_=1\" \/><a href=\"http:\/\/www.infokuryr.cz\/n\/wp-content\/uploads\/2024\/06\/1960.mp4\">http:\/\/www.infokuryr.cz\/n\/wp-content\/uploads\/2024\/06\/1960.mp4<\/a><\/video><\/div>\n<p>&nbsp;<\/p>\n<p><span style=\"font-size: 18pt; color: #993366;\"><strong>JE\u0160T\u011a SE T\u00cdM CHLUB\u00cd A POLICIE NEKON\u00c1!<\/strong><\/span><\/p>\n<p><span class=\"x193iq5w xeuugli x13faqbe x1vvkbs x1xmvt09 x1lliihq x1s928wv xhkezso x1gmr53x x1cpjm7i x1fgarty x1943h6x xudqn12 x3x7a5m x6prxxf xvq8zen xo1l8bm xzsf02u x1yc453h\" dir=\"auto\">Posledn\u00ed \u00fatok na peti\u010dn\u00ed st\u00e1nek (Asgard) Ond\u0159eje Thora, t\u011bsn\u011b p\u0159edt\u00edm, ne\u017e byl st\u00e1nek zlikvidov\u00e1n polici\u00ed a t\u011b\u017ekood\u011bnci. P\u0159itom naho\u0159e je vl\u00e1dn\u00ed kamera, a v\u0161e p\u0159\u00edmo p\u0159ed budovou vl\u00e1dy za dohledu policist\u016f, kte\u0159\u00ed v\u0161e monitoruj\u00ed. Cht\u011bli Ondru zab\u00edt?<br \/>\n<\/span><\/p>\n<h2><span style=\"color: #993366;\"><strong>POM\u00c1HAT A CHR\u00c1NIT!<\/strong><\/span><\/h2>\n<p>Pokud je\u0161t\u011b n\u011bkdo pochybuje, \u017ee Ondrovi Thorovi \u0161lo u\u017e skute\u010dn\u011b o \u017eivot za dohledu Raku\u0161anovy policie a stejn\u011b jako u masov\u00e9 vra\u017edy na U.K., kde z\u00e1hadn\u011b policie zakro\u010d\u00ed tak\u00e9 a\u017e po teroru, proto\u017ee v poslaneck\u00e9 sn\u011bmovn\u011b je\u00a0<strong>\u010d\u00edslo 108 posv\u00e1tn\u00e1 kr\u00e1va<\/strong>\u00a0a\u00a0<strong>\u017d\u00e1\u010dek (ODS)<\/strong>\u00a0z bezpe\u010dnostn\u00ed\u00e9ho v\u00fdboru stejn\u011b jako\u00a0<strong>Raku\u0161an (STAN)<\/strong>\u00a0a\u00a0<strong>policajt Vondr\u00e1\u0161ek\u00a0<\/strong>se v\u0161em vysm\u00edvaj\u00ed&#8230;<\/p>\n<p><img decoding=\"async\" loading=\"lazy\" class=\"aligncenter\" src=\"https:\/\/www.skrytapravda.cz\/images\/blogy\/805\/2024\/6cerven\/zacek_rakusan_b5b8c.webp\" alt=\"zacek rakusan b5b8c\" width=\"652\" height=\"350\" \/><\/p>\n<p><span style=\"font-size: 18pt; color: #993366;\"><strong>\u00a0Operace se zda\u0159ila, pacienti pochc\u00edpali&#8230;<\/strong><\/span><\/p>\n<p><span style=\"font-size: 18pt; color: #ff0000;\"><strong>\u0160\u00cdLEN\u00c9!<\/strong><\/span><\/p>\n<p>Hr\u016fzostra\u0161n\u00e9 obdob\u00ed, o kter\u00e9m jsme \u010detli pouze jako o dob\u011b n\u011bmeck\u00e9ho nacistick\u00e9ho protektor\u00e1tu! A maminka zavra\u017ed\u011bn\u00e9 sle\u010dny?<\/p>\n<p><img decoding=\"async\" loading=\"lazy\" class=\"aligncenter\" src=\"https:\/\/www.skrytapravda.cz\/images\/blogy\/805\/2024\/6cerven\/MAMINKA_f469b.webp\" alt=\"MAMINKA f469b\" width=\"534\" height=\"875\" \/><\/p>\n<p>Ani nev\u00edte,<strong>\u00a0jak moc bych mu jeho samolib\u00e1 slova vr\u00e1tila do toho jeho ksichtu!<\/strong>\u00a0Tak r\u00e1da bych s ob\u011bma p\u00e1ny \u0161la do klece, to by byla \u00faleva. Aspo\u0148 \u010d\u00e1ste\u010dn\u00e1&#8230; Alespo\u0148 pro ten moment.<\/p>\n<p>Te\u010f u\u017e bych byla sprost\u00e1, neum\u00edte si p\u0159edstavit jak moc. Jsou to chud\u00e1ci. Oba!\u00a0<strong>Jste srab, pane Raku\u0161ane, zrovna tak vy, pane Vondr\u00e1\u0161ku!!!!<\/strong><\/p>\n<p><a href=\"https:\/\/www.skrytapravda.cz\/z-domova\/1960-proc-musel-ondrej-thor-do-exilu-je-to-soucast-brutalniho-policejniho-teroru\">Petr Pokorn\u00fd<\/a><\/p>\n<p>&nbsp;<\/p>\n<p><a href=\"https:\/\/stranapro.cz\/\"><img decoding=\"async\" loading=\"lazy\" class=\"wp-image-40286 aligncenter\" src=\"http:\/\/www.infokuryr.cz\/n\/wp-content\/uploads\/2023\/11\/12pro-300x87.png\" alt=\"\" width=\"948\" height=\"275\" srcset=\"https:\/\/www.infokuryr.cz\/n\/wp-content\/uploads\/2023\/11\/12pro-300x87.png 300w, https:\/\/www.infokuryr.cz\/n\/wp-content\/uploads\/2023\/11\/12pro.png 366w\" sizes=\"(max-width: 948px) 100vw, 948px\" \/><\/a><\/p>\n<p>&nbsp;<\/p>\n<p>&nbsp;<\/p>\n","protected":false},"excerpt":{"rendered":"<p>Toto se d\u011blo p\u0159\u00edmo p\u0159ed vl\u00e1dou, p\u0159\u00edmo pod kamerami Raku\u0161anovy policie. A peti\u010dn\u00ed protest prost\u011b&#8230;<\/p>\n","protected":false},"author":2,"featured_media":56191,"comment_status":"closed","ping_status":"closed","sticky":false,"template":"","format":"standard","meta":[],"categories":[6],"tags":[169,86,1032,36],"_links":{"self":[{"href":"https:\/\/www.infokuryr.cz\/n\/wp-json\/wp\/v2\/posts\/56189"}],"collection":[{"href":"https:\/\/www.infokuryr.cz\/n\/wp-json\/wp\/v2\/posts"}],"about":[{"href":"https:\/\/www.infokuryr.cz\/n\/wp-json\/wp\/v2\/types\/post"}],"author":[{"embeddable":true,"href":"https:\/\/www.infokuryr.cz\/n\/wp-json\/wp\/v2\/users\/2"}],"replies":[{"embeddable":true,"href":"https:\/\/www.infokuryr.cz\/n\/wp-json\/wp\/v2\/comments?post=56189"}],"version-history":[{"count":1,"href":"https:\/\/www.infokuryr.cz\/n\/wp-json\/wp\/v2\/posts\/56189\/revisions"}],"predecessor-version":[{"id":56192,"href":"https:\/\/www.infokuryr.cz\/n\/wp-json\/wp\/v2\/posts\/56189\/revisions\/56192"}],"wp:featuredmedia":[{"embeddable":true,"href":"https:\/\/www.infokuryr.cz\/n\/wp-json\/wp\/v2\/media\/56191"}],"wp:attachment":[{"href":"https:\/\/www.infokuryr.cz\/n\/wp-json\/wp\/v2\/media?parent=56189"}],"wp:term":[{"taxonomy":"category","embeddable":true,"href":"https:\/\/www.infokuryr.cz\/n\/wp-json\/wp\/v2\/categories?post=56189"},{"taxonomy":"post_tag","embeddable":true,"href":"https:\/\/www.infokuryr.cz\/n\/wp-json\/wp\/v2\/tags?post=56189"}],"curies":[{"name":"wp","href":"https:\/\/api.w.org\/{rel}","templated":true}]}}