{"id":56186,"date":"2024-06-22T00:44:34","date_gmt":"2024-06-21T22:44:34","guid":{"rendered":"https:\/\/www.infokuryr.cz\/n\/?p=56186"},"modified":"2024-06-21T15:42:32","modified_gmt":"2024-06-21T13:42:32","slug":"nemecky-rheinmetall-ziskal-rekordni-zakazku-na-delostrelecke-granaty-v-hodnote-85-miliardy-eur","status":"publish","type":"post","link":"https:\/\/www.infokuryr.cz\/n\/2024\/06\/22\/nemecky-rheinmetall-ziskal-rekordni-zakazku-na-delostrelecke-granaty-v-hodnote-85-miliardy-eur\/","title":{"rendered":"N\u011bmeck\u00fd Rheinmetall z\u00edskal rekordn\u00ed zak\u00e1zku na d\u011blost\u0159eleck\u00e9 gran\u00e1ty v hodnot\u011b 8,5 miliardy eur"},"content":{"rendered":"<div id=\"fb-root\"><\/div>\n<h2 class=\"s-tagline fw-tagline\"><span>Munice dopln\u00ed ten\u010d\u00edc\u00ed se n\u011bmeck\u00e9 z\u00e1soby, ale mnoho gran\u00e1t\u016f p\u016fjde tak\u00e9 na Ukrajinu<\/span><\/h2>\n<p><span>N\u011bmeck\u00e1 zbroja\u0159sk\u00e1 skupina Rheinmetall ve \u010dtvrtek ozn\u00e1mila, \u017ee od n\u011bmeck\u00e9ho Bundeswehru obdr\u017eela nejv\u011bt\u0161\u00ed <\/span><a class=\"ek-link\" href=\"https:\/\/www.magyarhirlap.hu\/kulfold\/20240620-a-nemet-rheinmetall-hatalmas-megrendelest-kapott-loszerek-szallitasara\"><span>zak\u00e1zku<\/span><\/a><span>\u00a0v historii spole\u010dnosti na d\u011blost\u0159eleckou munici r\u00e1\u017ee 155 mm.<\/span><\/p>\n<p><span>Podle tiskov\u00e9 slu\u017eby spole\u010dnosti se celkov\u00e1 hodnota kontraktu na dod\u00e1vku munice pohybuje kolem 8,5 miliardy eur. Nov\u011b ozn\u00e1men\u00e1 dohoda nahrazuje p\u0159edchoz\u00ed smlouvu podepsanou v \u010dervenci 2023 na mnohem ni\u017e\u0161\u00ed dod\u00e1vku a\u017e 1,3 miliardy EUR.<\/span><\/p>\n<p><span>Nov\u00e1 dohoda nespecifikuje po\u010det 155mm projektil\u016f. Objednan\u00e1 munice se bude vyr\u00e1b\u011bt p\u0159edev\u0161\u00edm v nov\u00e9m z\u00e1vod\u011b Rheinmetall v Unterl\u00fcss v severn\u00edm N\u011bmecku. Skupina pl\u00e1nuje zah\u00e1jit dod\u00e1vky na za\u010d\u00e1tku roku 2025 s prvn\u00ed tran\u0161\u00ed v hodnot\u011b p\u0159ibli\u017en\u011b 880 milion\u016f EUR.<\/span><\/p>\n<p><span>N\u011bmeck\u00e1 arm\u00e1da zak\u00e1zku vyu\u017eije k dopln\u011bn\u00ed vlastn\u00edch z\u00e1sob a v\u00fdznamnou \u010d\u00e1st dod\u00e1 i na Ukrajinu. Spole\u010dnost o\u010dek\u00e1v\u00e1, \u017ee po\u010det zak\u00e1zek v n\u00e1sleduj\u00edc\u00edch letech d\u00e1le poroste.<\/span><\/p>\n<p><span>\u201eTato v\u00fdznamn\u00e1 r\u00e1mcov\u00e1 smlouva podtrhuje vedouc\u00ed roli Rheinmetall jako dodavatele munice v N\u011bmecku a jej\u00ed pozici nejv\u011bt\u0161\u00edho sv\u011btov\u00e9ho v\u00fdrobce d\u011blost\u0159eleck\u00e9 munice,\u201c \u0159ekl gener\u00e1ln\u00ed \u0159editel Rheinmetall Armin Papperger.<\/span><\/p>\n<p><span>Za\u010d\u00e1tkem \u010dervna Rheinmetall ozn\u00e1mil, \u017ee investuje v\u00edce ne\u017e 180 milion\u016f eur do v\u00fdstavby z\u00e1vodu na v\u00fdrobu munice v Litv\u011b, p\u0159ipomn\u011bl zpravodajsk\u00fd port\u00e1l Ukrainska Pravda. P\u0159edt\u00edm spole\u010dnost na konci b\u0159ezna ozn\u00e1mila, \u017ee na zv\u00fd\u0161en\u00ed v\u00fdroby munice dostane od Evropsk\u00e9 unie v\u00edce ne\u017e 130 milion\u016f eur.<\/span><\/p>\n<p><span>Rheinmetall je nejv\u011bt\u0161\u00ed n\u011bmeck\u00fd v\u00fdrobce zbran\u00ed, kter\u00fd vyr\u00e1b\u00ed nejen munici, ale tak\u00e9 tanky, vojensk\u00e1 n\u00e1kladn\u00ed auta a zbran\u011b. Samotn\u00e1 nov\u00e1 objedn\u00e1vka je vy\u0161\u0161\u00ed ne\u017e celkov\u00e9 tr\u017eby spole\u010dnosti v roce 2023 ve v\u00fd\u0161i 7,17 miliardy EUR. Kv\u016fli zv\u00fd\u0161en\u00e9 popt\u00e1vce od v\u00e1lky na Ukrajin\u011b \u010dinila nevy\u0159\u00edzen\u00e1 objedn\u00e1vka Rheinmetallu na konci lo\u0148sk\u00e9ho roku 38,3 miliardy eur.<\/span><\/p>\n<p><img decoding=\"async\" loading=\"lazy\" class=\"alignnone size-full wp-image-1185\" src=\"http:\/\/www.infokuryr.cz\/n\/wp-content\/uploads\/2021\/04\/kuryr-podpis.png\" alt=\"\" width=\"84\" height=\"24\" \/><\/p>\n<p>&nbsp;<\/p>\n","protected":false},"excerpt":{"rendered":"<p>Munice dopln\u00ed ten\u010d\u00edc\u00ed se n\u011bmeck\u00e9 z\u00e1soby, ale mnoho gran\u00e1t\u016f p\u016fjde tak\u00e9 na Ukrajinu N\u011bmeck\u00e1 zbroja\u0159sk\u00e1&#8230;<\/p>\n","protected":false},"author":2,"featured_media":56187,"comment_status":"closed","ping_status":"closed","sticky":false,"template":"","format":"standard","meta":[],"categories":[7],"tags":[7488,2365,84,7487],"_links":{"self":[{"href":"https:\/\/www.infokuryr.cz\/n\/wp-json\/wp\/v2\/posts\/56186"}],"collection":[{"href":"https:\/\/www.infokuryr.cz\/n\/wp-json\/wp\/v2\/posts"}],"about":[{"href":"https:\/\/www.infokuryr.cz\/n\/wp-json\/wp\/v2\/types\/post"}],"author":[{"embeddable":true,"href":"https:\/\/www.infokuryr.cz\/n\/wp-json\/wp\/v2\/users\/2"}],"replies":[{"embeddable":true,"href":"https:\/\/www.infokuryr.cz\/n\/wp-json\/wp\/v2\/comments?post=56186"}],"version-history":[{"count":0,"href":"https:\/\/www.infokuryr.cz\/n\/wp-json\/wp\/v2\/posts\/56186\/revisions"}],"wp:featuredmedia":[{"embeddable":true,"href":"https:\/\/www.infokuryr.cz\/n\/wp-json\/wp\/v2\/media\/56187"}],"wp:attachment":[{"href":"https:\/\/www.infokuryr.cz\/n\/wp-json\/wp\/v2\/media?parent=56186"}],"wp:term":[{"taxonomy":"category","embeddable":true,"href":"https:\/\/www.infokuryr.cz\/n\/wp-json\/wp\/v2\/categories?post=56186"},{"taxonomy":"post_tag","embeddable":true,"href":"https:\/\/www.infokuryr.cz\/n\/wp-json\/wp\/v2\/tags?post=56186"}],"curies":[{"name":"wp","href":"https:\/\/api.w.org\/{rel}","templated":true}]}}