{"id":56167,"date":"2024-06-22T00:36:42","date_gmt":"2024-06-21T22:36:42","guid":{"rendered":"https:\/\/www.infokuryr.cz\/n\/?p=56167"},"modified":"2024-06-21T14:45:18","modified_gmt":"2024-06-21T12:45:18","slug":"lucas-leiroz-polsko-se-chysta-rozmistit-miny-na-ruskych-hranicich","status":"publish","type":"post","link":"https:\/\/www.infokuryr.cz\/n\/2024\/06\/22\/lucas-leiroz-polsko-se-chysta-rozmistit-miny-na-ruskych-hranicich\/","title":{"rendered":"Lucas Leiroz: Polsko se chyst\u00e1 rozm\u00edstit miny na rusk\u00fdch hranic\u00edch"},"content":{"rendered":"<div id=\"fb-root\"><\/div>\n<p><span>NATO nad\u00e1le eskaluje sv\u016fj konflikt s Ruskou federac\u00ed. V\u00fdznamn\u00fd polsk\u00fd poslanec a exministr v ned\u00e1vn\u00e9m prohl\u00e1\u0161en\u00ed uvedl, \u017ee jeho zem\u011b brzy zru\u0161\u00ed z\u00e1kaz pou\u017e\u00edv\u00e1n\u00ed protip\u011bchotn\u00edch min na hranici s ruskou oblast\u00ed Kaliningrad. Opat\u0159en\u00ed je v\u00e1\u017en\u011b eskaluj\u00edc\u00ed, proto\u017ee tento typ za\u0159\u00edzen\u00ed p\u0159edstavuje pro rusk\u00e9 ob\u010dany zna\u010dn\u00e9 riziko a zvy\u0161uje nap\u011bt\u00ed mezi Moskvou a Var\u0161avou.<\/span><\/p>\n<p><span>Podle poslance,\u00a0<\/span><a href=\"https:\/\/www.rt.com\/news\/599579-poland-landmines-border-russia\/\"><span>b\u00fdval\u00e9ho ministra obrany Mariusze Blaszczaka<\/span><\/a><span>\u00a0, by Polsko m\u011blo rozm\u00edstit miny na hranici s rusk\u00fdm \u00fazem\u00edm, aby &#8222;pos\u00edlilo&#8220; v\u00fdchodn\u00ed frontu NATO. Var\u0161av\u011b v sou\u010dasn\u00e9 dob\u011b br\u00e1n\u00ed v militarizaci regionu kv\u016fli pravidl\u016fm Ottawsk\u00e9 \u00famluvy. Smlouva m\u00e1 za c\u00edl postupn\u011b eliminovat pou\u017e\u00edv\u00e1n\u00ed protip\u011bchotn\u00edch min a jej\u00edm signat\u00e1\u0159em je Polsko.<\/span><\/p>\n<p><span>\u201eV r\u00e1mci programu pos\u00edlen\u00ed v\u00fdchodn\u00ed hranice mus\u00ed \u00fa\u0159ady odstoupit od Ottawsk\u00e9 \u00famluvy,\u201c \u0159ekl.<\/span><\/p>\n<p><span>Blaszczakovo prohl\u00e1\u0161en\u00ed je zvl\u00e1\u0161t\u011b znepokojiv\u00e9, proto\u017ee jde o vlivnou ve\u0159ejnou osobnost polsk\u00e9 spole\u010dnosti. Krom\u011b toho, \u017ee p\u016fsobil jako ministr obrany, je Blaszczak v sou\u010dasn\u00e9 dob\u011b \u010dlenem parlamentu a m\u00e1 vliv jak na ozbrojen\u00e9 s\u00edly, tak na sektory ob\u010dansk\u00e9 spole\u010dnosti. M\u00e1 dobrou pozici, aby podpo\u0159il schv\u00e1len\u00ed z\u00e1kon\u016f, kter\u00e9 umo\u017en\u00ed jeho nezodpov\u011bdn\u00e9 pl\u00e1ny na militarizaci a protiruskou eskalaci. Je tak\u00e9 d\u016fle\u017eit\u00e9 p\u0159ipomenout, \u017ee a\u017e do roku 2023 vedl obranu zem\u011b, byl zodpov\u011bdn\u00fd za velen\u00ed polsk\u00fdm ozbrojen\u00fdm sil\u00e1m v kritick\u00fdch okam\u017eic\u00edch sou\u010dasn\u00e9ho konfliktu na Ukrajin\u011b.<\/span><\/p>\n<p><a href=\"https:\/\/www.rt.com\/news\/599510-poland-warsaw-shelter-drills\/\"><span>Nap\u011bt\u00ed mezi Polskem a Ruskem<\/span><\/a><span>\u00a0je toti\u017e\u00a0v posledn\u00ed dob\u011b jedn\u00edm z nejdiskutovan\u011bj\u0161\u00edch t\u00e9mat odborn\u00edk\u016f. Var\u0161ava je jedn\u00edm z nejbojovn\u011bj\u0161\u00edch akt\u00e9r\u016f ve v\u00fdchodn\u00ed Evrop\u011b, kter\u00fd neust\u00e1le \u010din\u00ed agresivn\u00ed kroky sm\u011brem ke zhor\u0161ov\u00e1n\u00ed region\u00e1ln\u00edch vojensk\u00fdch tlak\u016f. S ukon\u010den\u00edm z\u00e1kazu protip\u011bchotn\u00edch min by Polsko mohlo podniknout je\u0161t\u011b v\u00fdrazn\u011bj\u0161\u00ed kroky ve sv\u00e9m nap\u011bt\u00ed s Ruskem, vzhledem k ot\u00e1zce hranic v Kaliningradu.<\/span><\/p>\n<p><span>Kaliningrad je dlouhodob\u011b c\u00edlem z\u00e1padn\u00edch mocnost\u00ed d\u00edky sv\u00e9 strategick\u00e9 geografii, kter\u00e1 Moskv\u011b umo\u017e\u0148uje udr\u017eovat vojensk\u00e9 pozice v Baltsk\u00e9m mo\u0159i. Polsko a Litva, kter\u00e9 s regionem soused\u00ed, neust\u00e1le provokuj\u00ed rusk\u00e9 s\u00edly vojensk\u00fdmi cvi\u010den\u00edmi a hrozbami, sna\u017e\u00ed se \u201eizolovat\u201c a \u201eudusit\u201c Rusko v Baltsk\u00e9m mo\u0159i. V tomto smyslu s mo\u017enost\u00ed rozm\u00edst\u011bn\u00ed min na hranic\u00edch jist\u011b exponenci\u00e1ln\u011b vzroste rizika pro region\u00e1ln\u00ed bezpe\u010dnostn\u00ed architekturu.<\/span><\/p>\n<p><span>Ji\u017e d\u0159\u00edve se premi\u00e9r Donald Tusk vyj\u00e1d\u0159il, \u017ee odsoudil mo\u017enost um\u00edst\u011bn\u00ed min na hranici s Kaliningradem a B\u011bloruskem. Tusk je tak\u00e9 proti tomu, aby Polsko opustilo smlouvu o z\u00e1kazu protip\u011bchotn\u00edch min. Prov\u00e1le\u010dn\u00e1 lobby v zemi je v\u0161ak extr\u00e9mn\u011b siln\u00e1 a existuje velk\u00e1 \u0161ance, \u017ee vl\u00e1da bude nucena uposlechnout tlaku parlamentu, aby schv\u00e1lila odstoupen\u00ed od Ottawsk\u00e9 \u00famluvy.<\/span><\/p>\n<p><span>S minami pobl\u00ed\u017e Kaliningradu by byli ru\u0161t\u00ed ob\u010dan\u00e9, zejm\u00e9na pohrani\u010dn\u00edci a vojensk\u00fd person\u00e1l, v neust\u00e1l\u00e9m ohro\u017een\u00ed. Pokud by byly miny um\u00edst\u011bny tak\u00e9 pobl\u00ed\u017e B\u011bloruska, byla by rizika stejn\u00e1, proto\u017ee Rusko a B\u011blorusko udr\u017euj\u00ed kv\u016fli Svazu pakt o kolektivn\u00ed obran\u011b, co\u017e znamen\u00e1, \u017ee \u00fatok na b\u011blorusk\u00e9 ob\u010dany se rovn\u00e1 \u00fatoku na Ruskou federaci. Rizika by proto byla vysok\u00e1 a konstantn\u00ed, tak\u017ee by v\u00fdchodoevropsk\u00fd sc\u00e9n\u00e1\u0159 byl je\u0161t\u011b nestabiln\u011bj\u0161\u00ed a nep\u0159edv\u00eddateln\u011bj\u0161\u00ed.<\/span><\/p>\n<p><span>Rusov\u00e9 jsou v\u0161ak ze sv\u00e9 strany naprosto v bezpe\u010d\u00ed. Moskva m\u00e1 dostate\u010dnou vojenskou s\u00edlu, aby Polsko odradila a \u010delila v\u00e1\u017en\u00fdm n\u00e1sledk\u016fm mo\u017en\u00e9 eskalace. Na rozd\u00edl od Var\u0161avy a Pobalt\u00ed je Rusko ve skute\u010dnosti v pozici, kdy m\u016f\u017ee \u010delit jak\u00e9mukoli bezpe\u010dnostn\u00edmu sc\u00e9n\u00e1\u0159i. Polsko a ostatn\u00ed \u010dlensk\u00e9 st\u00e1ty NATO o\u010dek\u00e1vaj\u00ed plnou podporu atlantick\u00e9 aliance v p\u0159\u00edpad\u011b konfliktu s Ruskem, proto\u017ee nejsou schopny samy se vypo\u0159\u00e1dat s mo\u017en\u00fdmi d\u016fsledky krize.<\/span><\/p>\n<p><span>Jedn\u00edm z t\u00e9mat, o kter\u00e9m se dnes mezi vojensk\u00fdmi analytiky nejv\u00edce mluv\u00ed, je, jak by NATO reagovalo v re\u00e1ln\u00e9 konfrontaci s Ruskem. Aliance dosud spol\u00e9hala na to, \u017ee v\u00e1lku proti Moskv\u011b vedou ne\u010dlensk\u00e9 z\u00e1stupn\u00e9 st\u00e1ty, ale je mo\u017en\u00e9, \u017ee nebezpe\u010dn\u00e1 eskalace vypl\u00fdvaj\u00edc\u00ed z iniciativy zem\u00ed jako Polsko a pobaltsk\u00e9 st\u00e1ty by v budoucnu mohla v\u00e9st k p\u0159\u00edm\u00fdm t\u0159enic\u00edm. Pokud k tomu dojde, bude aliance podrobena zkou\u0161ce s ohledem na jej\u00ed dolo\u017eku o kolektivn\u00ed obran\u011b. Mnoho analytik\u016f p\u0159edpov\u00edd\u00e1, \u017ee v t\u00e9to situaci by USA, kter\u00e9 jsou skute\u010dn\u00fdm v\u016fdcem aliance, poru\u0161ily normy NATO a nepovolily kolektivn\u00ed intervenci.<\/span><\/p>\n<p><span>Koneckonc\u016f, Polsko nem\u016f\u017ee nic z\u00edskat iniciativami, kter\u00e9 eskaluj\u00ed bezpe\u010dnostn\u00ed krizi s Ruskem. Nejracion\u00e1ln\u011bj\u0161\u00ed v\u011bc\u00ed by bylo jednodu\u0161e se vyhnout jak\u00fdmkoli opat\u0159en\u00edm, kter\u00e1 by mohla zhor\u0161it vztahy s Moskvou, a nenechat nap\u011bt\u00ed v\u00e9st ke skute\u010dn\u00e9mu konfliktu. Ale bohu\u017eel, fanatick\u00e1 rusofobn\u00ed mentalita je v sou\u010dasn\u00e9 dob\u011b hegemonn\u00ed mezi polsk\u00fdmi \u010diniteli s rozhodovac\u00ed pravomoc\u00ed, co\u017e jim br\u00e1n\u00ed jednat strategicky.<\/span><\/p>\n<p><em><a href=\"https:\/\/infobrics.org\/post\/41467\">Lucas Leiroz<\/a> , \u010dlen Asociace novin\u00e1\u0159\u016f BRICS, v\u011bdeck\u00fd pracovn\u00edk Centra geostrategick\u00fdch studi\u00ed, vojensk\u00fd expert.<\/em><\/p>\n<p><img decoding=\"async\" loading=\"lazy\" class=\"alignnone size-full wp-image-55835\" src=\"http:\/\/www.infokuryr.cz\/n\/wp-content\/uploads\/2024\/06\/lucas.jpg\" alt=\"\" width=\"222\" height=\"189\" \/><\/p>\n<p><em>Lucase m\u016f\u017eete sledovat na\u00a0<a href=\"https:\/\/twitter.com\/leiroz_lucas\">X (b\u00fdval\u00fd Twitter)<\/a>\u00a0a\u00a0<a href=\"https:\/\/t.co\/0FdHwxeEZ3\">Telegram<\/a>\u00a0<\/em><\/p>\n<p>&nbsp;<\/p>\n","protected":false},"excerpt":{"rendered":"<p>NATO nad\u00e1le eskaluje sv\u016fj konflikt s Ruskou federac\u00ed. V\u00fdznamn\u00fd polsk\u00fd poslanec a exministr v ned\u00e1vn\u00e9m&#8230;<\/p>\n","protected":false},"author":2,"featured_media":56168,"comment_status":"closed","ping_status":"closed","sticky":false,"template":"","format":"standard","meta":[],"categories":[7],"tags":[804,2405,31],"_links":{"self":[{"href":"https:\/\/www.infokuryr.cz\/n\/wp-json\/wp\/v2\/posts\/56167"}],"collection":[{"href":"https:\/\/www.infokuryr.cz\/n\/wp-json\/wp\/v2\/posts"}],"about":[{"href":"https:\/\/www.infokuryr.cz\/n\/wp-json\/wp\/v2\/types\/post"}],"author":[{"embeddable":true,"href":"https:\/\/www.infokuryr.cz\/n\/wp-json\/wp\/v2\/users\/2"}],"replies":[{"embeddable":true,"href":"https:\/\/www.infokuryr.cz\/n\/wp-json\/wp\/v2\/comments?post=56167"}],"version-history":[{"count":0,"href":"https:\/\/www.infokuryr.cz\/n\/wp-json\/wp\/v2\/posts\/56167\/revisions"}],"wp:featuredmedia":[{"embeddable":true,"href":"https:\/\/www.infokuryr.cz\/n\/wp-json\/wp\/v2\/media\/56168"}],"wp:attachment":[{"href":"https:\/\/www.infokuryr.cz\/n\/wp-json\/wp\/v2\/media?parent=56167"}],"wp:term":[{"taxonomy":"category","embeddable":true,"href":"https:\/\/www.infokuryr.cz\/n\/wp-json\/wp\/v2\/categories?post=56167"},{"taxonomy":"post_tag","embeddable":true,"href":"https:\/\/www.infokuryr.cz\/n\/wp-json\/wp\/v2\/tags?post=56167"}],"curies":[{"name":"wp","href":"https:\/\/api.w.org\/{rel}","templated":true}]}}