{"id":56159,"date":"2024-06-21T05:39:17","date_gmt":"2024-06-21T03:39:17","guid":{"rendered":"https:\/\/www.infokuryr.cz\/n\/?p=56159"},"modified":"2024-06-21T05:39:17","modified_gmt":"2024-06-21T03:39:17","slug":"miroslav-petr-vlada-uplne-zesilela-dalsi-vlastizrada","status":"publish","type":"post","link":"https:\/\/www.infokuryr.cz\/n\/2024\/06\/21\/miroslav-petr-vlada-uplne-zesilela-dalsi-vlastizrada\/","title":{"rendered":"Miroslav Petr: Vl\u00e1da \u00fapln\u011b ze\u0161\u00edlela! Dal\u0161\u00ed vlastizrada!"},"content":{"rendered":"<div id=\"fb-root\"><\/div>\n<p><em>Op\u011bt nejde o hoax. Sd\u00edlejte! Kalergiho pl\u00e1n se mus\u00ed splnit za ka\u017edou cenu. Ukrajinsko-americk\u00e1, pardon, \u00fadajn\u011b &#8222;na\u0161e&#8220; vl\u00e1da podepsala mimo\u0159\u00e1dn\u011b nebezpe\u010dnou dohodu. Bohu\u017eel, nen\u00ed zn\u00e1mo, kter\u00fd ministr to provedl. Z\u0159ejm\u011b ministr zahrani\u010d\u00ed. Op\u011bt ten kluk s d\u011btsk\u00fdm ksichtem \/obli\u010dej se tomu ned\u00e1 \u0159\u00edkat\/, kter\u00fd v\u016fbec nevypad\u00e1 jako dosp\u011bl\u00fd. Krom\u011b na\u0161\u00ed zem\u011b je\u0161t\u011b dal\u0161\u00edch dvan\u00e1ct zem\u00ed podepsalo dohodu o vyvol\u00e1n\u00ed glob\u00e1ln\u00edho hladomoru zni\u010den\u00edm z\u00e1sob potravin. Dohodu vypracovaly WEF a OSN, proto\u017ee v\u00fdroba potravin zp\u016fsobuje glob\u00e1ln\u00ed oteplov\u00e1n\u00ed. OSN u\u017e d\u00e1vno nen\u00ed m\u00edrovou organizac\u00ed, ale politickou loutkou Z\u00e1padu. V cel\u00e9m sv\u011bt\u011b se mus\u00ed zru\u0161it v\u0161echny zem\u011bd\u011blsk\u00e9 firmy.<\/em><\/p>\n<p>Maso bude jen syntetick\u00e9, rakovinotvorn\u00e9. Hlavn\u00ed slo\u017ekou bude rozemlet\u00fd a su\u0161en\u00fd hmyz, kter\u00fd u\u017e ted je v r\u016fzn\u00fdch sladkostech a pe\u010divu. Samoz\u0159ejm\u011b i s v\u00fdkaly. V potravin\u00e1ch budou i larvy, mou\u010dn\u00ed \u010dervy atd. Do roku 2025 se v USA sn\u00ed\u017e\u00ed po\u010det obyvatel o 70% \/!!\/. Jde o nej\u00fa\u010dinn\u011bj\u0161\u00ed zp\u016fsob depopulace- v\u00e1lka, hladomor, epidemie. V\u0161echny t\u0159i slo\u017eky se p\u0159ipravuj\u00ed propuknout co nejd\u0159\u00edve.<\/p>\n<p>Dv\u011b t\u0159etiny Afriky podepsaly smlouvu s Ruskem o vojensk\u00e9 spolupr\u00e1ci. Putin nav\u00e1zal spolupr\u00e1ci s Koreou a Vietnamem. USA se to nel\u00edb\u00ed.<\/p>\n<p>Brn\u011bnsk\u00e9 divadlo pro d\u011bti, Pol\u00e1rka, p\u0159ipravuje pro t\u0159in\u00e1ctilet\u00e9 d\u011bti hru a besedu o l\u00e1sce a sexu. Nepochybn\u011b tam budou propagovat gender, LGBTNSDAPI+, 99 pohlav\u00ed atd. Pamatujete doby, kdy tyto zvrhlosti byly trestn\u00fdm \u010dinem? Dnes je to b\u011b\u017en\u00e9 du\u0161evn\u00ed mrza\u010den\u00ed d\u011bt\u00ed na cel\u00fd \u017eivot. Vzpom\u00edn\u00e1te na film- Bo\u017ee, jak hluboko jsem klesla? Zlat\u00ed koman\u010di !!!<\/p>\n<p>D\u00edky ODS jsou ostravsk\u00e9 hut\u011b na kolenou. Jist\u00e1 odeses\u00e1k \u0159ekl- &#8222;Hutn\u00edci kone\u010dn\u011b pochop\u00ed, \u017ee se maj\u00ed starat o sebe.&#8220; Kdysi byla ODS vzne\u0161enou d\u00e1mou, dnes je to \u0161t\u011btka, kter\u00e1 jde za pol\u00e9vku&#8230;<\/p>\n<p>Vakc\u00edny proti pta\u010d\u00ed ch\u0159ipce p\u016fsob\u00ed neplodnost.\u00a0Ve \u0160pan\u011blsku a \u0160v\u00e9dsku se u\u017e prod\u00e1v\u00e1 um\u011bl\u00e9 syntetick\u00e9 maso. V\u011bdecky se zjistilo, \u017ee je z n\u011bj velk\u00e9 riziko srde\u010dn\u00edch nemoc\u00ed. Op\u011bt Kalergiho pl\u00e1n.<\/p>\n<p><a href=\"https:\/\/stranapro.cz\/\"><img decoding=\"async\" loading=\"lazy\" class=\"wp-image-40285 aligncenter\" src=\"http:\/\/www.infokuryr.cz\/n\/wp-content\/uploads\/2023\/11\/11pro-300x79.png\" alt=\"\" width=\"722\" height=\"190\" srcset=\"https:\/\/www.infokuryr.cz\/n\/wp-content\/uploads\/2023\/11\/11pro-300x79.png 300w, https:\/\/www.infokuryr.cz\/n\/wp-content\/uploads\/2023\/11\/11pro.png 363w\" sizes=\"(max-width: 722px) 100vw, 722px\" \/><\/a><\/p>\n<p>V\u011bzni z Tunisu masov\u011b proud\u00ed do Evropy. \u017deny p\u0159ipravte se na nejhor\u0161\u00ed, p\u0159i zn\u00e1silnov\u00e1n\u00ed se nehled\u00ed na v\u011bk, at jste d\u00edt\u011b \u010di sta\u0159enka.<\/p>\n<p>WHO na\u0159\u00eddil vl\u00e1d\u00e1m, aby nakoupily stamiliony d\u00e1vek vakc\u00edn de Bila Gatese proti pta\u010d\u00ed ch\u0159ipce. Nemoc je\u0161t\u011b u \u010dlov\u011bka neexistuje a u\u017e je vyrobena stomilionu kus\u016f. P\u0159itom ne\u017e nov\u00fd l\u00e9k p\u0159ijde do prodeje, v\u00fdzkum trv\u00e1 minim\u00e1ln\u011b osm rok\u016f. Pro\u010d nejsou tablety m\u00edsto injekc\u00ed?<\/p>\n<p>EU chce vnutit, aby stejnopohlavn\u00ed p\u00e1r m\u011bl stejn\u00e9 pr\u00e1vo k adopci d\u011bt\u00ed. Pr\u00e1vo d\u00edt\u011bte na otce a matku je u\u017e d\u00e1vno zru\u0161eno.<\/p>\n<p>Hloup\u00e1 N\u00e1na, pardon, pr\u00fd &#8222;kr\u00e1sn\u00e1 a mlad\u00e1&#8220; Danu\u0161e: &#8222;Beze mne by STAN byl na hran\u011b zvolen\u00ed&#8220;. Pro\u010d jsem si vzpomn\u011bl na slavn\u00fd cit\u00e1t- Vy kr\u00e1\u00e1\u00e1vo nebesk\u00e1 ?<\/p>\n<p>Indie \u017e\u00e1d\u00e1 trest smrti pro v\u011bdkyni, kter\u00e1 zablokovala p\u0159istup k Ivermerktinu.<\/p>\n<p>Krom\u011b USA i v Polsku u\u017e chod\u00ed po ulic\u00edch zombie. A\u017e budou na V\u00e1clav\u00e1ku nebo u hlavn\u00edho n\u00e1dra\u017e\u00ed, tak policist\u016fm nez\u00e1vid\u00edm. Jak\u00fd v\u00fdznam m\u00e1 EU, kdy\u017e nebyla schopna vy\u0159e\u0161it ekonomickou krizi, invazi \u010dern\u00e9ho hmyzu, greendeal a LBGBT? Pro\u010d \u0159\u00edk\u00e1me spojenci n\u011bkomu, kdo je nejv\u011bt\u0161\u00ed arm\u00e1da na sv\u011bt\u011b a nezachr\u00e1n\u00ed Evropu p\u0159ed invaz\u00ed \u010dern\u00e9ho hmyzu? Pro\u010d \u0159\u00edk\u00e1me spojenci n\u011bkomu, kdo n\u00e1s v\u016fbec nezachr\u00e1nil ve druh\u00e9 sv\u011btov\u00e9 v\u00e1lce? Pro\u010d \u0159\u00edk\u00e1me spojenci n\u011bkomu, kdo n\u00e1s zradil v osma\u0161edes\u00e1t\u00e9m?<\/p>\n<p>Na Ukrajin\u011b KA\u017dD\u00dd DEN um\u00edr\u00e1 tis\u00edc Ukrajinc\u016f a dv\u011b sta Rus\u016f. Vl\u00e1da opravdu Ukrajinc\u016fm pom\u00e1h\u00e1, ale do hrobu.<\/p>\n<p>N\u011bmci jsou extr\u00e9mn\u011b nespokojeni s politikou kancl\u00e9\u0159e Scholze.<\/p>\n<p>\u010cesk\u00e1 vl\u00e1da jmenovala hlavn\u00ed hygieni\u010dkou \u0159editelku SZ\u00da Mackovou. Nepochybn\u011b jde o loutku, kter\u00e1 bude vl\u00e1du poslouchat na slovo. P\u0159ipravte si n\u00e1hubky.\u00a0 Je\u0161t\u011b budeme vzpom\u00ednat na zp\u011bv\u00e1ka&#8230;<\/p>\n<p>Nov\u00e1 konzervativn\u00ed strana v Nov\u00e9m Z\u00e9landu zru\u0161ila dan\u011b z kravsk\u00fdch prd\u016f, kter\u00e9 zavedla globalistka Ardernov\u00e1.<\/p>\n<p>V Evrop\u011b i \u010cR p\u0159ib\u00fdv\u00e1 nov\u00fd druh hmyzu, \u017eij\u00edc\u00ed ve velmi vzd\u00e1len\u00fdch krajin\u00e1ch. \u00dadajn\u011b se hmyz st\u011bhuje kv\u016fli glob\u00e1ln\u00edmu oteplov\u00e1n\u00ed. Ve skute\u010dnosti je hmyz p\u0159epravov\u00e1n spolu s potravinami z oblast\u00ed na druh\u00e9 stran\u011b zem\u011bkoule.<\/p>\n<p>Ond\u0159ej Thor musel ut\u00e9ci do ciziny p\u0159ed terorem a soudy. \u00dastava neplat\u00ed, abstinent V\u00e9na by plakal. Thor po\u017e\u00e1dal o ob\u010danstv\u00ed v demokratick\u00e9m a svobodn\u00e9m Slovensku. Vr\u00e1tili se nov\u00ed soudruzi, tentokr\u00e1t mnohon\u00e1sobn\u011b hor\u0161\u00ed, s re\u017eimem, kter\u00fd se navlas podob\u00e1 pades\u00e1t\u00fdm l\u00e9t\u016fm. \u00dastavn\u00ed pr\u00e1vo na petici bylo definitivn\u011b zru\u0161eno. Z \u00fastavn\u00edho nez\u00e1visl\u00e9ho soudu se stal politicky z\u00e1visl\u00fd proti\u00fastavn\u00ed soud, poru\u0161uj\u00edc\u00ed v\u0161echna mezin\u00e1rodn\u00ed pr\u00e1va. Op\u011bt m\u00e1me gestapo, kter\u00e9 zat\u00fdk\u00e1 nepohodln\u00e9 lidi.\u00a0 M\u00e1me i z\u00e1kon, \u017ee udava\u010di, pardon, oznamovatel\u00e9 jsou chr\u00e1n\u011bni. U\u017e neplat\u00ed- pom\u00e1hat a chr\u00e1nit, ale ud\u00e1vat a ml\u00e1tit. U\u017e si nevzpom\u00edn\u00e1m- pro\u010d jsme vlastn\u011b p\u0159ed t\u0159iceti p\u011bti roky zvonili kl\u00ed\u010di?<\/p>\n<p><a href=\"https:\/\/www.czechfreepress.cz\/dalsi-blogy\/vlada-uplne-zesilela-dalsi-vlastizrada.html\">Miroslav Petr<\/a><\/p>\n<p>&nbsp;<\/p>\n","protected":false},"excerpt":{"rendered":"<p>Op\u011bt nejde o hoax. Sd\u00edlejte! Kalergiho pl\u00e1n se mus\u00ed splnit za ka\u017edou cenu. Ukrajinsko-americk\u00e1, pardon,&#8230;<\/p>\n","protected":false},"author":2,"featured_media":37915,"comment_status":"closed","ping_status":"closed","sticky":false,"template":"","format":"standard","meta":[],"categories":[6],"tags":[119,1503,99],"_links":{"self":[{"href":"https:\/\/www.infokuryr.cz\/n\/wp-json\/wp\/v2\/posts\/56159"}],"collection":[{"href":"https:\/\/www.infokuryr.cz\/n\/wp-json\/wp\/v2\/posts"}],"about":[{"href":"https:\/\/www.infokuryr.cz\/n\/wp-json\/wp\/v2\/types\/post"}],"author":[{"embeddable":true,"href":"https:\/\/www.infokuryr.cz\/n\/wp-json\/wp\/v2\/users\/2"}],"replies":[{"embeddable":true,"href":"https:\/\/www.infokuryr.cz\/n\/wp-json\/wp\/v2\/comments?post=56159"}],"version-history":[{"count":0,"href":"https:\/\/www.infokuryr.cz\/n\/wp-json\/wp\/v2\/posts\/56159\/revisions"}],"wp:featuredmedia":[{"embeddable":true,"href":"https:\/\/www.infokuryr.cz\/n\/wp-json\/wp\/v2\/media\/37915"}],"wp:attachment":[{"href":"https:\/\/www.infokuryr.cz\/n\/wp-json\/wp\/v2\/media?parent=56159"}],"wp:term":[{"taxonomy":"category","embeddable":true,"href":"https:\/\/www.infokuryr.cz\/n\/wp-json\/wp\/v2\/categories?post=56159"},{"taxonomy":"post_tag","embeddable":true,"href":"https:\/\/www.infokuryr.cz\/n\/wp-json\/wp\/v2\/tags?post=56159"}],"curies":[{"name":"wp","href":"https:\/\/api.w.org\/{rel}","templated":true}]}}