{"id":56136,"date":"2024-06-21T00:43:45","date_gmt":"2024-06-20T22:43:45","guid":{"rendered":"https:\/\/www.infokuryr.cz\/n\/?p=56136"},"modified":"2024-06-20T16:37:08","modified_gmt":"2024-06-20T14:37:08","slug":"jiri-paroubek-dve-tretiny-cechu-pro-rychle-ukonceni-valky-na-ukrajine","status":"publish","type":"post","link":"https:\/\/www.infokuryr.cz\/n\/2024\/06\/21\/jiri-paroubek-dve-tretiny-cechu-pro-rychle-ukonceni-valky-na-ukrajine\/","title":{"rendered":"Ji\u0159\u00ed Paroubek: Dv\u011b t\u0159etiny \u010cech\u016f pro rychl\u00e9 ukon\u010den\u00ed v\u00e1lky na Ukrajin\u011b\u2026"},"content":{"rendered":"<div id=\"fb-root\"><\/div>\n<p><strong>\u2026a to i za cenu \u00fazemn\u00edch ztr\u00e1t ve prosp\u011bch Ruska. Vypl\u00fdv\u00e1 to z b\u0159eznov\u00e9ho pr\u016fzkumu agentury STEM, kter\u00fd v \u00fater\u00fd z\u00e1stupci t\u00e9to agentury p\u0159edstavili poslanc\u016fm brann\u00e9ho v\u00fdboru sn\u011bmovny.<\/strong><\/p>\n<p>S\u00a0agenturou STEM jsem dlouh\u00e1 l\u00e9ta spolupracoval jako \u0161\u00e9f \u010cSSD a m\u011bl jsem tehdy plnou d\u016fv\u011bru v\u00a0jej\u00ed pr\u016fzkumy. Tato moje d\u016fv\u011bra byla beznad\u011bjn\u011b ztracena p\u0159ed eurovolbami, kde agentura STEM\/MARK mou osobu vcelku trapn\u011b neza\u0159adila do p\u0159ehledu l\u00eddr\u016f kandid\u00e1tek 31 kandiduj\u00edc\u00edch stran do Evropsk\u00e9ho parlamentu (EP). Prost\u011b, \u0159ekli si asi, \u017ee bych m\u011bl p\u0159\u00edli\u0161 vysokou zn\u00e1most a \u017ee by si pak lid\u00e9 \u2013 voli\u010di v\u0161imli, \u017ee kandiduji za \u010cSSD. A to jist\u011b nebylo \u017e\u00e1douc\u00ed pro loutkovodi\u010de, kte\u0159\u00ed formovali slo\u017een\u00ed \u010desk\u00e9 delegace do europarlamentu. Je zaj\u00edmav\u00e9, \u017ee t\u011bmto loutkovodi\u010d\u016fm nevadili komunist\u00e9, ale \u010cSSD se mnou jako s\u00a0l\u00eddrem jim vadila.<\/p>\n<p>Nyn\u00ed k\u00a0tomu nov\u00e9mu pr\u016fzkumu STEM, kter\u00fd byl prezentov\u00e1n ve sn\u011bmovn\u011b. Vlastn\u011b to tak nov\u00fd pr\u016fzkum nen\u00ed, proto\u017ee je z\u00a0b\u0159ezna tohoto roku, a jak se zd\u00e1, byl \u00fa\u010delov\u011b zadr\u017een p\u0159ed volbami do EP. Prost\u011b proto, \u017ee by se op\u011bt potvrdilo, \u017ee naprost\u00e1 v\u011bt\u0161ina \u010desk\u00fdch ob\u010dan\u016f si p\u0159eje ukon\u010den\u00ed v\u00e1lky na Ukrajin\u011b i za cenu ztr\u00e1ty (ruskojazy\u010dn\u00fdch) oblast\u00ed jihu a v\u00fdchodu Ukrajiny a ji\u017e d\u0159\u00edve ztracen\u00e9ho Krymu. Prost\u011b nem\u011bli jsme se p\u0159ed\u00a0 volbami do EP z\u0159ejm\u011b dozv\u011bd\u011bt, jako \u010de\u0161t\u00ed ob\u010dan\u00e9, co si v\u011bt\u0161ina z\u00a0n\u00e1s mysl\u00ed.<\/p>\n<p>V\u00a0m\u00e9di\u00edch\u00a0 byly informace z pr\u016fzkumu obratn\u011b zmanipulov\u00e1ny, tedy alespo\u0148 z\u00a0\u010d\u00e1sti. A tak jsme se dozv\u011bd\u011bli, \u017ee na\u0161i mlad\u00ed spoluob\u010dan\u00e9 (v\u011bk 18 \u2013 29 let) cht\u011bj\u00ed pokra\u010dovat ve v\u00e1lce na v\u00fdchod\u011b Ukrajiny a\u017e do kone\u010dn\u00e9ho v\u00edt\u011bzstv\u00ed nad Ruskem. No, ono to tak \u00fapln\u011b nen\u00ed. P\u0159eje si to, pravda, 36% t\u011bchto ob\u010dan\u016f ve v\u011bkov\u00e9 skupin\u011b 18 \u2013 29 let, ale nen\u00ed to ur\u010dit\u011b v\u011bt\u0161ina. Ch\u00e1pu, \u017ee provl\u00e1dn\u00ed agentura pro v\u00fdzkum ve\u0159ejn\u00e9ho m\u00edn\u011bn\u00ed chce vydestilovat alespo\u0148 n\u011bco \u201epozitivn\u00edho\u201c z\u00a0t\u011bch pro vl\u00e1du zcela negativn\u00edch informac\u00ed. Ale jak se \u0159\u00edk\u00e1, upl\u00e9st z\u00a0prdu bi\u010d se ned\u00e1.<\/p>\n<p><a href=\"https:\/\/stranapro.cz\/\"><img decoding=\"async\" loading=\"lazy\" class=\"wp-image-40285 aligncenter\" src=\"http:\/\/www.infokuryr.cz\/n\/wp-content\/uploads\/2023\/11\/11pro-300x79.png\" alt=\"\" width=\"775\" height=\"204\" srcset=\"https:\/\/www.infokuryr.cz\/n\/wp-content\/uploads\/2023\/11\/11pro-300x79.png 300w, https:\/\/www.infokuryr.cz\/n\/wp-content\/uploads\/2023\/11\/11pro.png 363w\" sizes=\"(max-width: 775px) 100vw, 775px\" \/><\/a><\/p>\n<p>Naopak je pro m\u011b celkem p\u0159ekvapiv\u011b n\u00edzk\u00e9 sk\u00f3re lid\u00ed, kte\u0159\u00ed si p\u0159ej\u00ed, aby na\u0161e republika i nad\u00e1le umo\u017e\u0148ovala pobyt ukrajinsk\u00fdch uprchl\u00edk\u016f u n\u00e1s. Spole\u010dnost je v\u00a0tomto rozd\u011blena prakticky p\u016fl na p\u016fl. Sk\u00f3re je 51% pro a 49% proti.<\/p>\n<p>Stejn\u011b tak zaj\u00edmav\u00e9 jsou ot\u00e1zky, kter\u00e9 ov\u0161em nebyly pokl\u00e1d\u00e1ny aktu\u00e1ln\u011b v\u00a0tomto roce. To je zvl\u00e1\u0161t\u011b zaj\u00edmav\u00e9, \u017ee p\u0159ed volbami, nejen, \u017ee nebyly zve\u0159ejn\u011bny v\u00fdsledky pr\u016fzkum\u016f v\u00a0tomto sm\u011bru veden\u00e9. Anebo pr\u016fzkumy uskute\u010dn\u011bny byly a nebyly jen zve\u0159ejn\u011bny v\u00fdsledky. Mysl\u00edm, \u017ee je to docela opr\u00e1vn\u011bn\u00e1 domn\u011bnka.<\/p>\n<p>V\u00a0z\u00e1\u0159\u00ed 2023 toti\u017e v\u00a0pr\u016fzkumu STEM 41% \u010desk\u00fdch ob\u010dan\u016f \u2013 respondent\u016f pr\u016fzkumu sd\u011blilo, \u017ee by si p\u0159\u00e1lo, aby \u010cesk\u00e1 republika do budoucna sm\u011b\u0159ovala bu\u010fto sp\u00ed\u0161e\u00a0 anebo rozhodn\u011b na Z\u00e1pad. Orientaci na V\u00fdchod bez v\u00fdhrad cht\u011bj\u00ed jen 4% na\u0161ich spoluob\u010dan\u016f. Ale 56% respondent\u016f se vyj\u00e1d\u0159ilo, \u017ee by \u010cesk\u00e1 republika m\u011bla z\u016fst\u00e1vat n\u011bkde mezi Z\u00e1padem a V\u00fdchodem. Edvard Bene\u0161 by m\u011bl jist\u011b radost, kolik ob\u010dan\u016f by podporovalo jeho koncepci na\u0161\u00ed republiky jako \u201emostu\u201c mezi V\u00fdchodem a Z\u00e1padem. A to p\u0159itom podle m\u011b v\u016fbec nevylu\u010duje proz\u00e1padn\u00ed orientaci st\u00e1tu. Prost\u011b, jsme v\u00a0Evropsk\u00e9 unii a v\u00a0NATO a v\u011bt\u0161ina ob\u010dan\u016f si to v\u00a0z\u00e1sad\u011b p\u0159eje. Ale z\u00a0pr\u016fzkumu vypl\u00fdv\u00e1, \u017ee si v\u011bt\u0161ina ob\u010dan\u016f p\u0159eje pragmatickou zahrani\u010dn\u00ed politiku prov\u00e1d\u011bnou ve prosp\u011bch \u010desk\u00e9ho st\u00e1tu.<\/p>\n<p>Prost\u011b, posledn\u011b zve\u0159ejn\u011bn\u00fd pr\u016fzkum STEM ve mn\u011b vzbuzuje\u00a0 jako v\u00a0\u010dlov\u011bku, kter\u00fd dlouhodob\u011b sleduje pr\u016fzkumy ve\u0159ejn\u00e9ho m\u00edn\u011bn\u00ed, velk\u00e9 pochybnosti.<\/p>\n<p>Zaj\u00edmav\u00e9 v\u0161ak je, \u017ee to, co kuse a \u010dasto \u00fa\u010delov\u011b komentovala \u010desk\u00e1 m\u00e9dia z\u00a0pr\u016fzkumu STEM, jsem nena\u0161el vcelku na webu t\u00e9to agentury. Pt\u00e1m se pro\u010d? Maj\u00ed poslanci brann\u00e9ho v\u00fdboru pr\u00e1vo na lep\u0161\u00ed informace ne\u017e ostatn\u00ed \u010de\u0161t\u00ed ob\u010dan\u00e9? Anebo jsem jen \u0161patn\u011b hledal? (Nehledal jsem ale zdaleka s\u00e1m.) Anebo prost\u011b pr\u016fzkum z\u00a0podivn\u00fdch d\u016fvod\u016f zapomn\u011bli d\u00e1t na sv\u00e9 webov\u00e9 str\u00e1nky? \u010ci tento pr\u016fzkum o n\u00e1zoru \u010cech\u016f na konec v\u00e1lky na Ukrajin\u011b etc. d\u011blala jin\u00e1 agentura a m\u00e9dia to jen \u0161patn\u011b interpretovala?<\/p>\n<p><a href=\"https:\/\/vasevec.info\/komentare\/dve-tretiny-cechu-pro-rychle-ukonceni-valky-na-ukrajine\">Ji\u0159\u00ed Paroubek<\/a><\/p>\n<p><img decoding=\"async\" loading=\"lazy\" class=\"alignnone size-medium wp-image-2342\" src=\"http:\/\/www.infokuryr.cz\/n\/wp-content\/uploads\/2021\/06\/paroubek-300x208.jpg\" alt=\"\" width=\"300\" height=\"208\" srcset=\"https:\/\/www.infokuryr.cz\/n\/wp-content\/uploads\/2021\/06\/paroubek-300x208.jpg 300w, https:\/\/www.infokuryr.cz\/n\/wp-content\/uploads\/2021\/06\/paroubek.jpg 318w\" sizes=\"(max-width: 300px) 100vw, 300px\" \/><\/p>\n<p>&nbsp;<\/p>\n","protected":false},"excerpt":{"rendered":"<p>\u2026a to i za cenu \u00fazemn\u00edch ztr\u00e1t ve prosp\u011bch Ruska. Vypl\u00fdv\u00e1 to z b\u0159eznov\u00e9ho pr\u016fzkumu&#8230;<\/p>\n","protected":false},"author":2,"featured_media":44874,"comment_status":"closed","ping_status":"closed","sticky":false,"template":"","format":"standard","meta":[],"categories":[6],"tags":[670,1503,26,40],"_links":{"self":[{"href":"https:\/\/www.infokuryr.cz\/n\/wp-json\/wp\/v2\/posts\/56136"}],"collection":[{"href":"https:\/\/www.infokuryr.cz\/n\/wp-json\/wp\/v2\/posts"}],"about":[{"href":"https:\/\/www.infokuryr.cz\/n\/wp-json\/wp\/v2\/types\/post"}],"author":[{"embeddable":true,"href":"https:\/\/www.infokuryr.cz\/n\/wp-json\/wp\/v2\/users\/2"}],"replies":[{"embeddable":true,"href":"https:\/\/www.infokuryr.cz\/n\/wp-json\/wp\/v2\/comments?post=56136"}],"version-history":[{"count":0,"href":"https:\/\/www.infokuryr.cz\/n\/wp-json\/wp\/v2\/posts\/56136\/revisions"}],"wp:featuredmedia":[{"embeddable":true,"href":"https:\/\/www.infokuryr.cz\/n\/wp-json\/wp\/v2\/media\/44874"}],"wp:attachment":[{"href":"https:\/\/www.infokuryr.cz\/n\/wp-json\/wp\/v2\/media?parent=56136"}],"wp:term":[{"taxonomy":"category","embeddable":true,"href":"https:\/\/www.infokuryr.cz\/n\/wp-json\/wp\/v2\/categories?post=56136"},{"taxonomy":"post_tag","embeddable":true,"href":"https:\/\/www.infokuryr.cz\/n\/wp-json\/wp\/v2\/tags?post=56136"}],"curies":[{"name":"wp","href":"https:\/\/api.w.org\/{rel}","templated":true}]}}