{"id":56132,"date":"2024-06-21T00:37:11","date_gmt":"2024-06-20T22:37:11","guid":{"rendered":"https:\/\/www.infokuryr.cz\/n\/?p=56132"},"modified":"2024-06-20T16:30:04","modified_gmt":"2024-06-20T14:30:04","slug":"judr-jindrich-rajchl-srazil-ceske-televizi-hrebinek-a-nastalo-hrobove-ticho-tichoucko","status":"publish","type":"post","link":"https:\/\/www.infokuryr.cz\/n\/2024\/06\/21\/judr-jindrich-rajchl-srazil-ceske-televizi-hrebinek-a-nastalo-hrobove-ticho-tichoucko\/","title":{"rendered":"JUDr. Jind\u0159ich Rajchl srazil \u010cesk\u00e9 televizi h\u0159eb\u00ednek a nastalo hrobov\u00e9 ticho, tichou\u010dko"},"content":{"rendered":"<div id=\"fb-root\"><\/div>\n<div class=\"introtext\">\n<p><span style=\"font-size: 18pt;\"><strong>Zlo\u010dinn\u00e1 \u010cesk\u00e1 televize se chovala jako n\u00e1tlakov\u00e9 vyd\u00edrac\u00ed komando v z\u00e1jm\u016f p\u00e1n\u00ed\u010dk\u016f ze Strakovky Raku\u0161ana a Fialy a tvrd\u011b narazila! Kone\u010dn\u011b!<\/strong><\/span><\/p>\n<\/div>\n<div class=\"fulltext\">\n<p>\u201ePublicistick\u00fd po\u0159ad Report\u00e9\u0159i \u010cT pronikl bez jak\u00e9hokoli p\u0159edchoz\u00edho upozorn\u011bn\u00ed a\u017e na zahradu m\u00e9ho klienta, bez souhlasu a upozorn\u011bn\u00ed za\u010dal nat\u00e1\u010det a vypt\u00e1val se. Klient ani nev\u011bd\u011bl, \u017ee je nat\u00e1\u010den, proto\u017ee kameraman st\u00e1l ve skrytu. Z\u00e1b\u011bry n\u00e1sledn\u011b \u010cT odvys\u00edlala v r\u00e1mci po\u0159adu Report\u00e9\u0159i \u010cT, ani\u017e by m\u011bla jak\u00fdkoli souhlas,\u201c popisuje doktor Rajchl.<\/p>\n<p><span style=\"font-size: 18pt;\">Soud konstatoval, \u017ee <strong>\u017e\u00e1dn\u00ed report\u00e9\u0159i za v\u00e1mi nemohou vstoupit do va\u0161eho soukrom\u00e9ho prostoru a bez v\u00fdzvy, dotazu, upozorn\u011bn\u00ed a souhlasu za\u010d\u00edt nat\u00e1\u010det.<\/strong><\/span><\/p>\n<p><img decoding=\"async\" loading=\"lazy\" class=\"aligncenter\" src=\"https:\/\/www.skrytapravda.cz\/images\/blogy\/805\/2024\/6cerven\/pr%C3%A1ska%C4%8Di_ee444.webp\" alt=\"pr\u00e1ska\u010di ee444\" width=\"648\" height=\"765\" \/><\/p>\n<h2>A vzpom\u00edn\u00e1te, jak v\u0161ude dal\u0161\u00ed dareb\u00e1k pron\u00e1sledoval Lipovskou a Bobo\u0161\u00edkovou?<\/h2>\n<p><img decoding=\"async\" loading=\"lazy\" class=\"aligncenter\" src=\"https:\/\/www.skrytapravda.cz\/images\/blogy\/805\/2024\/6cerven\/pron%C3%A1sledov%C3%A1n%C3%AD_2cdaa.webp\" alt=\"pron\u00e1sledov\u00e1n\u00ed 2cdaa\" width=\"852\" height=\"543\" \/><\/p>\n<p><span style=\"font-size: 18pt;\"><strong>Ta hlasit\u00e9 ticho o v\u00edt\u011bzstv\u00ed nad \u010ceskou televiz\u00ed ni\u010d\u00ed u\u0161n\u00ed bub\u00ednky<\/strong><\/span><\/p>\n<p>Na dotaz Parlamentn\u00edch List\u016f mluv\u010d\u00ed \u010cT Vendula Krej\u010dov\u00e1 poskytla PL n\u00e1sleduj\u00edc\u00ed vyj\u00e1d\u0159en\u00ed.<\/p>\n<div class=\"info_box cela_sirka jpalert\">\n<div class=\"explanationContent\">Soud sou\u010dasn\u011b potvrdil, \u017ee<strong>\u00a0v r\u00e1mci publicistiky lze pou\u017e\u00edvat p\u0159i spln\u011bn\u00ed v\u0161ech z\u00e1konn\u00fdch krit\u00e9ri\u00ed zpravodajskou licenci.<\/strong> Nelze proto v\u0161echny p\u0159\u00edpady posuzovat unifikovan\u011b a pau\u0161alizovat je,\u201c uvedla pro Parlamentn\u00edListy.cz.<\/div>\n<\/div>\n<p><strong>\u00a0<\/strong>Ale o nic jin\u00e9ho p\u0159ece nejde, nejdrzej\u0161\u00ed \u010cesk\u00e1 televize: &#8222;<strong>sta\u010d\u00ed, kdy\u017e se budete chovat<\/strong>\u00a0jako pluralitn\u00ed, vyv\u00e1\u017een\u00e1 televize\u00a0<strong>dle z\u00e1kona<\/strong>\u00a0o ve\u0159ejnopr\u00e1vn\u00ed medi\u00e1ln\u00ed slu\u017eb\u011b&#8220; A o tom p\u0159ece ten soud byl!<\/p>\n<p><span style=\"font-size: 18pt;\"><strong>N\u00e1sledn\u00e9, ohlu\u0161uj\u00edc\u00ed ticho o v\u00edt\u011bzstv\u00ed nad \u010ceskou televiz\u00ed, kter\u00e9 ni\u010d\u00ed u\u0161n\u00ed bub\u00ednky, znamen\u00e1 co?<\/strong><\/span><\/p>\n<table>\n<tbody>\n<tr>\n<td><em>Dnes m\u00e1m velkou radost, o kterou se s V\u00e1mi chci pod\u011blit.<\/em><\/p>\n<div class=\"html-div xe8uvvx xdj266r x11i5rnm xat24cr x1mh8g0r xexx8yu x4uap5 x18d9i69 xkhd6sd\">\n<div class=\"html-div xe8uvvx xdj266r x11i5rnm xat24cr x1mh8g0r xexx8yu x4uap5 x18d9i69 xkhd6sd\" dir=\"auto\">\n<div id=\":rf7k:\" class=\"x1iorvi4 x1pi30zi x1swvt13 xjkvuk6\" data-ad-comet-preview=\"message\" data-ad-preview=\"message\">\n<div class=\"x78zum5 xdt5ytf xz62fqu x16ldp7u\">\n<div class=\"xu06os2 x1ok221b\">\n<div dir=\"auto\"><em>Podruh\u00e9 b\u011bhem jednoho t\u00fddne se mi poda\u0159ilo vyhr\u00e1t d\u016fle\u017eit\u00fd soud.\u00a0<strong>Dnes to bylo v \u017ealob\u011b proti \u010cesk\u00e9 televizi,<\/strong>\u00a0kde jsem zastupoval klienta, k jeho\u017e domu bez p\u0159edchoz\u00edho dotazu a vy\u017e\u00e1d\u00e1n\u00ed souhlasu s nat\u00e1\u010den\u00edm p\u0159i\u0161li publicist\u00e9 z po\u0159adu Report\u00e9\u0159i \u010cT a okam\u017eit\u011b jej za\u010dali nat\u00e1\u010det.<\/em><\/div>\n<div dir=\"auto\"><em>Soud konstatoval, \u017ee takov\u00e9 jedn\u00e1n\u00ed je protipr\u00e1vn\u00edm z\u00e1sahem do osobnostn\u00ed sf\u00e9ry m\u00e9ho klienta a p\u0159isoudil mu od\u0161kodn\u011bn\u00ed ve v\u00fd\u0161i 50.000 K\u010d a nadto\u00a0\u010cT na\u0159\u00eddil st\u00e1hnout (vyst\u0159ihnout) pas\u00e1\u017e t\u00fdkaj\u00edc\u00ed se m\u00e9ho klienta z jejich internetov\u00fdch str\u00e1nek.<\/em><\/div>\n<div dir=\"auto\"><em>\u010c\u00e1stka ve v\u00fd\u0161i 50.000 K\u010d jist\u011b m\u00e9mu klientovi, jen\u017e u\u017e je n\u011bkolik let v d\u016fchodu, p\u0159ijde vhod, ov\u0161em zcela kl\u00ed\u010dov\u00fd je tento rozsudek v tom ohledu,\u00a0<strong>\u017ee \u010cT prost\u011b u\u017e nebude moci bez souhlasu dot\u010den\u00fdch osob vtrhnout na jejich zahradu \u010di do jejich kancel\u00e1\u0159e, str\u010dit jim objektiv p\u0159ed obli\u010dej a bez jejich souhlasu za\u010d\u00edt nat\u00e1\u010det.<\/strong><\/em><\/div>\n<div dir=\"auto\"><em>Z tohoto d\u016fvodu pova\u017euji dne\u0161n\u00ed rozhodnut\u00ed M\u011bstsk\u00e9ho soudu za velmi z\u00e1sadn\u00ed.<\/em><\/div>\n<div dir=\"auto\"><em>Nadto se jedn\u00e1 o rozsudek v r\u00e1mci odvolac\u00edho \u0159\u00edzen\u00ed, jen\u017e se tedy stane jeho doru\u010den\u00edm ob\u011bma stran\u00e1m pravomocn\u00fdm.<\/em><\/div>\n<div dir=\"auto\"><em>Povedl se dal\u0161\u00ed mal\u00fd kr\u016f\u010dek k obnov\u011b princip\u016f pr\u00e1vn\u00edho st\u00e1tu v na\u0161\u00ed zemi.<\/em><\/div>\n<div class=\"x11i5rnm xat24cr x1mh8g0r x1vvkbs xtlvy1s x126k92a\">\n<p dir=\"auto\"><em><strong>\u010cT dostala jasn\u00fd sign\u00e1l, \u017ee si prost\u011b nem\u016f\u017ee dovolit v\u0161e.<\/strong><\/em><\/p>\n<\/div>\n<\/div>\n<\/div>\n<\/div>\n<\/div>\n<\/div>\n<\/td>\n<\/tr>\n<\/tbody>\n<\/table>\n<p><strong>A to by m\u011bl b\u00fdt je\u0161t\u011b soud, \u017ee drze \u010cesk\u00e1 televize odm\u00edt\u00e1 d\u00e1t prostor p\u0159edsedovi JEDN\u00c9 politick\u00e9 strany PRO JUDr. Jind\u0159ichu Rajchlovi v politick\u00fdch debat\u00e1ch, a\u010d je tak povinna ze z\u00e1kona a zve si tam na prezentaci jen sv\u00e9 kun\u010dafty, jakoby to byl jejich majetek a nikoliv ob\u010dan\u016f \u010cesk\u00e9 republiky a report\u00e1\u017ee jsou dle toho \u0161\u00edlen\u011b nevyv\u00e1\u017een\u00e9, dokonce sprost\u011b ur\u00e1\u017eej\u00edc\u00ed!<\/strong><\/p>\n<p><a title=\"\u201e\u0160i\u0159itel \u0159et\u011bzov\u00fdch email\u016f\u201c? V\u00fdhra nad \u010ceskou televiz\u00ed!\" href=\"https:\/\/www.youtube.com\/watch?v=dY6HAHLsFIc\" target=\"_self\" rel=\"noopener\">\u201e\u0160i\u0159itel \u0159et\u011bzov\u00fdch email\u016f\u201c? V\u00fdhra nad \u010ceskou televiz\u00ed!<\/a><\/p>\n<p><a href=\"https:\/\/www.skrytapravda.cz\/z-domova\/1954-judr-jindrich-rajchl-srazil-ceske-televizi-hrebinek-a-nastalo-hrobove-ticho-tichucko\">Petr Pokorn\u00fd<\/a><\/p>\n<p><a href=\"https:\/\/stranapro.cz\/\"><img decoding=\"async\" loading=\"lazy\" class=\"wp-image-40286 aligncenter\" src=\"http:\/\/www.infokuryr.cz\/n\/wp-content\/uploads\/2023\/11\/12pro-300x87.png\" alt=\"\" width=\"900\" height=\"261\" srcset=\"https:\/\/www.infokuryr.cz\/n\/wp-content\/uploads\/2023\/11\/12pro-300x87.png 300w, https:\/\/www.infokuryr.cz\/n\/wp-content\/uploads\/2023\/11\/12pro.png 366w\" sizes=\"(max-width: 900px) 100vw, 900px\" \/><\/a><\/p>\n<p>&nbsp;<\/p>\n<\/div>\n","protected":false},"excerpt":{"rendered":"<p>Zlo\u010dinn\u00e1 \u010cesk\u00e1 televize se chovala jako n\u00e1tlakov\u00e9 vyd\u00edrac\u00ed komando v z\u00e1jm\u016f p\u00e1n\u00ed\u010dk\u016f ze Strakovky Raku\u0161ana&#8230;<\/p>\n","protected":false},"author":2,"featured_media":56133,"comment_status":"closed","ping_status":"closed","sticky":false,"template":"","format":"standard","meta":[],"categories":[6],"tags":[47,2992,520,324],"_links":{"self":[{"href":"https:\/\/www.infokuryr.cz\/n\/wp-json\/wp\/v2\/posts\/56132"}],"collection":[{"href":"https:\/\/www.infokuryr.cz\/n\/wp-json\/wp\/v2\/posts"}],"about":[{"href":"https:\/\/www.infokuryr.cz\/n\/wp-json\/wp\/v2\/types\/post"}],"author":[{"embeddable":true,"href":"https:\/\/www.infokuryr.cz\/n\/wp-json\/wp\/v2\/users\/2"}],"replies":[{"embeddable":true,"href":"https:\/\/www.infokuryr.cz\/n\/wp-json\/wp\/v2\/comments?post=56132"}],"version-history":[{"count":0,"href":"https:\/\/www.infokuryr.cz\/n\/wp-json\/wp\/v2\/posts\/56132\/revisions"}],"wp:featuredmedia":[{"embeddable":true,"href":"https:\/\/www.infokuryr.cz\/n\/wp-json\/wp\/v2\/media\/56133"}],"wp:attachment":[{"href":"https:\/\/www.infokuryr.cz\/n\/wp-json\/wp\/v2\/media?parent=56132"}],"wp:term":[{"taxonomy":"category","embeddable":true,"href":"https:\/\/www.infokuryr.cz\/n\/wp-json\/wp\/v2\/categories?post=56132"},{"taxonomy":"post_tag","embeddable":true,"href":"https:\/\/www.infokuryr.cz\/n\/wp-json\/wp\/v2\/tags?post=56132"}],"curies":[{"name":"wp","href":"https:\/\/api.w.org\/{rel}","templated":true}]}}