{"id":56096,"date":"2024-06-21T00:38:41","date_gmt":"2024-06-20T22:38:41","guid":{"rendered":"https:\/\/www.infokuryr.cz\/n\/?p=56096"},"modified":"2024-06-20T15:16:42","modified_gmt":"2024-06-20T13:16:42","slug":"myslite-si-ze-jsou-vase-penize-v-bance-v-bezpeci-financni-diktat-eu-vuci-kypru-ukazal-opak","status":"publish","type":"post","link":"https:\/\/www.infokuryr.cz\/n\/2024\/06\/21\/myslite-si-ze-jsou-vase-penize-v-bance-v-bezpeci-financni-diktat-eu-vuci-kypru-ukazal-opak\/","title":{"rendered":"Mysl\u00edte si, \u017ee jsou va\u0161e pen\u00edze v bance v bezpe\u010d\u00ed? Finan\u010dn\u00ed dikt\u00e1t EU v\u016f\u010di Kypru uk\u00e1zal opak"},"content":{"rendered":"<div id=\"fb-root\"><\/div>\n<p><strong>Mini\u010dlensk\u00e1 zem\u011b EU Kypr, ostrov ve v\u00fdchodn\u00edm St\u0159edomo\u0159\u00ed s m\u00e9n\u011b ne\u017e 900 000 obyvateli, se na ja\u0159e 2013 stane d\u011bji\u0161t\u011bm nejv\u011bt\u0161\u00edho vyvlast\u0148ovac\u00edho dramatu od zalo\u017een\u00ed Evropsk\u00e9 unie. Zvl\u00e1\u0161t\u011b \u201emal\u00fd mu\u017e\u201c byl o\u0161uk\u00e1n, zat\u00edmco elity p\u0159esunuly sv\u016fj kapit\u00e1l do bezpe\u010d\u00ed. Chronologie hanby a varov\u00e1n\u00ed pro p\u0159\u00edtomnost i budoucnost!<\/strong><\/p>\n<p>Kypr je rozd\u011blen od roku 1974: na \u0159eckou ji\u017en\u00ed \u010d\u00e1st a tureckou severn\u00ed \u010d\u00e1st. V roce 1983 byla vyhl\u00e1\u0161ena Severokypersk\u00e1 tureck\u00e1 republika, kterou mezin\u00e1rodn\u00ed spole\u010denstv\u00ed neuznalo.\u00a0<strong>Kypersk\u00e1 republika, kter\u00e1 pokr\u00fdv\u00e1 ji\u017en\u00ed \u010d\u00e1st ostrova, vstoupila do EU 1. kv\u011btna 2004.<\/strong>\u00a0Kone\u010dn\u011b 1. ledna 2008 byla kypersk\u00e1 libra zru\u0161ena a zavedeno euro. A tak za\u010dala katastrofa. Nejprve pomalu a pak rychleji a rychleji.<\/p>\n<h3 id=\"h-zypern-am-abgrund\" class=\"wp-block-heading\"><span style=\"font-size: 18pt;\">Kypr na pokraji<\/span><\/h3>\n<p>V\u00a0<strong>\u010dervnu 2012<\/strong>\u00a0ratingov\u00e1 agentura Fitch sn\u00ed\u017eila \u00fav\u011brov\u00fd rating Kypru na \u201eBB+\u201c; tedy na \u201e\u00farovni nevy\u017e\u00e1dan\u00e9 po\u0161ty\u201c. V\u00fdhled\u00a0<strong>\u00fav\u011bruschopnosti zem\u011b je rovn\u011b\u017e nastaven na \u201enegativn\u00ed\u201c.<\/strong>\u00a0Znovu si za to mohou banky, proto\u017ee kv\u016fli dluhov\u00e9 krizi v \u0158ecku, se kterou jsou \u00fazce spjaty, mus\u00ed odepsat zhruba \u010dty\u0159i miliardy eur. A nejen oni: cel\u00e1 ekonomika je propojena s hel\u00e9nskou ekonomikou, i kdy\u017e jej\u00ed produkce dosahuje pouze 17,5 miliardy eur. To z n\u00ed d\u011bl\u00e1 jednu z nejmen\u0161\u00edch ekonomik v euroz\u00f3n\u011b. B\u00fdval\u00fd \u201eda\u0148ov\u00fd r\u00e1j\u201c pro mezin\u00e1rodn\u00ed spole\u010dnosti a velk\u00e9 investory se nav\u00edc po sv\u00e9 prosperit\u011b d\u00e1le zmen\u0161oval. Navzdory \u010dil\u00e9 turistice roste na slunn\u00e9m ostrov\u011b nezam\u011bstnanost \u2013 a na rekordn\u00ed \u00farovni. St\u00e1tn\u00ed slu\u017eba je tak\u00e9 nabub\u0159el\u00e1.\u00a0<a href=\"https:\/\/www.tagesschau.de\/wirtschaft\/zypern-ts-188.html\" target=\"_blank\" rel=\"noreferrer noopener\">Podle zpr\u00e1vy Evropsk\u00e9 komise<\/a> existuje na Kypru \u201evelmi v\u00e1\u017en\u00e1 makroekonomick\u00e1 nerovnov\u00e1ha\u201c .<\/p>\n<h3 id=\"h-hilferuf-an-die-eu-und-russland\" class=\"wp-block-heading\"><span style=\"font-size: 18pt;\">Zavolejte o pomoc EU a Rusko<\/span><\/h3>\n<p>V \u010dervnu 2012 nevid\u011bla vl\u00e1da v Nik\u00f3sii jin\u00e9 v\u00fdchodisko, ne\u017e podat EU \u017e\u00e1dost o finan\u010dn\u00ed pomoc v hodnot\u011b 17,5 miliardy eur. To zhruba odpov\u00edd\u00e1 ro\u010dn\u00edmu ekonomick\u00e9mu v\u00fdkonu t\u0159et\u00edho nejmen\u0161\u00edho \u010dlensk\u00e9ho st\u00e1tu. A to i p\u0159esto, \u017ee ve St\u0159edozemn\u00edm mo\u0159i u ji\u017en\u00edho pob\u0159e\u017e\u00ed Kypru byla nalezena velk\u00e1 lo\u017eiska zemn\u00edho plynu. Turecko v\u0161ak jejich miliardov\u00e9 vyko\u0159is\u0165ov\u00e1n\u00ed blokuje, dokud se spor o rozd\u011blen\u00ed ostrova definitivn\u011b nevy\u0159e\u0161\u00ed.\u00a0<strong>Kypr je tak po \u0158ecku, Portugalsku, Irsku a \u0160pan\u011blsku p\u00e1t\u00fdm \u010dlensk\u00fdm st\u00e1tem, kter\u00fd pot\u0159ebuje pomoc. Z\u00e1chrann\u00fd bal\u00ed\u010dek v\u0161ak bude zmen\u0161en na 10 miliard eur.<\/strong><\/p>\n<p>\u0160patn\u00e9 vyhl\u00eddky Kypru, kter\u00fd se tak\u00e9 1. \u010dervence 2012 ujal p\u0159edsednictv\u00ed v Rad\u011b EU a koupil akcie churav\u011bj\u00edc\u00ed Cyprus Popular Bank v hodnot\u011b 1,8 miliardy eur, aby ji zachr\u00e1nil p\u0159ed bankrotem.<\/p>\n<p>Za jej\u00edho p\u0159edsednictv\u00ed by m\u011bl nyn\u00ed \u201ezkrachoval\u00fd ostrov\u201c vyv\u00e9st EU s p\u0159ibli\u017en\u011b 500 miliony ob\u010dan\u016f z nejhor\u0161\u00ed krize v jej\u00ed existenci a zajistit r\u016fst a v\u00edce pracovn\u00edch m\u00edst? Jak to m\u00e1 fungovat, je v poku\u0161en\u00ed pt\u00e1t se. Mo\u017en\u00e1 s pomoc\u00ed Ruska? Moskva ji\u017e koncem roku 2011 poskytla Nik\u00f3sii p\u016fj\u010dku ve v\u00fd\u0161i 2,5 miliardy eur. V \u010dervenci 2012 bude vyjedn\u00e1na dal\u0161\u00ed v hodnot\u011b 5 miliard eur.<\/p>\n<p><strong>Ale Rusov\u00e9 p\u0159ece nejsou nezi\u0161tn\u00ed, bohat\u00ed krajan\u00e9 \u2013 jin\u00fdmi slovy oligarchov\u00e9 \u2013 investuj\u00ed sv\u00e9 pen\u00edze do kypersk\u00fdch bank, kter\u00e9 tam nejsou zdan\u011bny. Na st\u0159edomo\u0159sk\u00e9m ostrov\u011b nav\u00edc investuje mnoho rusk\u00fdch spole\u010dnost\u00ed \u2013 rovn\u011b\u017e s velmi n\u00edzkou da\u0148ovou sazbou a s laxn\u00edm finan\u010dn\u00edm dohledem.<\/strong>\u00a0Zemn\u00ed plyn nalezen\u00fd u pob\u0159e\u017e\u00ed tak\u00e9 p\u0159itahuje rusk\u00e9 spole\u010dnosti jako Gazprom. Existuj\u00ed tedy dobr\u00e9 d\u016fvody, pro\u010d podat Kyp\u0159an\u016fm pomocnou ruku. Prezident Dimitris Christofias a jeho \u201eeurokomunistick\u00e1 pokrokov\u00e1 strana pracuj\u00edc\u00edho lidu (AKEL)\u201c je nav\u00edc jedin\u00fdm komunistick\u00fdm p\u0159edsedou vl\u00e1dy v zemi EU.<\/p>\n<p>V listopadu 2012\u00a0<a href=\"http:\/\/www.spiegel.de\/wirtschaft\/soziales\/russisches-schwarzgeld-bnd-warnt-vor-rettungspaket-fuer-zypern-a-865151.html\">unikla do tisku tajn\u00e1 zpr\u00e1va BND.\u00a0<\/a><strong>N\u011bmeck\u00e1 zahrani\u010dn\u00ed tajn\u00e1 slu\u017eba v n\u011bm uv\u00e1d\u00ed, \u017ee z o\u010dek\u00e1van\u00fdch opat\u0159en\u00ed pomoci EU by profitovali zejm\u00e9na dr\u017eitel\u00e9 rusk\u00fdch \u010dern\u00fdch pen\u011b\u017en\u00edch \u00fa\u010dt\u016f v kypersk\u00fdch bank\u00e1ch.<\/strong>\u00a0P\u0159esto\u017ee by Nik\u00f3sie dodr\u017eovala v\u0161echny dohody proti pran\u00ed \u0161pinav\u00fdch pen\u011bz, prov\u00e1d\u011bn\u00ed by bylo \u0161patn\u00e9.<\/p>\n<h3 id=\"h-zypern-vor-der-staatspleite\" class=\"wp-block-heading\"><span style=\"font-size: 18pt;\">Kypr \u010del\u00ed bankrotu<\/span><\/h3>\n<p>Do konce roku 2012 se Kypr stane nov\u00fdm hotspotem v r\u00e1mci EU. Je prakticky insolventn\u00ed. Ostatn\u00ed \u010dlensk\u00e9 st\u00e1ty jsou opatrn\u00e9 a po\u017eaduj\u00ed od kypersk\u00e9 vl\u00e1dy nejen plnou transparentnost, zejm\u00e9na pokud jde o pran\u00ed \u0161pinav\u00fdch pen\u011bz, ale tak\u00e9 plnou spolupr\u00e1ci v da\u0148ov\u00fdch z\u00e1le\u017eitostech. Nav\u00edc nedostatek v nabub\u0159el\u00e9m a nemocn\u00e9m bankovn\u00edm sektoru. Poprv\u00e9 je polo\u017eena ot\u00e1zka, kdo jsou vlastn\u011b v\u011b\u0159itel\u00e9 a p\u0159edev\u0161\u00edm, jak je lze zahrnout do n\u00e1klad\u016f na restrukturalizaci bankovn\u00edho syst\u00e9mu.<\/p>\n<p>MMF po\u017eaduje oddlu\u017een\u00ed p\u0159ed \u00fa\u010dast\u00ed na bal\u00ed\u010dku pomoci.\u00a0<strong>Trojka slo\u017een\u00e1 z EU, ECB a MMF po\u017eaduje rigidn\u00ed reformy: privatizaci st\u00e1tn\u00edch podnik\u016f, v\u011bt\u0161\u00ed kontrolu nad finan\u010dn\u00edmi transakcemi bank a zv\u00fd\u0161en\u00ed dan\u00ed.<\/strong>\u00a0To druh\u00e9 by op\u011bt zvl\u00e1\u0161t\u011b zas\u00e1hlo mal\u00e9ho \u010dlov\u00ed\u010dka.<\/p>\n<p><a href=\"http:\/\/www.tagesschau.de\/ausland\/zypern282.html\">B\u011bhem kr\u00e1tk\u00e9 n\u00e1v\u0161t\u011bvy Angely Merkelov\u00e9<\/a>\u00a0na za\u010d\u00e1tku roku vyzvala kyperskou vl\u00e1du k proveden\u00ed reforem. Nik\u00f3sie by m\u011bla zakro\u010dit proti pran\u00ed \u0161pinav\u00fdch pen\u011bz.<\/p>\n<p>Krom\u011b v\u0161ech t\u011bchto probl\u00e9m\u016f ostrova sn\u00ed\u017eila ratingov\u00e1 agentura Moody&#8217;s v lednu 2013 \u00fav\u011brov\u00fd rating Kypru o t\u0159i stupn\u011b na \u201eCaa3\u201c. V\u00fdhled tak\u00e9 z\u016fst\u00e1v\u00e1 \u201enegativn\u00ed\u201c.\u00a0<strong>St\u00e1tn\u00ed dluh by letos stoupl na 150 procent hrub\u00e9ho dom\u00e1c\u00edho produktu. N\u00e1rodn\u00ed bankrot nebo nucen\u00e9 \u010d\u00e1ste\u010dn\u00e9 sn\u00ed\u017een\u00ed dluhu by bylo hned za rohem.<\/strong><\/p>\n<p>Tedy vyhl\u00eddky, kter\u00e9 \u017e\u00e1dn\u00e9ho investora nepot\u011b\u0161\u00ed, ale naopak vyb\u00edzej\u00ed k rychl\u00e9mu \u00fat\u011bku.<\/p>\n<h3 id=\"h-eu-beschliesst-erstmals-sparerenteignung\" class=\"wp-block-heading\"><span style=\"font-size: 18pt;\">EU poprv\u00e9 rozhoduje o \u201evyvlastn\u011bn\u00ed \u00faspor\u201c<\/span><\/h3>\n<p>V \u00fanoru 2013 vyst\u0159\u00eddal levicov\u00e9ho prezidenta Dimitris Christofias konzervativn\u00ed Nikos Anastasiades. P\u0159ij\u00edm\u00e1 p\u0159itom skute\u010dn\u011b \u201epekelnou pr\u00e1ci\u201c. Proto\u017ee v\u0161echno je mnohem hor\u0161\u00ed.<\/p>\n<p>Nejprve je tu v\u0161ak nad\u011bje. Politici EU, jako\u00a0<a href=\"https:\/\/www.welt.de\/wirtschaft\/article114502095\/Zypern-nimmt-den-Sparern-5-8-Milliarden-Euro.html\">je komisa\u0159 pro m\u011bnu Olli Rehn<\/a>\u00a0nebo\u00a0<a href=\"https:\/\/web.archive.org\/web\/20130330065530\/http:\/www.general-anzeiger-bonn.de\/news\/politik\/Der-fruehere-Chef-der-Eurogruppe-ueber-Euro-Krise-und-Europas-Einigung-article1014812.html\">b\u00fdval\u00fd \u0161\u00e9f Euroskupiny Jean-Claude Juncker<\/a>\u00a0n\u00e1hle hlasit\u011b oznamuj\u00ed, \u017ee mal\u00fd Kypr s hospod\u00e1\u0159sk\u00fdm v\u00fdkonem pouh\u00fdch 0,2 procenta euroz\u00f3ny (!) je \u201esyst\u00e9mov\u011b d\u016fle\u017eit\u00fd\u201c. b\u00fdt. Aby byla zaji\u0161t\u011bna finan\u010dn\u00ed stabilita ostrova a euroz\u00f3ny, mus\u00ed b\u00fdt za v\u0161ech okolnost\u00ed zachr\u00e1n\u011bna.<\/p>\n<p><strong>Aby bylo mo\u017en\u00e9 d\u00e1t dohromady bal\u00ed\u010dek pomoci ve v\u00fd\u0161i 10 miliard eur pro Kypr<\/strong>\u00a0(zem\u011b mus\u00ed zaplatit 2,5 procenta \u00farok\u016f ze z\u00e1chrann\u00fdch \u00fav\u011br\u016f &#8211; spl\u00e1cen\u00ed by m\u011blo za\u010d\u00edt v roce 2023 a trvat 12 let), p\u0159i\u0161li minist\u0159i financ\u00ed EU B\u0159ezen 2013 po dlouh\u00fdch a slo\u017eit\u00fdch jedn\u00e1n\u00edch dosp\u011bl k z\u00e1v\u011bru\u00a0<strong>, \u017ee klienti bank by se m\u011bli poprv\u00e9 vzd\u00e1t \u010d\u00e1sti sv\u00fdch vklad\u016f, aby podpo\u0159ili nemocn\u00fd finan\u010dn\u00ed sektor.<\/strong><\/p>\n<p>Jedn\u00e1 se o prvn\u00ed krok sv\u00e9ho druhu, kter\u00fd nep\u0159edstavuje nic jin\u00e9ho ne\u017e vyvlastn\u011bn\u00ed. Konkr\u00e9tn\u011b:\u00a0<strong>Ka\u017ed\u00fd, kdo m\u00e1 bankovn\u00ed z\u016fstatek vy\u0161\u0161\u00ed ne\u017e 100 000 eur, by m\u011bl zaplatit da\u0148 ve v\u00fd\u0161i 9,9 procenta. To by m\u011blo b\u00fdt 6,75 procenta. Nik\u00f3sie chce od st\u0159adatel\u016f vyvlastnit zhruba 5,8 miliardy eur, \u010di sp\u00ed\u0161e \u201epodv\u00e1d\u011bt\u201c.<\/strong>\u00a0Pozor, zejm\u00e9na od drobn\u00fdch investor\u016f, abyste nep\u0159itahovali v\u011bt\u0161\u00ed investory zv\u00fd\u0161en\u00fdmi ztr\u00e1tami a p\u0159\u00edpadn\u011b je trvale nevystra\u0161ili,\u00a0<a href=\"https:\/\/web.archive.org\/web\/20130330065530\/http:\/www.general-anzeiger-bonn.de\/news\/politik\/Der-fruehere-Chef-der-Eurogruppe-ueber-Euro-Krise-und-Europas-Einigung-article1014812.html\">jak pozd\u011bji p\u0159ipustil b\u00fdval\u00fd \u0161\u00e9f Euroskupiny Jean-Claude Juncker<\/a>\u00a0.<\/p>\n<p>Ne\u017e v\u0161ak kypersk\u00e1 vl\u00e1da tuto \u0161patnou zpr\u00e1vu sv\u00fdm lidem ozn\u00e1m\u00ed, p\u0159ijme okam\u017eit\u00e1 opat\u0159en\u00ed:\u00a0<strong>banky z\u016fst\u00e1vaj\u00ed zav\u0159en\u00e9, syst\u00e9m online bankovnictv\u00ed je paralyzov\u00e1n, tak\u017ee elektronick\u00e9 finan\u010dn\u00ed p\u0159evody ji\u017e nelze prov\u00e1d\u011bt, a v\u00fdb\u011bry z bankomat\u016f jsou omezeny nebo zpo\u010d\u00e1tku zmrazeny. .<\/strong><\/p>\n<p><a href=\"https:\/\/www.stern.de\/politik\/deutschland\/eurokrise-die-enteignung-zyprischer-sparer-ist-fatal-3103390.html\">Thomas Schmoll ve\u00a0<em>Stern<\/em>\u00a0p\u00ed\u0161e :<\/a> \u201eAngela Merkelov\u00e1 a z\u00e1chran\u00e1\u0159i eura slav\u00ed sv\u016fj kypersk\u00fd bal\u00ed\u010dek. Povinn\u00e1 platba je nejen poru\u0161en\u00edm tabu, ale tak\u00e9 nehor\u00e1znost\u00ed. Ni\u010d\u00ed to d\u016fv\u011bru klient\u016f bank.\u201c A d\u00e1le: \u201eAno, je to vyvlastn\u011bn\u00ed (\u2026) Euro minist\u0159i financ\u00ed to prod\u00e1vaj\u00ed jako jednor\u00e1zovou solid\u00e1rn\u00ed p\u0159ir\u00e1\u017eku. Ve skute\u010dnosti je to vynucen\u00e1 da\u0148 k udr\u017een\u00ed pen\u011b\u017en\u00edho spole\u010denstv\u00ed, kter\u00e9 m\u011blo sjednotit Evropu a nyn\u00ed se st\u00e1le v\u00edce rozd\u011bluje.<\/p>\n<p>T\u00edm Schmoll tref\u00ed h\u0159eb\u00ed\u010dek na hlavi\u010dku.\u00a0<strong>Proto\u017ee zat\u00edmco mnoho bohat\u00fdch a superbohat\u00fdch lid\u00ed ji\u017e sv\u00e9 pen\u00edze v\u010das shr\u00e1blo v zahrani\u010d\u00ed, oby\u010dejn\u00ed mu\u017ei a \u017eeny na Kypru jsou nuceni platit za politick\u00e1 selh\u00e1n\u00ed a nabub\u0159el\u00fd, zruinovan\u00fd bankovn\u00ed syst\u00e9m.<\/strong>\u00a0\u201eEvropa se (\u2026) dohodla na garanci vklad\u016f pro z\u016fstatky a\u017e do v\u00fd\u0161e 100 000 eur. To znamen\u00e1: \u00faspory do t\u00e9to \u010d\u00e1stky jsou chr\u00e1n\u011bny st\u00e1tem,\u201c pokra\u010duje Schmoll. \u201eTo u\u017e neplat\u00ed pro st\u0159adatele na Kypru. Jakou m\u00e1 v\u016fbec cenu z\u00e1ruka, kdy\u017e se st\u00e1t p\u0159es noc rozhodne o\u0161idit sv\u00e9 ob\u010dany o jejich pen\u00edze? &#8222;Zn\u00ed to jako v\u00fdsm\u011bch, \u017ee feder\u00e1ln\u00ed ministr financ\u00ed Wolfgang Sch\u00e4uble chv\u00e1l\u00ed vyvlastn\u011bn\u00ed jako nezbytn\u00e9 rozhodnut\u00ed, kter\u00e9 posiluje d\u016fv\u011bru v euroz\u00f3nu.&#8220;\u00a0<a href=\"http:\/\/www.spiegel.de\/politik\/ausland\/euro-krise-schaeuble-kuendigt-haerte-gegen-zypern-an-a-890623.html\">A Sch\u00e4uble pokra\u010duje:<\/a> \u201eKypr se vyd\u00e1 obt\u00ed\u017enou cestou \u2013 tak \u010di onak (\u2026) nen\u00ed to v\u00fdsledek evropsk\u00e9 tvrdohlavosti, ale obchodn\u00edho modelu, kter\u00fd ji\u017e nefunguje.\u201c To znamen\u00e1, \u017ee Evropa se st\u00e1v\u00e1 st\u00e1le neatraktivn\u011bj\u0161\u00ed pro investory, kte\u0159\u00ed se budou muset v budoucnu b\u00e1t o sv\u00e9 pen\u00edze.<\/p>\n<h3 id=\"h-wutende-proteste-gegen-merkel-und-co\" class=\"wp-block-heading\"><span style=\"font-size: 18pt;\">Rozzloben\u00e9 protesty proti Merkelov\u00e9 a spol.<\/span><\/h3>\n<p>Rozzloben\u00ed lid\u00e9 demonstruj\u00ed v hlavn\u00edm m\u011bst\u011b Nik\u00f3sie proti z\u00e1chrann\u00fdm pl\u00e1n\u016fm a proti \u2013 podle jejich n\u00e1zoru \u2013 jedn\u00e9 z odpov\u011bdn\u00fdch: kancl\u00e9\u0159ce Angele Merkelov\u00e9.\u00a0<a href=\"http:\/\/www.bild.de\/politik\/ausland\/zypern-krise\/zypern-chaos-29665396.bild.html\">Nap\u0159\u00edklad demo plak\u00e1t \u0159\u00edk\u00e1: \u201eHitler a Merkelov\u00e1 \u2013 stejn\u00e9 svinstvo\u201c nebo: \u201eTrojka jdi dom\u016f\u201c.<\/a><\/p>\n<p>Spolkov\u00fd ministr financ\u00ed Sch\u00e4uble varuje kypersk\u00fd parlament p\u0159ed zam\u00edtnut\u00edm z\u00e1chrann\u00e9ho bal\u00ed\u010dku. Proto\u017ee pak u\u017e by n\u00e1rodn\u00ed banky nebyly solventn\u00ed a\u00a0<a href=\"https:\/\/web.archive.org\/web\/20220707124834\/http:\/www.handelsblatt.com\/politik\/international\/bank-run-befuerchtet-tabubruch-in-zypern-alarmiert-oekonomen\/7943198.html\">Kypr by byl ve velmi slo\u017eit\u00e9 situaci.<\/a><\/p>\n<p>N\u011bmeck\u00fd\u00a0<a href=\"https:\/\/web.archive.org\/web\/20220707124834\/http:\/www.handelsblatt.com\/politik\/international\/bank-run-befuerchtet-tabubruch-in-zypern-alarmiert-oekonomen\/7943198.html\">ekonom Thorsten Polleit<\/a>\u00a0v\u0161ak \u0159\u00edk\u00e1, \u017ee je znepokojiv\u00e9\u00a0<strong>, \u017ee pomoc Kypru nepoch\u00e1zela od n\u00e1rodn\u00edho suver\u00e9na, ale od \u201emezin\u00e1rodn\u00ed vl\u00e1dn\u00ed skupiny\u201c. To by nem\u011blo na mysli z\u00e1jmy \u201en\u00e1rodn\u011b posti\u017een\u00fdch\u201c.<\/strong><\/p>\n<h3 id=\"h-kapitalraub-bis-zu-60-prozent\" class=\"wp-block-heading\">\u201eKapit\u00e1lov\u00e1 loupe\u017e\u201c a\u017e 60 procent<\/h3>\n<p>Z\u0159ejm\u011b kv\u016fli t\u011bmto \u00favah\u00e1m a odm\u00edtnut\u00ed tohoto pl\u00e1nu v n\u00e1rodn\u00edm parlamentu se koncem b\u0159ezna 2013 kypersk\u00e1 vl\u00e1da a minist\u0159i financ\u00ed EU dohodli na m\u00edrn\u011b upraven\u00e9m z\u00e1chrann\u00e9m pl\u00e1nu s c\u00edlem zachr\u00e1nit zemi p\u0159ed bankrotem. Rusov\u00e9 u\u017e tak\u00e9 necht\u011bj\u00ed poskytovat \u017e\u00e1dn\u00e9 dal\u0161\u00ed p\u016fj\u010dky.<\/p>\n<p><strong>Finan\u010dn\u00ed sektor, kter\u00fd je osmkr\u00e1t v\u011bt\u0161\u00ed ne\u017e ekonomick\u00fd v\u00fdkon, se m\u00e1 do roku 2018 sn\u00ed\u017eit na polovinu. Krom\u011b toho m\u00e1 doj\u00edt k rozpadu druh\u00e9 nejv\u011bt\u0161\u00ed banky v zemi Laiki (Popular) Bank. Jejich vklady, kter\u00e9 dosahuj\u00ed p\u0159ibli\u017en\u011b 4,2 miliardy eur, budou zmrazeny a p\u0159evedeny do \u201e\u0161patn\u00e9 banky\u201c, kter\u00e1 tak\u00e9 p\u0159evezme jejich dluh ECB ve v\u00fd\u0161i 9 miliard eur.<\/strong>\u00a0Zda budou tato lo\u017eiska zcela zni\u010dena, z\u0159ejm\u011b zat\u00edm nen\u00ed jasn\u00e9. Vklady nad 100 000 eur by se ale prozat\u00edm vypl\u00e1cet nem\u011bly. V procesu trvaj\u00edc\u00edm zhruba sedm let m\u00e1 insolven\u010dn\u00ed spr\u00e1vce z\u00edskat zp\u011bt \u010d\u00e1st ztracen\u00fdch pen\u011bz prodejem nemovitost\u00ed a inkasem \u0161patn\u00fdch \u00fav\u011br\u016f od \u0161patn\u00e9 banky a jejich vyplacen\u00edm investor\u016fm. Ka\u017ed\u00fd, kdo uv\u011b\u0159\u00ed, bude spasen, je v poku\u0161en\u00ed \u0159\u00edci.<\/p>\n<p>\u00da\u010dty s \u010d\u00e1stkami do 100 000 eur, kter\u00e9 jsou ze z\u00e1kona chr\u00e1n\u011bny poji\u0161t\u011bn\u00edm vklad\u016f, maj\u00ed b\u00fdt p\u0159evedeny do nejv\u011bt\u0161\u00ed banky Bank of Cyprus. To by m\u011blo b\u00fdt zmen\u0161eno.<\/p>\n<p>Aby toho nebylo m\u00e1lo, bohat\u00ed klienti bank, majitel\u00e9 \u00fa\u010dt\u016f, akcion\u00e1\u0159i a dr\u017eitel\u00e9 dluhopis\u016f jsou o\u0161izeni v\u00e1\u017en\u011bji, ne\u017e se p\u016fvodn\u011b zd\u00e1lo:\u00a0<strong>u bankovn\u00edch vklad\u016f p\u0159esahuj\u00edc\u00edch 100 000 eur nyn\u00ed hroz\u00ed \u201ekr\u00e1de\u017e kapit\u00e1lu\u201c a\u017e 60 procent!<\/strong><\/p>\n<p>Konkr\u00e9tn\u011b:\u00a0<a href=\"http:\/\/www.welt.de\/wirtschaft\/article115506202\/Zypern-brummt-auch-Hilfsorganisationen-Abgabe-auf.html)\">37,5 procenta povinn\u00e9ho odvodu a dal\u0161\u00edch 22,5 procenta<\/a>\u00a0bude \u201eodlo\u017eeno\u201c pro p\u0159\u00edpad, \u017ee by Bank of Cyprus pot\u0159ebovala dal\u0161\u00ed pen\u00edze na z\u00e1chranu. Na opl\u00e1tku by st\u0159adatel\u00e9 m\u011bli dostat akcie v bance. Humanit\u00e1rn\u00ed (pomocn\u00e9) organizace a soukrom\u00e9 \u0161koly p\u0159ijdou o 27,5 procenta sv\u00fdch vklad\u016f nad 100 000 eur.<\/p>\n<p>Povinn\u00fd odvod u ostatn\u00edch kypersk\u00fdch finan\u010dn\u00edch instituc\u00ed je pr\u00fd \u010dty\u0159i procenta nad 100 000 eur.\u00a0<strong>Krom\u011b toho budou okam\u017eit\u011b zavedeny kapit\u00e1lov\u00e9 kontroly, kter\u00e9 zablokuj\u00ed v\u011bt\u0161\u00ed p\u0159evody na prvn\u00edch \u0161est m\u011bs\u00edc\u016f, aby investo\u0159i nemohli hromadn\u011b vyb\u00edrat sv\u00e9 pen\u00edze.<\/strong><\/p>\n<h3 id=\"h-einmalige-korrektur-des-bankensystems\" class=\"wp-block-heading\"><span style=\"font-size: 18pt;\">&#8222;Jednor\u00e1zov\u00e1 korekce bankovn\u00edho syst\u00e9mu&#8220;<\/span><\/h3>\n<p>Kypersk\u00fd ministr financ\u00ed Michalis Sarris, kter\u00fd odstoup\u00ed po pouh\u00fdch \u010dty\u0159ech t\u00fddnech ve funkci, \u0159\u00edk\u00e1, \u017ee a\u010dkoliv \u017e\u00e1dn\u00e1 bitva nebyla vyhr\u00e1na, \u201e\u00a0<a href=\"https:\/\/www.welt.de\/wirtschaft\/article114734019\/Zypern-wendet-Staatspleite-im-letzten-Moment-ab.html\">skute\u010dn\u011b se vyhnul katastrofick\u00e9mu odchodu z euroz\u00f3ny\u201c<\/a>\u00a0. Ministr pr\u00e1ce Harris Georgiades hovo\u0159\u00ed o \u201ejednor\u00e1zov\u00e9m aktu n\u00e1pravy bankovn\u00edho syst\u00e9mu\u201c.<\/p>\n<p><strong>Rusk\u00fd premi\u00e9r Dmitrij Medved\u011bv naopak tato rozhodnut\u00ed popisuje jako \u201erabov\u00e1n\u00ed\u201c a dokonce je p\u0159irovn\u00e1v\u00e1 k vyvlastn\u011bn\u00ed \u017eidovsk\u00e9ho majetku nacisty. Kypersk\u00e1 vl\u00e1da na opl\u00e1tku nab\u00edz\u00ed\u00a0<\/strong><a href=\"http:\/\/www.abendzeitung-muenchen.de\/inhalt.euro-krise-zypern-lockt-reiche-mit-staatsbuergerschaft.38b9803c-750f-48f1-9d19-c213cd62e901.html\">\u201ekompenzaci\u201c<\/a>\u00a0rusk\u00fdm (a dal\u0161\u00edm) podnikatel\u016fm, kte\u0159\u00ed kv\u016fli povinn\u00e9mu odvodu p\u0159i\u0161li o v\u00edce ne\u017e t\u0159i miliony eur\u00a0: ob\u010danstv\u00ed ostrovn\u00ed republiky!<\/p>\n<p>B\u011bhem v\u0161eho vzru\u0161en\u00ed se v dubnu 2013 \u0161\u00ed\u0159ily zv\u011bsti, \u017ee povinn\u00fd odvod bude uvalen tak\u00e9 na bankovn\u00ed vklady dru\u017estevn\u00edch bank, kter\u00e9 byly pova\u017eov\u00e1ny za bezpe\u010dn\u00e9.\u00a0<a href=\"http:\/\/www.stern.de\/politik\/ausland\/eurokrise-zypern-dementiert-weitere-zwangsabgabe-1993672.html\">Ministerstvo financ\u00ed tyto spekulace rychle pop\u0159elo<\/a>\u00a0a m\u00edsto toho prohl\u00e1silo \u2013 jak\u00fd v\u00fdsm\u011bch vzhledem k rozs\u00e1hl\u00e9mu vyvlast\u0148ov\u00e1n\u00ed \u2013 \u017ee d\u00edky dohodnut\u00fdm opat\u0159en\u00edm je kypersk\u00fd bankovn\u00ed syst\u00e9m \u201ena cest\u011b ke stabilizaci a o\u017eiven\u00ed\u201c. Ministerstvo tak\u00e9 vyz\u00fdv\u00e1 ve\u0159ejnost, aby \u201enev\u011b\u0159ila nepodlo\u017een\u00fdm f\u00e1m\u00e1m, jejich\u017e jedin\u00fdm \u00fa\u010delem je po\u0161kodit bankovn\u00ed syst\u00e9m na Kypru\u201c.<\/p>\n<p>Ale \u0159ada ob\u010dan\u016f, kter\u00fdm se dosud lhalo, u\u017e sv\u00fdm politik\u016fm nev\u011b\u0159\u00ed.\u00a0<strong>Proto\u017ee banky z\u016fstaly t\u00e9m\u011b\u0159 dva t\u00fddny zav\u0159en\u00e9, spot\u0159eba klesla o 70 procent.<\/strong>\u00a0Firmy u\u017e nemohou vypl\u00e1cet mzdy, otev\u00edraj\u00ed se v\u00fdva\u0159ovny, obchody a restaurace pustnou. L\u00e9k\u00e1rny nov\u011b akceptuj\u00ed pouze n\u00e1kup l\u00e9k\u016f v hotovosti.<\/p>\n<h3 id=\"h-banken-unter-polizeischutz\" class=\"wp-block-heading\"><span style=\"font-size: 18pt;\">Banky pod policejn\u00ed ochranou<\/span><\/h3>\n<p>Ne\u017e se banky znovu otev\u0159ou, panuj\u00ed obavy z bankovn\u00edho runu. Finan\u010dn\u00ed instituce jsou rychle um\u00edst\u011bny pod policejn\u00ed ochranu. Kv\u016fli znovuotev\u0159en\u00ed bude p\u011bt miliard eur v hotovosti z rezerv ECB p\u0159esunuto na \u201ekonkurzn\u00ed ostrov\u201c a rozd\u011bleno do tamn\u00edch bankovn\u00edch pobo\u010dek.<\/p>\n<p>Ale nakonec k \u017e\u00e1dn\u00e9mu bankovn\u00edmu runu nedojde. Mo\u017en\u00e1 z \u00facty k bezpe\u010dnostn\u00edm slo\u017ek\u00e1m nebo proto, \u017ee lze vybrat jen omezen\u00e9 mno\u017estv\u00ed pen\u011bz \u2013 pouze 300 eur za kus. Trval\u00e9 p\u0159\u00edkazy k v\u00fdplat\u011b mezd jsou op\u011bt povoleny. Zahrani\u010dn\u00ed p\u0159evody a platby kreditn\u00ed kartou jsou v\u0161ak omezeny \u010d\u00e1stkou 5 000 eur na osobu a banku. Podle Evropsk\u00e9 komise jsou tato omezen\u00ed zcela leg\u00e1ln\u00ed a vztahuje se na n\u011b Smlouva o EU.\u00a0<strong>\u010clensk\u00e9 st\u00e1ty mohou omezit voln\u00fd pohyb kapit\u00e1lu, pokud je to nezbytn\u00e9 z d\u016fvodu bezpe\u010dnosti nebo ve\u0159ejn\u00e9ho po\u0159\u00e1dku. Stejn\u011b tak z d\u016fvodu ve\u0159ejn\u00e9ho z\u00e1jmu.<\/strong><\/p>\n<p>Tak\u017ee je to tak snadn\u00e9 \u2013 vl\u00e1dn\u00ed sankce, kter\u00e9 jsou pak tak\u00e9 p\u0159\u00edpustn\u00e9. Na zdrav\u00ed Maastrichtsk\u00fdm smlouv\u00e1m!<\/p>\n<h3 id=\"h-eliten-retten-ihr-geld\" class=\"wp-block-heading\"><span style=\"font-size: 18pt;\">Elity \u201e\u0161et\u0159\u00ed\u201c sv\u00e9 pen\u00edze<\/span><\/h3>\n<p><strong>V t\u011bchto dramatick\u00fdch dnech na Kypru, kter\u00e9 Evropan\u016fm ukazuj\u00ed, jak\u00fd finan\u010dn\u00ed dikt\u00e1t m\u016f\u017ee EU uplat\u0148ovat, v\u010detn\u011b vyvlast\u0148ov\u00e1n\u00ed kapit\u00e1lu,<\/strong>\u00a0je zn\u00e1mo, \u017ee vysoc\u00ed p\u0159edstavitel\u00e9 kypersk\u00e9 centr\u00e1ln\u00ed banky a politici, kte\u0159\u00ed v\u011bd\u011bli o chystan\u00e9m uzav\u0159en\u00ed bank a jejich vyvlastn\u011bn\u00ed st\u0159adatel\u016f,\u00a0<a href=\"http:\/\/www.spiegel.de\/wirtschaft\/krieg-der-listen-in-zypern-praesident-anastasiades-unter-druck-a-891893.html\">p\u0159edt\u00edm vyd\u011blali \u201eobrovsk\u00e9 \u010d\u00e1stky\u201cVzali pen\u00edze do zahrani\u010d\u00ed<\/a>\u00a0.<\/p>\n<p><strong>132 spole\u010dnost\u00ed a jednotlivc\u016f si \u00fadajn\u011b p\u0159ed uzav\u0159en\u00edm finan\u010dn\u00edch instituc\u00ed vybralo ze sv\u00fdch \u00fa\u010dt\u016f celkem\u00a0<a href=\"https:\/\/web.archive.org\/web\/20140822153945\/http:\/www.handelsblatt.com\/politik\/international\/insider-warnungen-zyprische-firmen-sollen-700-millionen-euro-abgezogen-haben\/8006524.html\">a\u017e 700 milion\u016f eur,<\/a>\u00a0proto\u017ee pravd\u011bpodobn\u011b m\u011bli intern\u00ed informace o o\u010dek\u00e1van\u00fdch rozhodnut\u00edch euroz\u00f3ny.<\/strong>\u00a0Krom\u011b politik\u016f mezi n\u011b pat\u0159\u00ed tak\u00e9 lodn\u00ed spole\u010dnosti, energetick\u00e9 spole\u010dnosti, pr\u00e1vnick\u00e9 firmy a st\u00e1tn\u00ed firmy.<\/p>\n<p>V\u00fdbu\u0161n\u00fd:\u00a0<strong>Jednu z uveden\u00fdch spole\u010dnost\u00ed vlastn\u00ed ze\u0165 kypersk\u00e9ho prezidenta Nikose Anastasiadese.<\/strong> To pr\u00fd d\u0159\u00edve vybralo vklady ve v\u00fd\u0161i 21 milion\u016f eur z banky Laiki a \u010d\u00e1ste\u010dn\u011b je p\u0159evedlo do Lond\u00fdna. Prezident mluv\u00ed o pomluv\u011b a br\u00e1n\u00ed se p\u0159ed\u00e1v\u00e1n\u00ed informac\u00ed a varoval sv\u00e9 p\u0159\u00edbuzn\u00e9.<\/p>\n<p><a href=\"https:\/\/www.spiegel.de\/wirtschaft\/krieg-der-listen-in-zypern-praesident-anastasiades-unter-druck-a-891893.html\">Konzervativn\u00ed noviny\u00a0<em>Fileleftheros<\/em>\u00a0v t\u00e9 dob\u011b poznamenaly:\u00a0<\/a><strong>\u201eZat\u00edmco oby\u010dejn\u00ed Kyp\u0159an\u00e9 stoj\u00ed ve front\u00e1ch ve v\u00fdva\u0159ovn\u00e1ch a p\u0159ekon\u00e1vaj\u00ed svou p\u00fdchu, proto\u017ee nemaj\u00ed jinou mo\u017enost, ne\u017e se st\u00e1t \u017eebr\u00e1ky, ka\u017ed\u00fd, zejm\u00e9na politick\u00e9 veden\u00ed zem\u011b, mus\u00ed dok\u00e1zat, \u017ee je nade v\u0161\u00ed pochybnost vzne\u0161en\u00e1. \u201c.<\/strong><\/p>\n<p>Kypersk\u00e1 m\u00e9dia nav\u00edc zve\u0159ej\u0148uj\u00ed i \u200b\u200b\u0161\u0165avnat\u00fd seznam se jm\u00e9ny politik\u016f, kte\u0159\u00ed dostali milionov\u00e9 p\u016fj\u010dky a nikdy je nemuseli spl\u00e1cet. Jednodu\u0161e \u0159e\u010deno:\u00a0<strong>Dv\u011b nejv\u011bt\u0161\u00ed banky, Laiki Bank a Bank of Cyprus, se v letech 2007 a\u017e 2012 z\u0159ekly milionov\u00fdch p\u016fj\u010dek politik\u016fm!<\/strong>\u00a0Nebo museli zaplatit jen \u010d\u00e1st. To se pr\u00fd t\u00fdk\u00e1 \u010dlen\u016f v\u0161ech kypersk\u00fdch stran krom\u011b soci\u00e1ln\u011b demokratick\u00e9 EDEK a soci\u00e1ln\u011b-ekologick\u00e9 KKO. \u201eOdbor\u016fm bylo \u00fadajn\u011b odpu\u0161t\u011bno 193 000 eur a \u010dlen vl\u00e1dnouc\u00ed strany DISY nebyl po\u017e\u00e1d\u00e1n o 101 000 eur z p\u016fj\u010dky ve v\u00fd\u0161i 168 000 eur,\u201c uv\u00e1d\u00ed\u00a0<a href=\"http:\/\/www.zeit.de\/wirtschaft\/2013-03\/zypern-banken-politiker-kredite-erlass\">Die\u00a0<em>Zeit<\/em>\u00a0n\u011bkolik p\u0159\u00edklad\u016f<\/a>\u00a0. Spole\u010dnosti, kter\u00e1 pat\u0159\u00ed bratrovi b\u00fdval\u00e9ho ministra st\u0159edoprav\u00e9 strany DIKO, pr\u00fd bylo odpu\u0161t\u011bno 1,28 milionu z celkov\u00fdch 1,59 milionu vyp\u016fj\u010den\u00fdch eur.<\/p>\n<p><a href=\"http:\/\/deutsche-wirtschafts-nachrichten.de\/2013\/03\/31\/zypern-praesident-bekamt-von-bank-58-millionen-dollar-geschenkt\">V kv\u011btnu 2012 pr\u00fd Bank of Cyprus zcela odpustila<\/a>\u00a0p\u016fj\u010dku ve v\u00fd\u0161i 2,8 milionu eur hotelov\u00e9 spole\u010dnosti, kter\u00e1 m\u00e1 napojen\u00ed na kyperskou komunistickou stranu (AKEL) a odbory\u00a0.<\/p>\n<p><strong>Jedn\u00edm z lid\u00ed, kte\u0159\u00ed m\u011bli z t\u011bchto \u201ezru\u0161en\u00fdch p\u016fj\u010dek\u201c nejv\u011bt\u0161\u00ed prosp\u011bch, byl b\u00fdval\u00fd prezident George Vassiliou.<\/strong>\u00a0Prost\u0159ednictv\u00edm spole\u010dnosti, kterou ovl\u00e1dal , pr\u00fd\u00a0<a href=\"https:\/\/deutsche-wirtschafts-nachrichten.de\/2013\/03\/31\/zypern-praesident-bekamt-von-bank-58-millionen-dollar-geschenkt\">dostal darem 5,8 milionu eur<\/a>\u00a0. Proto\u017ee p\u016fj\u010dka byla na ja\u0159e 2013 prost\u011b zru\u0161ena.<\/p>\n<p>Je\u0161t\u011b jednou: Tyto banky, kter\u00e9 nyn\u00ed mus\u00ed lid\u00e9 zachra\u0148ovat prost\u0159ednictv\u00edm povinn\u00fdch dan\u00ed, kapit\u00e1lov\u00fdch kontrol a ekonomick\u00fdch \u0161krt\u016f, prok\u00e1zaly politik\u016fm miliony dolar\u016f ve prosp\u011bch. Skand\u00e1l prvn\u00edho \u0159\u00e1du!<\/p>\n<p>P\u0159edseda parlamentu Ginakis Omirou ozn\u00e1mil vy\u0161et\u0159ov\u00e1n\u00ed, stejn\u011b jako st\u00e1tn\u00ed zastupitelstv\u00ed. Tohle v\u0161echno zn\u00ed dost bezmocn\u011b. Stejn\u011b jako z\u00e1chrann\u00e9 pl\u00e1ny prezidenta Nikose Anastasiadese. Aby z\u00edskal nov\u00e9 pen\u00edze, rozhodne se otev\u0159\u00edt kasino. Krom\u011b toho by m\u011bly b\u00fdt prominuty dan\u011b ze zisku spole\u010dnost\u00ed, kter\u00e9 na ostrov\u011b znovu investuj\u00ed. \u00darokov\u00e9 sazby p\u016fj\u010dek by se m\u011bly zjednodu\u0161it a n\u00e1jemn\u00e9 sn\u00ed\u017eit. V z\u00e1jmu ochrany kypersk\u00fdch pracovn\u00edk\u016f by se m\u011bla se zam\u011bstnavateli dohodnout neform\u00e1ln\u00ed zam\u011bstnaneck\u00e1 dolo\u017eka.\u00a0<a href=\"http:\/\/www.n-tv.de\/wirtschaft\/Zypern-will-Kasino-eroeffnen-article10389286.html\">C\u00edlem je zam\u011bstnat 70 procent kypersk\u00fdch ob\u010dan\u016f a maxim\u00e1ln\u011b 30 procent cizinc\u016f<\/a>\u00a0. To by se dotklo zejm\u00e9na p\u0159ibli\u017en\u011b 100 000 cizinc\u016f ze zem\u00ed mimo EU z Indie, Sr\u00ed Lanky a Filip\u00edn, kte\u0159\u00ed na Kypru pracuj\u00ed ve stavebnictv\u00ed nebo jako ch\u016fvy a pomocnice v dom\u00e1cnosti.<\/p>\n<h3 id=\"h-alle-bisherigen-massnahmen-gegen-den-staatsbankrott-reichen-nicht-aus\" class=\"wp-block-heading\"><span style=\"font-size: 18pt;\">V\u0161echna opat\u0159en\u00ed p\u0159ijat\u00e1 k boji proti n\u00e1rodn\u00edmu bankrotu nesta\u010d\u00ed<\/span><\/h3>\n<p>Nyn\u00ed se ukazuje, \u017ee Kypr pot\u0159ebuje k odvr\u00e1cen\u00ed n\u00e1rodn\u00edho bankrotu mnohem v\u00edce pen\u011bz, ne\u017e se o\u010dek\u00e1valo: konkr\u00e9tn\u011b 23 miliard eur!<\/p>\n<p><strong>Ze z\u00e1chrann\u00e9ho bal\u00ed\u010dku ESM bude k dispozici dev\u011bt miliard, dal\u0161\u00ed miliardu p\u0159id\u00e1 MMF, ale zb\u00fdvaj\u00edc\u00edch 13 miliard si budou muset Kyp\u0159an\u00e9 sehnat sami.<\/strong>\u00a0Vlastn\u011b nemo\u017en\u00fd \u00fakol.<\/p>\n<p>Dobr\u00e9 \u00famysly vl\u00e1dy za\u010d\u00ednaj\u00ed pokulh\u00e1vat.\u00a0<strong>Nyn\u00ed se o\u010dek\u00e1v\u00e1, \u017ee vy\u0161\u0161\u00ed korpor\u00e1tn\u00ed dan\u011b a da\u0148 z kapit\u00e1lov\u00fdch v\u00fdnos\u016f vynesou b\u011bhem t\u0159\u00ed let 600 milion\u016f eur.\u00a0<\/strong><a href=\"http:\/\/diepresse.com\/home\/wirtschaft\/eurokrise\/1387397\/Zypern-muss-Gold-im-Wert-von-400-Mio-Euro-verkaufen\">O\u010dek\u00e1v\u00e1 se, \u017ee prodej dr\u017eby zlata p\u0159id\u00e1 dal\u0161\u00edch 400 milion\u016f.<\/a>\u00a0A likvidace Laiki Bank a zahrnut\u00ed vklad\u016f v Bank of Cyprus m\u00e1 p\u0159idat 10,6 miliardy eur.<\/p>\n<h3 id=\"h-todesdrohungen-gegen-staatsprasidenten\" class=\"wp-block-heading\"><span style=\"font-size: 18pt;\">V\u00fdhr\u016f\u017eky smrt\u00ed prezident\u016fm<\/span><\/h3>\n<p>Na za\u010d\u00e1tku dubna 2014\u00a0<a href=\"http:\/\/www.focus.de\/finanzen\/news\/staatsverschuldung\/wir-fangen-bei-euren-enkeln-an-gruppe-droht-zyperns-praesident-mit-dem-tod_aid_954219.html\">se staly zn\u00e1m\u00fdmi v\u00fdhr\u016f\u017eky prezidentovi Anastasiadesovi a guvern\u00e9rovi centr\u00e1ln\u00ed banky Demetriadesovi:<\/a>\u00a0\u201eVarujeme v\u00e1s a neblafujeme,\u201c stoj\u00ed v dopise\u00a0<em>skupiny na z\u00e1chranu bankovn\u00edch z\u016fstatk\u016f<\/em> , kter\u00fd byl p\u0159ed\u00e1n novin\u00e1m. &#8222;Za\u010dneme va\u0161imi vnou\u010daty, pak jsou na \u0159ad\u011b va\u0161e d\u011bti a nakonec vy sami, abyste trp\u011bli jako my.&#8220; V\u00fdhr\u016f\u017en\u00fd dopis je podeps\u00e1n \u201eP\u0159\u00edsahou a\u017e do smrti\u201c.<\/p>\n<p><strong>Ve stejn\u00e9m m\u011bs\u00edci st\u00e1tn\u00ed televize uvedla,\u00a0<a href=\"https:\/\/web.archive.org\/web\/20130407030632\/http:\/www.t-online.de\/wirtschaft\/schuldenkrise\/id_62827070\/zypern-beweise-im-banken-skandal-vernichtet-.html\">\u017ee kl\u00ed\u010dov\u00e9 d\u016fkazy o t\u011b\u017ece probl\u00e9mov\u00e9 Bank of Cyprus byly \u00fadajn\u011b zni\u010deny<\/a>\u00a0.<\/strong>\u00a0Nikdo neunikne sv\u00e9 odpov\u011bdnosti. Ka\u017ed\u00fd, kdo se b\u011bhem bankovn\u00ed krize dopustil trestn\u00e9ho \u010dinu nebo zpronev\u011b\u0159il d\u016fkazy, by musel n\u00e9st n\u00e1sledky, vysv\u011btluje st\u00e1tn\u00ed zastupitelstv\u00ed&#8230;<\/p>\n<h3 id=\"h-sparerenteignung-als-testballon-fur-die-euro-zone\" class=\"wp-block-heading\"><span style=\"font-size: 18pt;\">Vyvlastn\u011bn\u00ed st\u0159adatel\u016f jako \u201ezku\u0161ebn\u00ed bal\u00f3n\u201c pro euroz\u00f3nu?<\/span><\/h3>\n<p>Nizozemec Jeroen Dijsselbloem p\u0159evezme 21. ledna 2013 funkci p\u0159edsedy Euroskupiny po sv\u00e9m p\u0159edch\u016fdci Lucembur\u010danovi Jean-Claude Junckerovi. Jen o p\u00e1r t\u00fddn\u016f pozd\u011bji zp\u016fsobila celosv\u011btov\u00fd skand\u00e1l.<\/p>\n<p><strong>Kdy\u017e poprv\u00e9 od za\u010d\u00e1tku finan\u010dn\u00ed krize v euroz\u00f3n\u011b museli se z\u00e1chranou bank pom\u00e1hat i akcion\u00e1\u0159i, v\u011b\u0159itel\u00e9 a z\u00e1kazn\u00edci,\u00a0<a href=\"https:\/\/www.spiegel.de\/wirtschaft\/soziales\/euro-gruppen-chef-sieht-zypern-als-wendepunkt-der-euro-rettung-a-890863.html\">Dijsselbloem hovo\u0159il o modelu budoucnosti,<\/a>\u00a0jak se vypo\u0159\u00e1dat s hroz\u00edc\u00edmi krachy bank.<\/strong> Krom\u011b toho je nepravd\u011bpodobn\u00e9, \u017ee by se p\u0159\u00edm\u00e1 rekapitalizace churav\u011bj\u00edc\u00edch bank prost\u0159ednictv\u00edm z\u00e1chrann\u00e9ho bal\u00ed\u010dku ESM stala standardn\u00edm \u0159e\u0161en\u00edm. \u010c\u00edm v\u00edce n\u00e1stroj\u016f pro sd\u00edlen\u00ed n\u00e1klad\u016f vlastn\u00edky a v\u011b\u0159iteli bank existuje, t\u00edm men\u0161\u00ed je pot\u0159eba pomoci. Banky by se m\u011bly um\u011bt zachr\u00e1nit samy.<\/p>\n<p>T\u00edm odporoval v\u011bt\u0161in\u011b eurokrat\u016f, kte\u0159\u00ed tv\u00e1\u0159\u00ed v tv\u00e1\u0159 krizi v\u0161e bagatelizovali a p\u0159ehl\u00ed\u017eeli. To plat\u00ed i pro feder\u00e1ln\u00edho ministra financ\u00ed Wolfganga Sch\u00e4ubleho, kter\u00e9ho nikdy neomrzelo\u00a0<a href=\"https:\/\/www.spiegel.de\/wirtschaft\/soziales\/euro-gruppen-chef-sieht-zypern-als-wendepunkt-der-euro-rettung-a-890863.html\">popisovat Kypr jako ojedin\u011bl\u00fd p\u0159\u00edpad<\/a>\u00a0.<\/p>\n<p>Nyn\u00ed se zd\u00e1lo, \u017ee p\u0159\u00edklad, kter\u00fd EU ud\u011blala z Kypru, byl testem toho, jak daleko m\u016f\u017ee Euroskupina skute\u010dn\u011b zaj\u00edt.<\/p>\n<p>Dijsselbloemova up\u0159\u00edmn\u00e1 slova zp\u016fsobila propad akciov\u00fdch trh\u016f.\u00a0<strong>Investo\u0159i se nyn\u00ed ob\u00e1vali p\u0159\u00edstupu k pen\u011bz\u016fm z\u00e1kazn\u00edk\u016f bank v jin\u00fdch zem\u00edch EU. Posti\u017eeni by byli samoz\u0159ejm\u011b i n\u011bme\u010dt\u00ed st\u0159adatel\u00e9.<\/strong>\u00a0Dokonce i \u00fatok na finan\u010dn\u00ed instituce v euroz\u00f3n\u011b se stal st\u0159edem \u00favah a vyvolal paniku a silnou kritiku z politick\u00fdch t\u00e1bor\u016f.\u00a0<a href=\"http:\/\/www.spiegel.de\/wirtschaft\/soziales\/euro-gruppen-chef-sieht-zypern-als-wendepunkt-der-euro-rettung-a-890863.html\">Nizozemec rychle zareagoval a ozn\u00e1mil,<\/a>\u00a0\u017ee Kypr je \u201ezvl\u00e1\u0161tn\u00ed p\u0159\u00edpad s mimo\u0159\u00e1dn\u00fdmi v\u00fdzvami\u201c. Ale bylo st\u011b\u017e\u00ed mo\u017en\u00e9 ho skute\u010dn\u011b zbavit veslov\u00e1n\u00ed zp\u011bt.<\/p>\n<p>\u201eProhl\u00e1\u0161en\u00ed Jeroena Dijsselbloema pravd\u011bpodobn\u011b nebylo p\u0159eklepem \u2013 ale ve skute\u010dnosti \u0161lo sp\u00ed\u0161e o \u201ezku\u0161ebn\u00ed bal\u00f3n\u201c od Euroskupiny,\u201c \u0159ekl nap\u0159\u00edklad\u00a0<a href=\"https:\/\/web.archive.org\/web\/20130328002520\/http:\/www.t-online.de\/wirtschaft\/boerse\/aktien\/id_62722436\/euro-krise-zypern-war-ein-testballon-.html\">Wolfgang Duwe, akciov\u00fd strat\u00e9g z Bremer Landesbank<\/a>\u00a0.\u00a0<strong>&#8222;Po obsahov\u00e9 str\u00e1nce je takov\u00fd p\u0159\u00edstup v budoucnu jist\u011b mysliteln\u00fd.&#8220;<\/strong><\/p>\n<p>N\u011bmeck\u00fd ekonom Peter Bofinger nav\u00e1zal:\u00a0<a href=\"http:\/\/abendblatt.de\/ratgeber\/extra-journal\/article114733822\/Der-beste-Schutz-gegen-Enteignungen.html\">\u201eEvrop\u0161t\u00ed ob\u010dan\u00e9 se nyn\u00ed mus\u00ed b\u00e1t o sv\u00e9 pen\u00edze<\/a>\u00a0.\u00a0<a href=\"https:\/\/web.archive.org\/web\/20210117164921\/http:\/www.focus.de\/finanzen\/boerse\/finanzkrise\/tid-30390\/comeback-der-euro-krise-bei-den-sparern-ist-die-angst-zurueck-diese-33-tipps-retten-ihr-geld_aid_952131.html\">Bart Oosterweld z ratingov\u00e9 agentury Moody&#8217;s uvedl<\/a>\u00a0, \u017ee sv\u00fdm rozhodnut\u00edm\u00a0<strong>evrop\u0161t\u00ed politici uk\u00e1zali, \u017ee jsou p\u0159ipraveni zp\u016fsobit majitel\u016fm \u00fa\u010dt\u016f \u201efinan\u010dn\u00ed bolest\u201c. &#8222;Kypersk\u00fd bal\u00ed\u010dek je negativn\u00ed pro v\u0161echny dr\u017eitele \u00fa\u010dt\u016f v Evrop\u011b.&#8220;<\/strong><\/p>\n<p>Nicm\u00e9n\u011b n\u011bmeck\u00e1 vl\u00e1da p\u0159isp\u011bchala s prohl\u00e1\u0161en\u00edm, \u017ee Kypr je \u201eojedin\u011bl\u00fd p\u0159\u00edpad\u201c. Z kypersk\u00e9ho \u0159e\u0161en\u00ed nelze vyvozovat \u017e\u00e1dn\u00e9 z\u00e1v\u011bry o dal\u0161\u00edch zem\u00edch. \u201eAutomatick\u00e9 z\u00e1v\u011bry z jedn\u00e9 zem\u011b do druh\u00e9 v Evrop\u011b nefunguj\u00ed, proto\u017ee podm\u00ednky jsou velmi odli\u0161n\u00e9,\u201c \u0159ekl tehdy vl\u00e1dn\u00ed mluv\u010d\u00ed Steffen Seibert.<\/p>\n<p>To ale jen ukol\u00e9balo zejm\u00e9na (mal\u00e9) st\u0159adatele. \u201eByli vedeni k p\u0159esv\u011bd\u010den\u00ed, \u017ee jde o zcela ne\u0161kodn\u00e9, ale nezbytn\u00e9 opat\u0159en\u00ed. \u201eProhl\u00e1\u0161en\u00ed Angely Merkelov\u00e9, \u017ee akce byla nevyhnuteln\u00e1, aby zas\u00e1hla osoby odpov\u011bdn\u00e9 za krizi, byla n\u011bmeck\u00e1 ve\u0159ejnost vd\u011b\u010dn\u011b p\u0159ijata,\u201c\u00a0<a href=\"http:\/\/deutsche-wirtschafts-nachrichten.de\/2013\/04\/11\/eu-gesetz-zugriff-auf-bank-einlagen-wird-konkret\/\">uvedl\u00a0<em>Deutsche Wirtschafts-Nachrichten<\/em><\/a>\u00a0.\u00a0<strong>&#8222;Skute\u010dnost, \u017ee ob\u011b\u0165mi no\u010dn\u00edho \u00fatoku jsou oby\u010dejn\u00e9 kypersk\u00e9 zdravotn\u00ed sestry, d\u016fchodci a mal\u00e9 podniky, nebyla v Evrop\u011b ji\u017e uzn\u00e1v\u00e1na.&#8220;<\/strong><\/p>\n<p><strong>Ale nakonec Klaas Knot, \u010dlen ECB a prezident nizozemsk\u00e9 centr\u00e1ln\u00ed banky, uvedl rekord na pravou m\u00edru, co\u017e znamen\u00e1 katastrofu pro z\u00e1kazn\u00edky bank, akcion\u00e1\u0159e a st\u0159adatele v EU. Otev\u0159en\u011b p\u0159ipustil, \u017ee restrukturalizace evropsk\u00fdch bank bude po vzoru Kypru.\u00a0<\/strong><a href=\"http:\/\/deutsche-wirtschafts-nachrichten.de\/2013\/03\/30\/ezb-bestaetigt-die-bank-guthaben-in-europa-sind-nicht-sicher\/\">V\u0161echny bankovn\u00ed z\u016fstatky by byly v p\u0159\u00edpad\u011b pot\u0159eby vyvlastn\u011bny.<\/a>\u00a0&#8222;Na Dijsselbloemov\u00fdch prohl\u00e1\u0161en\u00edch nen\u00ed nic \u0161patn\u00e9ho.&#8220; Obsah jeho koment\u00e1\u0159e odkazuje na cestu, o kter\u00e9 se v Evrop\u011b u\u017e n\u011bjakou dobu diskutuje. Tato cesta bude sou\u010d\u00e1st\u00ed procesu likvidace bank v Evrop\u011b,\u201c \u0159ekl Knot podle\u00a0<em>Het Financieele Dagblad<\/em>\u00a0.<\/p>\n<p>To znamen\u00e1, \u017ee se zd\u00e1, \u017ee vyvlastn\u011bn\u00ed st\u0159adatel\u016f na Kypru se ve skute\u010dnosti stalo \u201en\u00e1vrhem\u201c.\u00a0<a href=\"https:\/\/deutsche-wirtschafts-nachrichten.de\/2013\/04\/11\/eu-gesetz-zugriff-auf-bank-einlagen-wird-konkret\/\">V t\u00e9 dob\u011b pokra\u010dovaly diskuse v Evropsk\u00e9 komisi:\u00a0<\/a><strong>Podle hlavn\u00edch investor\u016f a akcion\u00e1\u0159\u016f bank by m\u011bly b\u00fdt v p\u0159\u00edpad\u011b pot\u0159eby sn\u00ed\u017eeny v\u0161echny bankovn\u00ed z\u016fstatky nad ur\u010ditou hranici. To je \u2013 v sou\u010dasnosti \u2013 100 000 eur. Jakmile ale p\u0159\u00edsp\u011bvky velk\u00fdch investor\u016f p\u0159estanou sta\u010dit, budou st\u00e1ty s\u00e1hnout ob\u010dan\u016fm hluboko do kapes.<\/strong>\u00a0Pravd\u011bpodobn\u011b s dan\u011bmi, kter\u00fdm nemohou uniknout. A p\u0159edev\u0161\u00edm by k tomu m\u011blo doj\u00edt mnohem rychleji ne\u017e na Kypru.\u00a0<a href=\"http:\/\/deutsche-wirtschafts-nachrichten.de\/2013\/04\/09\/eu-bereitet-richtlinie-zu-blitz-zugriff-auf-bank-konten-vor\">V budoucnu by se povinn\u00e9 investice m\u011bly prov\u00e1d\u011bt b\u011bhem jedin\u00e9ho v\u00edkendu:\u00a0<\/a><strong>Za t\u00edmto \u00fa\u010delem by m\u011bl b\u00fdt \u00fa\u010det str\u017een povinn\u00fdm odvodem v p\u00e1tek ve\u010der, aby klient banky katastrofu poznal a\u017e v pond\u011bl\u00ed a ob\u00e1van\u00fd n\u00e1jezd banky mohl b\u00fdt zabr\u00e1n\u011bno.<\/strong><\/p>\n<p>Tento hlavn\u00ed pl\u00e1n byl projedn\u00e1n. Stejn\u011b tak\u00a0<a href=\"http:\/\/www.zeit.de\/2013\/15\/europa-zypern-banken-euro-krise\">by st\u0159adatel\u00e9 m\u011bli platit poplatky za spole\u010dn\u011b financovan\u00fd evropsk\u00fd fond<\/a>\u00a0, kter\u00fd by mohl p\u0159evz\u00edt likvidaci bank a zaji\u0161t\u011bn\u00ed vklad\u016f drobn\u00fdch st\u0159adatel\u016f. Samoz\u0159ejm\u011b, \u017ee to nebyl velk\u00fd probl\u00e9m, proto\u017ee by nebylo politicky mo\u017en\u00e9 zat\u011b\u017eovat st\u0159adatele, zvl\u00e1\u0161t\u011b v t\u00e9to zemi.<\/p>\n<p>Ekonomov\u00e9 v\u0161ak varovali p\u0159ed d\u016fsledky poru\u0161en\u00ed tabu speci\u00e1ln\u00edho \u010di povinn\u00e9ho odvodu (na Kypru). To by mohlo vyd\u011bsit vkladatele ve v\u0161ech krizov\u00fdch zem\u00edch, zp\u016fsobit jejich vypr\u00e1zdn\u011bn\u00ed \u00fa\u010dt\u016f a spustit bankovn\u00ed krizi, kter\u00e1 by mohla b\u00fdt ukon\u010dena pouze masivn\u00edm z\u00e1sahem ECB, uvedl \u0159editel\u00a0<a href=\"https:\/\/web.archive.org\/web\/20130321110020\/http:\/www.handelsblatt.com\/politik\/international\/bank-run-befuerchtet-tabubruch-in-zypern-alarmiert-oekonomen\/7943198.html\">Institutu pro makroekonomii a ekonomick\u00fd v\u00fdzkum (IMK) Gustav Horn.\u00a0<\/a><a href=\"https:\/\/web.archive.org\/web\/20130321110020\/http:\/www.handelsblatt.com\/politik\/international\/bank-run-befuerchtet-tabubruch-in-zypern-alarmiert-oekonomen\/7943198.html\">Thorsten Polleit, \u010destn\u00fd profesor na Frankfurt School of Finance &amp; Management, vysv\u011btluje<\/a>\u00a0:\u00a0<strong>\u201eOpat\u0159en\u00ed mus\u00ed vyvolat opodstatn\u011bnou ned\u016fv\u011bru mezi v\u0161emi, kdo maj\u00ed \u00faspory v eurov\u00fdch bank\u00e1ch, zejm\u00e9na proto, \u017ee politici jsou zjevn\u011b p\u0159ipraveni poru\u0161ovat platn\u00e9 z\u00e1kony, \u201eaby \u010delili nadm\u011brn\u00e9mu krize zadlu\u017een\u00ed\u201c.<\/strong>\u00a0Kypersk\u00e1 opat\u0159en\u00ed jsou varov\u00e1n\u00edm pro ka\u017ed\u00e9ho investora. Krize by s nejv\u011bt\u0161\u00ed pravd\u011bpodobnost\u00ed vy\u00fastila v dal\u0161\u00ed sni\u017eov\u00e1n\u00ed dluhu, devalvaci m\u011bny nebo kombinaci oboj\u00edho. A pravd\u011bpodobn\u011b tak\u00e9 k rozs\u00e1hl\u00e9mu vyvlast\u0148ov\u00e1n\u00ed nebo \u2013 jak\u00a0<a href=\"http:\/\/diepresse.com\/home\/wirtschaft\/eurokrise\/1390368\/EUParlament-rechnet-mit-ZypernHilfe-ab\">se vyj\u00e1d\u0159il tehdej\u0161\u00ed \u0161\u00e9f soci\u00e1ln\u00edch demokrat\u016f v Evropsk\u00e9m parlamentu Hannes Swoboda<\/a>\u00a0\u2013 \u201e\u00fatok\u016fm proti vklad\u016fm\u201c st\u0159adatel\u016f, jak ukazuje \u201ezku\u0161ebn\u00ed bal\u00f3nek\u201c na Kypru. Proto\u017ee pokud v\u011b\u0159itele povolaj\u00ed banky, tak v podstat\u011b ka\u017ed\u00fd st\u0159adatel. Osoba d\u00e1v\u00e1 pen\u00edze bance, kter\u00e1 mu dlu\u017e\u00ed spl\u00e1tku nebo v\u00fdplatu.<\/p>\n<p><strong>Pokud se tedy op\u011bt velkolep\u011b mluv\u00ed o v\u011b\u0159itel\u00edch, kte\u0159\u00ed maj\u00ed krv\u00e1cet kv\u016fli z\u00e1chran\u011b bank, mysl\u00ed se t\u00edm i norm\u00e1ln\u00ed st\u0159adatel. To znamen\u00e1, \u017ee sen o bezpe\u010dn\u00fdch bankovn\u00edch vkladech se rozplynul.<\/strong>\u00a0\u201eProst\u00fd bankovn\u00ed z\u00e1kazn\u00edk si nyn\u00ed m\u016f\u017ee nejpozd\u011bji uv\u011bdomit, \u017ee v okam\u017eiku, kdy vlo\u017e\u00ed sv\u00e9 pen\u00edze do banky, ji\u017e nem\u00e1 \u017e\u00e1dn\u00fd z\u00e1konn\u00fd n\u00e1rok na vr\u00e1cen\u00ed pen\u011bz\u201c (\u00a0<a href=\"http:\/\/deutsche-wirtschafts-nachrichten.de\/2013\/04\/11\/eu-gesetz-zugriff-auf-bank-einlagen-wird-konkret\/\"><em>Deutsche Wirtschafts-Nachrichten<\/em><\/a>\u00a0).<\/p>\n<p>Z\u00e1v\u011br: Mor\u00e1lka hanebn\u00e9ho vyvlast\u0148ov\u00e1n\u00ed bankovn\u00edch z\u00e1kazn\u00edk\u016f, st\u0159adatel\u016f a akcion\u00e1\u0159\u016f na Kypru jasn\u011b uk\u00e1zala, \u017ee \u2013 bez ohledu na to, jak\u00e9 nov\u00e9 z\u00e1kony a p\u0159edpisy nyn\u00ed existuj\u00ed \u2013 kdokoli m\u016f\u017ee b\u00fdt pou\u017eit k z\u00e1chran\u011b banky, a tedy i k z\u00e1chran\u011b eura za jak\u00fdchkoli podm\u00ednek. z\u00e1minka.\u00a0<a href=\"http:\/\/deutsche-wirtschafts-nachrichten.de\/2013\/04\/09\/290-billionen-euro-risiko-sparer-muessen-euro-banken-retten\/\">\u201eV z\u00e1sad\u011b je jedno,<\/a>\u00a0zda banky nakonec \u201azachr\u00e1n\u00ed\u2018 st\u00e1t, tedy da\u0148ov\u00fd poplatn\u00edk, nebo zda je da\u0148ov\u00fd poplatn\u00edk vykrv\u00e1cen\u00fd p\u0159es sv\u016fj podnikatelsk\u00fd \u010di soukrom\u00fd \u00fa\u010det.\u201c<\/p>\n<p><em>Autor Guido Grandt\u00a0\u00a0(\u00a0<a href=\"https:\/\/gugramediaverlag.wordpress.com\/\" target=\"_blank\" rel=\"noreferrer noopener\">gugramediaverlag<\/a>\u00a0)<\/em><\/p>\n<p><strong>Dal\u0161\u00ed zdroje:<\/strong><\/p>\n<ul>\n<li>\u201eKypr: Ministr financ\u00ed odstupuje\u201c v: Handelsblatt v. 04\/03\/13<\/li>\n<li>&#8222;Po kypersk\u00e9m pokeru: hroz\u00ed dnes bankovn\u00ed bou\u0159e?&#8220; 26. 3. 2013<\/li>\n<li>\u201eFeder\u00e1ln\u00ed vl\u00e1da nevid\u00ed v \u0159e\u0161en\u00ed Kypru \u017e\u00e1dn\u00fd pl\u00e1n\u201c v: reuters.com v. 27.03.2013<\/li>\n<\/ul>\n<p>&nbsp;<\/p>\n","protected":false},"excerpt":{"rendered":"<p>Mini\u010dlensk\u00e1 zem\u011b EU Kypr, ostrov ve v\u00fdchodn\u00edm St\u0159edomo\u0159\u00ed s m\u00e9n\u011b ne\u017e 900 000 obyvateli, se&#8230;<\/p>\n","protected":false},"author":2,"featured_media":56097,"comment_status":"closed","ping_status":"closed","sticky":false,"template":"","format":"standard","meta":[],"categories":[7],"tags":[1042,503,41,3461,90],"_links":{"self":[{"href":"https:\/\/www.infokuryr.cz\/n\/wp-json\/wp\/v2\/posts\/56096"}],"collection":[{"href":"https:\/\/www.infokuryr.cz\/n\/wp-json\/wp\/v2\/posts"}],"about":[{"href":"https:\/\/www.infokuryr.cz\/n\/wp-json\/wp\/v2\/types\/post"}],"author":[{"embeddable":true,"href":"https:\/\/www.infokuryr.cz\/n\/wp-json\/wp\/v2\/users\/2"}],"replies":[{"embeddable":true,"href":"https:\/\/www.infokuryr.cz\/n\/wp-json\/wp\/v2\/comments?post=56096"}],"version-history":[{"count":1,"href":"https:\/\/www.infokuryr.cz\/n\/wp-json\/wp\/v2\/posts\/56096\/revisions"}],"predecessor-version":[{"id":56098,"href":"https:\/\/www.infokuryr.cz\/n\/wp-json\/wp\/v2\/posts\/56096\/revisions\/56098"}],"wp:featuredmedia":[{"embeddable":true,"href":"https:\/\/www.infokuryr.cz\/n\/wp-json\/wp\/v2\/media\/56097"}],"wp:attachment":[{"href":"https:\/\/www.infokuryr.cz\/n\/wp-json\/wp\/v2\/media?parent=56096"}],"wp:term":[{"taxonomy":"category","embeddable":true,"href":"https:\/\/www.infokuryr.cz\/n\/wp-json\/wp\/v2\/categories?post=56096"},{"taxonomy":"post_tag","embeddable":true,"href":"https:\/\/www.infokuryr.cz\/n\/wp-json\/wp\/v2\/tags?post=56096"}],"curies":[{"name":"wp","href":"https:\/\/api.w.org\/{rel}","templated":true}]}}