{"id":56088,"date":"2024-06-21T00:35:06","date_gmt":"2024-06-20T22:35:06","guid":{"rendered":"https:\/\/www.infokuryr.cz\/n\/?p=56088"},"modified":"2024-06-20T16:14:49","modified_gmt":"2024-06-20T14:14:49","slug":"sokujici-obvineni-ze-zneuzivani-zamestnanci-who-znasilnovali-divky-behem-krize-ebola","status":"publish","type":"post","link":"https:\/\/www.infokuryr.cz\/n\/2024\/06\/21\/sokujici-obvineni-ze-zneuzivani-zamestnanci-who-znasilnovali-divky-behem-krize-ebola\/","title":{"rendered":"\u0160okuj\u00edc\u00ed obvin\u011bn\u00ed ze zneu\u017e\u00edv\u00e1n\u00ed: Zam\u011bstnanci WHO zn\u00e1sil\u0148ovali d\u00edvky b\u011bhem krize Ebola"},"content":{"rendered":"<div id=\"fb-root\"><\/div>\n<p>Na soci\u00e1ln\u00edch s\u00edt\u00edch koluj\u00ed obr\u00e1zky projevu, kter\u00fd ned\u00e1vno pronesl v parlamentu australsk\u00fd sen\u00e1tor Malcolm Roberts. V n\u011bm uvedl, \u017ee WHO nen\u00ed nez\u00e1visl\u00e1. \u201eSou\u010dasn\u00fdm hlavn\u00edm d\u00e1rcem WHO je Bill Gates, kter\u00fd vyd\u011blal miliardy d\u00edky sv\u00fdm investic\u00edm do vakc\u00edn financovan\u00fdch WHO. Gates prakticky koupil WHO a ta nyn\u00ed propaguje jeho produkty. Je to tak jednoduch\u00e9,\u201c \u0159ekl sen\u00e1tor.<\/p>\n<div class=\"twitter-tweet twitter-tweet-rendered\"><iframe id=\"twitter-widget-0\" class=\"\" title=\"X p\u0159\u00edsp\u011bvek\" src=\"https:\/\/platform.twitter.com\/embed\/Tweet.html?dnt=false&amp;embedId=twitter-widget-0&amp;features=eyJ0ZndfdGltZWxpbmVfbGlzdCI6eyJidWNrZXQiOltdLCJ2ZXJzaW9uIjpudWxsfSwidGZ3X2ZvbGxvd2VyX2NvdW50X3N1bnNldCI6eyJidWNrZXQiOnRydWUsInZlcnNpb24iOm51bGx9LCJ0ZndfdHdlZXRfZWRpdF9iYWNrZW5kIjp7ImJ1Y2tldCI6Im9uIiwidmVyc2lvbiI6bnVsbH0sInRmd19yZWZzcmNfc2Vzc2lvbiI6eyJidWNrZXQiOiJvbiIsInZlcnNpb24iOm51bGx9LCJ0ZndfZm9zbnJfc29mdF9pbnRlcnZlbnRpb25zX2VuYWJsZWQiOnsiYnVja2V0Ijoib24iLCJ2ZXJzaW9uIjpudWxsfSwidGZ3X21peGVkX21lZGlhXzE1ODk3Ijp7ImJ1Y2tldCI6InRyZWF0bWVudCIsInZlcnNpb24iOm51bGx9LCJ0ZndfZXhwZXJpbWVudHNfY29va2llX2V4cGlyYXRpb24iOnsiYnVja2V0IjoxMjA5NjAwLCJ2ZXJzaW9uIjpudWxsfSwidGZ3X3Nob3dfYmlyZHdhdGNoX3Bpdm90c19lbmFibGVkIjp7ImJ1Y2tldCI6Im9uIiwidmVyc2lvbiI6bnVsbH0sInRmd19kdXBsaWNhdGVfc2NyaWJlc190b19zZXR0aW5ncyI6eyJidWNrZXQiOiJvbiIsInZlcnNpb24iOm51bGx9LCJ0ZndfdXNlX3Byb2ZpbGVfaW1hZ2Vfc2hhcGVfZW5hYmxlZCI6eyJidWNrZXQiOiJvbiIsInZlcnNpb24iOm51bGx9LCJ0ZndfdmlkZW9faGxzX2R5bmFtaWNfbWFuaWZlc3RzXzE1MDgyIjp7ImJ1Y2tldCI6InRydWVfYml0cmF0ZSIsInZlcnNpb24iOm51bGx9LCJ0ZndfbGVnYWN5X3RpbWVsaW5lX3N1bnNldCI6eyJidWNrZXQiOnRydWUsInZlcnNpb24iOm51bGx9LCJ0ZndfdHdlZXRfZWRpdF9mcm9udGVuZCI6eyJidWNrZXQiOiJvbiIsInZlcnNpb24iOm51bGx9fQ%3D%3D&amp;frame=false&amp;hideCard=false&amp;hideThread=false&amp;id=1799083775676367309&amp;lang=de&amp;maxWidth=560px&amp;origin=https%3A%2F%2Funcutnews.ch%2Fschockierende-missbrauchsvorwuerfe-who-mitarbeiter-vergewaltigten-maedchen-waehrend-ebola-krise%2F&amp;sessionId=248ba7403ab8cf8101b7a54a7100ef8ea18507b2&amp;theme=light&amp;widgetsVersion=2615f7e52b7e0%3A1702314776716&amp;width=550px\" frameborder=\"0\" scrolling=\"no\" allowfullscreen=\"allowfullscreen\" data-tweet-id=\"1799083775676367309\" data-mce-fragment=\"1\"><\/iframe><\/div>\n<p>V \u010dele WHO stoj\u00ed Tedros Ghebreyesus, kter\u00fd byl d\u0159\u00edve ministrem zdravotnictv\u00ed teroristick\u00e9 organizace Fronta osvobozen\u00ed Tigray. Vyu\u017eili mezin\u00e1rodn\u00ed pomoc k z\u00edsk\u00e1n\u00ed moci a potrest\u00e1n\u00ed protivn\u00edk\u016f.<\/p>\n<p>V letech 2006, 2009 a 2011 propukla epidemie cholery v regionech, kter\u00e9 nedost\u00e1valy l\u00e9ky. Nez\u00e1visl\u00ed vy\u0161et\u0159ovatel\u00e9 zjistili, \u017ee Tedros se pod\u00edlel na utrpen\u00ed a smrti bezpo\u010dtu lid\u00ed. \u201eJe to vrah. WHO hnije od hlavy,\u201c \u0159ekl Roberts.<\/p>\n<p>Tiskov\u00e1 agentura\u00a0<a href=\"https:\/\/apnews.com\/article\/crime-democratic-republic-of-the-congo-united-nations-niger-world-health-organization-b90517846748b161983350ec0c5296ca\" target=\"_blank\" rel=\"noreferrer noopener\" data-type=\"link\" data-id=\"https:\/\/apnews.com\/article\/crime-democratic-republic-of-the-congo-united-nations-niger-world-health-organization-b90517846748b161983350ec0c5296ca\">AP uvedla,<\/a> \u017ee pracovn\u00edci WHO vyko\u0159is\u0165ovali d\u00edvky a \u017eeny b\u011bhem ned\u00e1vn\u00e9 epidemie eboly v Kongu. &#8222;Nelidsk\u00fd.&#8220; Nejm\u00e9n\u011b 83 zam\u011bstnanc\u016f bylo obvin\u011bno ze zneu\u017e\u00edv\u00e1n\u00ed, v\u010detn\u011b zn\u00e1siln\u011bn\u00ed a nucen\u00fdch potrat\u016f. N\u011bkter\u00fdm ob\u011btem bylo jen 13 let.<\/p>\n<p>WHO odm\u00edtla propustit pachatele. Za t\u00edmto rozhodnut\u00edm stoj\u00ed Tedros. A p\u0159esto chce mnoho zem\u00ed p\u0159en\u00e9st ve\u0161kerou svou moc na tuto organizaci.<\/p>\n<p><img decoding=\"async\" loading=\"lazy\" class=\"alignnone size-full wp-image-1185\" src=\"http:\/\/www.infokuryr.cz\/n\/wp-content\/uploads\/2021\/04\/kuryr-podpis.png\" alt=\"\" width=\"84\" height=\"24\" \/><\/p>\n<p>&nbsp;<\/p>\n","protected":false},"excerpt":{"rendered":"<p>Na soci\u00e1ln\u00edch s\u00edt\u00edch koluj\u00ed obr\u00e1zky projevu, kter\u00fd ned\u00e1vno pronesl v parlamentu australsk\u00fd sen\u00e1tor Malcolm Roberts&#8230;.<\/p>\n","protected":false},"author":2,"featured_media":25504,"comment_status":"closed","ping_status":"closed","sticky":false,"template":"","format":"standard","meta":[],"categories":[7],"tags":[3896,2703,81,366],"_links":{"self":[{"href":"https:\/\/www.infokuryr.cz\/n\/wp-json\/wp\/v2\/posts\/56088"}],"collection":[{"href":"https:\/\/www.infokuryr.cz\/n\/wp-json\/wp\/v2\/posts"}],"about":[{"href":"https:\/\/www.infokuryr.cz\/n\/wp-json\/wp\/v2\/types\/post"}],"author":[{"embeddable":true,"href":"https:\/\/www.infokuryr.cz\/n\/wp-json\/wp\/v2\/users\/2"}],"replies":[{"embeddable":true,"href":"https:\/\/www.infokuryr.cz\/n\/wp-json\/wp\/v2\/comments?post=56088"}],"version-history":[{"count":0,"href":"https:\/\/www.infokuryr.cz\/n\/wp-json\/wp\/v2\/posts\/56088\/revisions"}],"wp:featuredmedia":[{"embeddable":true,"href":"https:\/\/www.infokuryr.cz\/n\/wp-json\/wp\/v2\/media\/25504"}],"wp:attachment":[{"href":"https:\/\/www.infokuryr.cz\/n\/wp-json\/wp\/v2\/media?parent=56088"}],"wp:term":[{"taxonomy":"category","embeddable":true,"href":"https:\/\/www.infokuryr.cz\/n\/wp-json\/wp\/v2\/categories?post=56088"},{"taxonomy":"post_tag","embeddable":true,"href":"https:\/\/www.infokuryr.cz\/n\/wp-json\/wp\/v2\/tags?post=56088"}],"curies":[{"name":"wp","href":"https:\/\/api.w.org\/{rel}","templated":true}]}}