{"id":56086,"date":"2024-06-21T00:33:37","date_gmt":"2024-06-20T22:33:37","guid":{"rendered":"https:\/\/www.infokuryr.cz\/n\/?p=56086"},"modified":"2024-06-20T14:52:33","modified_gmt":"2024-06-20T12:52:33","slug":"sef-ryanairu-tito-lide-nejsou-uprchlici-je-to-naprosty-podvod","status":"publish","type":"post","link":"https:\/\/www.infokuryr.cz\/n\/2024\/06\/21\/sef-ryanairu-tito-lide-nejsou-uprchlici-je-to-naprosty-podvod\/","title":{"rendered":"\u0160\u00e9f Ryanairu: &#8222;Tito lid\u00e9 nejsou uprchl\u00edci, je to naprost\u00fd podvod&#8220;"},"content":{"rendered":"<div id=\"fb-root\"><\/div>\n<div class=\"elementor-element elementor-element-1fb4c2c elementor-widget elementor-widget-theme-post-content\" data-id=\"1fb4c2c\" data-element_type=\"widget\" data-widget_type=\"theme-post-content.default\">\n<div class=\"elementor-widget-container\">\n<p><strong>\u0158\u00edk\u00e1, \u017ee migranti p\u0159i p\u0159\u00edchodu do Irska z bezpe\u010dn\u00fdch zem\u00ed splachuj\u00ed sv\u00e9 pasy do z\u00e1chodu.<\/strong><\/p>\n<p>\u0160\u00e9f Ryanairu Michael O&#8217;Leary \u0159ekl, \u017ee azylov\u00fd syst\u00e9m je \u201enaprost\u00fd podvod\u201c a \u017ee tito lid\u00e9 \u201enejsou uprchl\u00edci\u201c, proto\u017ee poch\u00e1zej\u00ed z bezpe\u010dn\u00fdch zem\u00ed a pot\u00e9 spl\u00e1chli pasy do z\u00e1chodu.<\/p>\n<p>O&#8217;Leary u\u010dinil koment\u00e1\u0159e b\u011bhem vystoupen\u00ed na rozhlasov\u00e9 stanici Newstalk.<\/p>\n<p>\u0160\u00e9f aerolinky byl dot\u00e1z\u00e1n, jak je mo\u017en\u00e9, \u017ee lid\u00e9 p\u0159ilet\u00ed do Irska na link\u00e1ch Ryanair, ani\u017e by byli schopni poskytnout \u0159\u00e1dnou dokumentaci nebo prok\u00e1zat svou toto\u017enost.<\/p>\n<p>&#8222;Ano, proto\u017ee je splachuj\u00ed do z\u00e1chodu, doraz\u00ed na dublinsk\u00e9 leti\u0161t\u011b a spl\u00e1chnou je do z\u00e1chodu,&#8220; odpov\u011bd\u011bl.<\/p>\n<div class=\"twitter-tweet twitter-tweet-rendered\"><iframe id=\"twitter-widget-0\" class=\"\" title=\"X p\u0159\u00edsp\u011bvek\" src=\"https:\/\/platform.twitter.com\/embed\/Tweet.html?dnt=false&amp;embedId=twitter-widget-0&amp;features=eyJ0ZndfdGltZWxpbmVfbGlzdCI6eyJidWNrZXQiOltdLCJ2ZXJzaW9uIjpudWxsfSwidGZ3X2ZvbGxvd2VyX2NvdW50X3N1bnNldCI6eyJidWNrZXQiOnRydWUsInZlcnNpb24iOm51bGx9LCJ0ZndfdHdlZXRfZWRpdF9iYWNrZW5kIjp7ImJ1Y2tldCI6Im9uIiwidmVyc2lvbiI6bnVsbH0sInRmd19yZWZzcmNfc2Vzc2lvbiI6eyJidWNrZXQiOiJvbiIsInZlcnNpb24iOm51bGx9LCJ0ZndfZm9zbnJfc29mdF9pbnRlcnZlbnRpb25zX2VuYWJsZWQiOnsiYnVja2V0Ijoib24iLCJ2ZXJzaW9uIjpudWxsfSwidGZ3X21peGVkX21lZGlhXzE1ODk3Ijp7ImJ1Y2tldCI6InRyZWF0bWVudCIsInZlcnNpb24iOm51bGx9LCJ0ZndfZXhwZXJpbWVudHNfY29va2llX2V4cGlyYXRpb24iOnsiYnVja2V0IjoxMjA5NjAwLCJ2ZXJzaW9uIjpudWxsfSwidGZ3X3Nob3dfYmlyZHdhdGNoX3Bpdm90c19lbmFibGVkIjp7ImJ1Y2tldCI6Im9uIiwidmVyc2lvbiI6bnVsbH0sInRmd19kdXBsaWNhdGVfc2NyaWJlc190b19zZXR0aW5ncyI6eyJidWNrZXQiOiJvbiIsInZlcnNpb24iOm51bGx9LCJ0ZndfdXNlX3Byb2ZpbGVfaW1hZ2Vfc2hhcGVfZW5hYmxlZCI6eyJidWNrZXQiOiJvbiIsInZlcnNpb24iOm51bGx9LCJ0ZndfdmlkZW9faGxzX2R5bmFtaWNfbWFuaWZlc3RzXzE1MDgyIjp7ImJ1Y2tldCI6InRydWVfYml0cmF0ZSIsInZlcnNpb24iOm51bGx9LCJ0ZndfbGVnYWN5X3RpbWVsaW5lX3N1bnNldCI6eyJidWNrZXQiOnRydWUsInZlcnNpb24iOm51bGx9LCJ0ZndfdHdlZXRfZWRpdF9mcm9udGVuZCI6eyJidWNrZXQiOiJvbiIsInZlcnNpb24iOm51bGx9fQ%3D%3D&amp;frame=false&amp;hideCard=false&amp;hideThread=false&amp;id=1802663734332063973&amp;lang=de&amp;origin=https%3A%2F%2Funcutnews.ch%2Fryanair-chef-diese-menschen-sind-keine-fluechtlinge-das-ist-ein-kompletter-betrug%2F&amp;sessionId=dd9147cdf1bea3f1b1acf1e4d6622afec7ef158f&amp;theme=light&amp;widgetsVersion=2615f7e52b7e0%3A1702314776716&amp;width=550px\" frameborder=\"0\" scrolling=\"no\" allowfullscreen=\"allowfullscreen\" data-tweet-id=\"1802663734332063973\" data-mce-fragment=\"1\"><\/iframe><\/div>\n<p>O&#8217;Leary \u0159ekl, \u017ee ob\u010dan\u00e9 ze zem\u00ed mimo EU, kte\u0159\u00ed nav\u0161t\u00edv\u00ed Irsko, si mus\u00ed nechat vyfotografovat pasy p\u0159i hrani\u010dn\u00ed kontrole, aby mohla b\u00fdt data zasl\u00e1na vl\u00e1d\u011b, ale u ekonomick\u00fdch migrant\u016f to nebylo mo\u017en\u00e9.<\/p>\n<p>\u201eJedna z v\u011bc\u00ed, kter\u00e1 m\u011b v Irsku p\u0159iv\u00e1d\u00ed k \u0161\u00edlenstv\u00ed, je, \u017ee s lidmi, kte\u0159\u00ed p\u0159ich\u00e1zej\u00ed z Brit\u00e1nie nebo Francie, zach\u00e1z\u00edme jako s uprchl\u00edky,\u201c st\u011b\u017euje si.<\/p>\n<p>Nikdo nep\u0159i\u0161el do Irska p\u0159\u00edm\u00fdm letem z Afgh\u00e1nist\u00e1nu, Keni, Nig\u00e9rie nebo S\u00fdrie, proto\u017ee tam \u017e\u00e1dn\u00ed nejsou, lid\u00e9 neut\u00edkaj\u00ed p\u0159ed pron\u00e1sledov\u00e1n\u00edm ve Spojen\u00e9m kr\u00e1lovstv\u00ed nebo N\u011bmecku,\u201c dodal O\u2019Leary.<\/p>\n<p>\u201eM\u011bli bychom se postarat o uprchl\u00edky, m\u00e1m velk\u00e9 sympatie k Ukrajinc\u016fm, ale lidi, kte\u0159\u00ed sem p\u0159ijdou z Velk\u00e9 Brit\u00e1nie, Francie nebo jin\u00fdch zem\u00ed EU, bychom je m\u011bli poslat zp\u011bt a \u0159\u00edct jim: Vra\u0165te se do zem\u00ed EU, odkud jste p\u0159i\u0161el.<\/p>\n<p>O&#8217;Leary \u0159ekl, \u017ee je obt\u00ed\u017en\u00e9 ur\u010dit, kter\u00fdm letadlem migranti byli nebo na kter\u00e9m sedadle sed\u011bli, \u201eproto\u017ee roztrhaj\u00ed sv\u00e9 pap\u00edry nebo je spl\u00e1chnou do z\u00e1chodu a ka\u017ed\u00fd m\u00e1 pap\u00edry, kdy\u017e nastoup\u00ed do RyanAiru na druh\u00e9 stran\u011b. -letov\u00fd postup\u201c.<\/p>\n<p>Irsko bylo zaplaveno ekonomick\u00fdmi migranty, kte\u0159\u00ed se ve velk\u00e9m mno\u017estv\u00ed usadili ve stanov\u00fdch m\u011bstech ve velk\u00fdch irsk\u00fdch m\u011bstech, p\u0159edev\u0161\u00edm v hlavn\u00edm m\u011bst\u011b Dublinu.<\/p>\n<p>Podle Spolkov\u00e9ho \u00fa\u0159adu pro migraci a uprchl\u00edky (BAMF) nem\u00e1 57 procent \u017eadatel\u016f o azyl \u017e\u00e1dn\u00e9 doklady, kter\u00fdmi by prok\u00e1zali svou toto\u017enost, v\u011bk nebo zemi p\u016fvodu. V roce 2023 to bylo je\u0161t\u011b 48 procent.<\/p>\n<\/div>\n<\/div>\n<div class=\"elementor-element elementor-element-8c57238 quelle dc-has-condition dc-condition-empty elementor-widget elementor-widget-heading\" data-id=\"8c57238\" data-element_type=\"widget\" data-widget_type=\"heading.default\">\n<div class=\"elementor-widget-container\">\n<h3 class=\"elementor-heading-title elementor-size-default\"><span style=\"font-size: 10pt;\"><a href=\"https:\/\/modernity.news\/2024\/06\/18\/ryanair-ceo-its-a-complete-scam-these-people-are-not-refugees\/\" target=\"_blank\" rel=\"nofollow noopener\">ZDROJ<\/a><\/span><\/h3>\n<p>&nbsp;<\/p>\n<\/div>\n<\/div>\n","protected":false},"excerpt":{"rendered":"<p>\u0158\u00edk\u00e1, \u017ee migranti p\u0159i p\u0159\u00edchodu do Irska z bezpe\u010dn\u00fdch zem\u00ed splachuj\u00ed sv\u00e9 pasy do z\u00e1chodu&#8230;.<\/p>\n","protected":false},"author":2,"featured_media":56087,"comment_status":"closed","ping_status":"closed","sticky":false,"template":"","format":"standard","meta":[],"categories":[7],"tags":[5488,119,2161],"_links":{"self":[{"href":"https:\/\/www.infokuryr.cz\/n\/wp-json\/wp\/v2\/posts\/56086"}],"collection":[{"href":"https:\/\/www.infokuryr.cz\/n\/wp-json\/wp\/v2\/posts"}],"about":[{"href":"https:\/\/www.infokuryr.cz\/n\/wp-json\/wp\/v2\/types\/post"}],"author":[{"embeddable":true,"href":"https:\/\/www.infokuryr.cz\/n\/wp-json\/wp\/v2\/users\/2"}],"replies":[{"embeddable":true,"href":"https:\/\/www.infokuryr.cz\/n\/wp-json\/wp\/v2\/comments?post=56086"}],"version-history":[{"count":0,"href":"https:\/\/www.infokuryr.cz\/n\/wp-json\/wp\/v2\/posts\/56086\/revisions"}],"wp:featuredmedia":[{"embeddable":true,"href":"https:\/\/www.infokuryr.cz\/n\/wp-json\/wp\/v2\/media\/56087"}],"wp:attachment":[{"href":"https:\/\/www.infokuryr.cz\/n\/wp-json\/wp\/v2\/media?parent=56086"}],"wp:term":[{"taxonomy":"category","embeddable":true,"href":"https:\/\/www.infokuryr.cz\/n\/wp-json\/wp\/v2\/categories?post=56086"},{"taxonomy":"post_tag","embeddable":true,"href":"https:\/\/www.infokuryr.cz\/n\/wp-json\/wp\/v2\/tags?post=56086"}],"curies":[{"name":"wp","href":"https:\/\/api.w.org\/{rel}","templated":true}]}}