{"id":56085,"date":"2024-06-21T00:32:43","date_gmt":"2024-06-20T22:32:43","guid":{"rendered":"https:\/\/www.infokuryr.cz\/n\/?p=56085"},"modified":"2024-06-20T14:48:03","modified_gmt":"2024-06-20T12:48:03","slug":"caitlin-johnstoneova-usa-se-pripravuji-na-treti-svetovou-valku-a-zaroven-zvysuji-pocet-brancu","status":"publish","type":"post","link":"https:\/\/www.infokuryr.cz\/n\/2024\/06\/21\/caitlin-johnstoneova-usa-se-pripravuji-na-treti-svetovou-valku-a-zaroven-zvysuji-pocet-brancu\/","title":{"rendered":"Caitlin Johnstoneov\u00e1: USA se p\u0159ipravuj\u00ed na t\u0159et\u00ed sv\u011btovou v\u00e1lku a z\u00e1rove\u0148 zvy\u0161uj\u00ed po\u010det branc\u016f"},"content":{"rendered":"<div id=\"fb-root\"><\/div>\n<div class=\"elementor-element elementor-element-1fb4c2c elementor-widget elementor-widget-theme-post-content\" data-id=\"1fb4c2c\" data-element_type=\"widget\" data-widget_type=\"theme-post-content.default\">\n<div class=\"elementor-widget-container\">\n<p><span>Mo\u017en\u00e1 bychom tedy m\u011bli mluvit o tom, jak mocnosti NATO rychle sm\u011b\u0159uj\u00ed k hork\u00e9 v\u00e1lce s Ruskem, zat\u00edmco Spojen\u00e9 st\u00e1ty z\u00e1rove\u0148 roz\u0161i\u0159uj\u00ed sv\u016fj n\u00e1vrh politiky, aby p\u0159inutily v\u00edce Ameri\u010dan\u016f bojovat ve velk\u00e9 v\u00e1lce.<\/span><\/p>\n<p><span>V \u010dl\u00e1nku nazvan\u00e9m \u201eNATO: 500 000 voj\u00e1k\u016f ve stavu nejvy\u0161\u0161\u00ed pohotovosti pro v\u00e1lku s Ruskem\u201c podtrhuje antiwar Kyle Anzalone p\u00e1te\u010dn\u00ed koment\u00e1\u0159e gener\u00e1ln\u00edho tajemn\u00edka NATO Jense Stoltenberga, \u017ee aliance m\u00e1 ve skute\u010dnosti mnohem v\u00edce voj\u00e1k\u016f, kter\u00e9 m\u016f\u017ee nasadit, ne\u017e 300 000, kter\u00e9 d\u0159\u00edve stanovila jako jej\u00edm c\u00edlem.<\/span><\/p>\n<p><span>&#8222;Spojenci poskytuj\u00ed velen\u00ed NATO s\u00edly v m\u011b\u0159\u00edtku, jak\u00e9 nebylo za des\u00edtky let vid\u011bt,&#8220; \u0159ekl v p\u00e1tek Stoltenberg. &#8222;Dnes m\u00e1me 500 000 voj\u00e1k\u016f ve vysok\u00e9 p\u0159ipravenosti ve v\u0161ech oblastech, co\u017e je v\u00fdrazn\u011b v\u00edce, ne\u017e je c\u00edl stanoven\u00fd na madridsk\u00e9m summitu pro rok 2022.&#8220;<\/span><\/p>\n<div class=\"twitter-tweet twitter-tweet-rendered\"><iframe id=\"twitter-widget-0\" class=\"\" title=\"X Post\" src=\"https:\/\/platform.twitter.com\/embed\/Tweet.html?dnt=false&amp;embedId=twitter-widget-0&amp;features=eyJ0ZndfdGltZWxpbmVfbGlzdCI6eyJidWNrZXQiOltdLCJ2ZXJzaW9uIjpudWxsfSwidGZ3X2ZvbGxvd2VyX2NvdW50X3N1bnNldCI6eyJidWNrZXQiOnRydWUsInZlcnNpb24iOm51bGx9LCJ0ZndfdHdlZXRfZWRpdF9iYWNrZW5kIjp7ImJ1Y2tldCI6Im9uIiwidmVyc2lvbiI6bnVsbH0sInRmd19yZWZzcmNfc2Vzc2lvbiI6eyJidWNrZXQiOiJvbiIsInZlcnNpb24iOm51bGx9LCJ0ZndfZm9zbnJfc29mdF9pbnRlcnZlbnRpb25zX2VuYWJsZWQiOnsiYnVja2V0Ijoib24iLCJ2ZXJzaW9uIjpudWxsfSwidGZ3X21peGVkX21lZGlhXzE1ODk3Ijp7ImJ1Y2tldCI6InRyZWF0bWVudCIsInZlcnNpb24iOm51bGx9LCJ0ZndfZXhwZXJpbWVudHNfY29va2llX2V4cGlyYXRpb24iOnsiYnVja2V0IjoxMjA5NjAwLCJ2ZXJzaW9uIjpudWxsfSwidGZ3X3Nob3dfYmlyZHdhdGNoX3Bpdm90c19lbmFibGVkIjp7ImJ1Y2tldCI6Im9uIiwidmVyc2lvbiI6bnVsbH0sInRmd19kdXBsaWNhdGVfc2NyaWJlc190b19zZXR0aW5ncyI6eyJidWNrZXQiOiJvbiIsInZlcnNpb24iOm51bGx9LCJ0ZndfdXNlX3Byb2ZpbGVfaW1hZ2Vfc2hhcGVfZW5hYmxlZCI6eyJidWNrZXQiOiJvbiIsInZlcnNpb24iOm51bGx9LCJ0ZndfdmlkZW9faGxzX2R5bmFtaWNfbWFuaWZlc3RzXzE1MDgyIjp7ImJ1Y2tldCI6InRydWVfYml0cmF0ZSIsInZlcnNpb24iOm51bGx9LCJ0ZndfbGVnYWN5X3RpbWVsaW5lX3N1bnNldCI6eyJidWNrZXQiOnRydWUsInZlcnNpb24iOm51bGx9LCJ0ZndfdHdlZXRfZWRpdF9mcm9udGVuZCI6eyJidWNrZXQiOiJvbiIsInZlcnNpb24iOm51bGx9fQ%3D%3D&amp;frame=false&amp;hideCard=false&amp;hideThread=false&amp;id=1802419263963271639&amp;lang=cs&amp;origin=https%3A%2F%2Funcutnews.ch%2Fdie-usa-bereiten-sich-auf-den-dritten-weltkrieg-vor-und-erhoehen-gleichzeitig-die-zahl-der-wehrpflichtigen%2F&amp;sessionId=3467dd542ad9552664d430a2e39f2df7695e9d90&amp;theme=light&amp;widgetsVersion=2615f7e52b7e0%3A1702314776716&amp;width=550px\" frameborder=\"0\" scrolling=\"no\" allowfullscreen=\"allowfullscreen\" data-tweet-id=\"1802419263963271639\" data-mce-fragment=\"1\"><\/iframe><\/div>\n<p><strong>Anzalone p\u00ed\u0161e n\u00e1sleduj\u00edc\u00ed:<\/strong><\/p>\n<p><em><span>\u201eAliance dos\u00e1hla sv\u00e9ho c\u00edle, proto\u017ee jej\u00ed \u010dlenov\u00e9 v posledn\u00edch t\u00fddnech v\u00fdrazn\u011b zv\u00fd\u0161ili svou podporu Kyjevu. USA a n\u011bkolik dal\u0161\u00edch zem\u00ed tak\u00e9 ned\u00e1vno daly Ukrajin\u011b zelenou k pou\u017eit\u00ed sv\u00fdch zbran\u00ed k \u00fatok\u016fm na c\u00edle v Rusku.<\/span><\/em><\/p>\n<p><em><span>\u201eNizozemsko a D\u00e1nsko pl\u00e1nuj\u00ed dodat letouny F-16 do Kyjeva v nadch\u00e1zej\u00edc\u00edch m\u011bs\u00edc\u00edch a prohl\u00e1sily, \u017ee tyto modern\u00ed letouny by mohly b\u00fdt pou\u017eity pro bombardovac\u00ed mise proti Rusku. Stoltenberg dodal, \u017ee zm\u011bnu v politice v\u00edt\u00e1 a \u0159ekl, \u017ee \u201eto by nem\u011blo b\u00fdt vn\u00edm\u00e1no jako eskalace ze strany Ruska\u201c.<\/span><\/em><\/p>\n<p><span>Stalo se tak kr\u00e1tce pot\u00e9, co bylo odhaleno, \u017ee NATO buduje n\u011bkolik \u201epozemn\u00edch koridor\u016f\u201c, aby p\u0159ivedlo voj\u00e1ky do p\u0159edn\u00edch lini\u00ed budouc\u00ed hork\u00e9 v\u00e1lky s Ruskem ve v\u00fdchodn\u00ed Evrop\u011b.<\/span><\/p>\n<p><span>Od Stoltenberga se tak\u00e9 dozv\u00edd\u00e1me, \u017ee NATO zva\u017euje zv\u00fd\u0161en\u00ed po\u010dtu sv\u00fdch jadern\u00fdch zbran\u00ed v pohotovosti, tedy jejich pou\u017eit\u00ed v p\u0159\u00edpad\u011b jadern\u00e9 v\u00e1lky. Tiskov\u00fd mluv\u010d\u00ed B\u00edl\u00e9ho domu John Kirby bizarn\u011b \u0159ekl tisku, \u017ee tento agresivn\u00ed krok by nem\u011bl b\u00fdt vn\u00edm\u00e1n jako provokace proti Rusku, proto\u017ee NATO je \u201eobrann\u00e1 aliance\u201c.<\/span><\/p>\n<p><span>&#8222;Jak to nelze pova\u017eovat za provokaci nebo eskalaci nap\u011bt\u00ed v Evrop\u011b?&#8220; Kirby byl dot\u00e1z\u00e1n na Stoltenbergovy ned\u00e1vn\u00e9 koment\u00e1\u0159e.<\/span><\/p>\n<p><span>&#8222;Kdo by to pova\u017eoval za provokaci nebo eskalaci,&#8220; odpov\u011bd\u011bl Kirby.<\/span><\/p>\n<p><span>&#8222;Rusko,&#8220; odpov\u011bd\u011bl novin\u00e1\u0159.<\/span><\/p>\n<p><em><span>NATO je obrann\u00e1 aliance a zem\u011b NATO pat\u0159\u00ed k nejpropracovan\u011bj\u0161\u00edm na sv\u011bt\u011b, pokud jde o vojensk\u00e9 schopnosti. A bylo by nezodpov\u011bdn\u00e9 a nemoudr\u00e9, kdybychom se neust\u00e1le nezab\u00fdvali na\u0161imi spojenci v NATO o tom, jak zajistit, \u017ee m\u016f\u017eeme splnit na\u0161e vz\u00e1jemn\u00e9 z\u00e1vazky v cel\u00e9 \u0159ad\u011b vojensk\u00fdch schopnost\u00ed.<\/span><\/em><\/p>\n<p><span>Jedna z nejhloup\u011bj\u0161\u00edch v\u011bc\u00ed, kter\u00fdm Imp\u00e9rium chce, abychom dnes v\u011b\u0159ili, je, \u017ee obklopov\u00e1n\u00ed sv\u00fdch ofici\u00e1ln\u00edch nep\u0159\u00e1tel v\u00e1le\u010dn\u00fdmi stroji, kter\u00e9 ohro\u017euj\u00ed jejich existenci, by m\u011blo b\u00fdt v\u017edy vn\u00edm\u00e1no jako obrann\u00e9 opat\u0159en\u00ed. Naposledy, kdy\u017e se pobl\u00ed\u017e hranic s USA objevila v\u011brohodn\u00e1 vojensk\u00e1 hrozba, Washington reagoval tak agresivn\u011b, \u017ee sv\u011bt m\u00e1lem skon\u010dil. Od n\u00e1rod\u016f jako Rusko a \u010c\u00edna se v\u0161ak o\u010dek\u00e1v\u00e1, \u017ee umo\u017en\u00ed USA a jejich spojenc\u016fm shroma\u017e\u010fovat vojensk\u00e9 hrozby bl\u00edzko jejich hranic, ani\u017e by to pova\u017eovaly za provokaci.<\/span><\/p>\n<div class=\"twitter-tweet twitter-tweet-rendered\"><iframe id=\"twitter-widget-1\" class=\"\" title=\"X Post\" src=\"https:\/\/platform.twitter.com\/embed\/Tweet.html?dnt=false&amp;embedId=twitter-widget-1&amp;features=eyJ0ZndfdGltZWxpbmVfbGlzdCI6eyJidWNrZXQiOltdLCJ2ZXJzaW9uIjpudWxsfSwidGZ3X2ZvbGxvd2VyX2NvdW50X3N1bnNldCI6eyJidWNrZXQiOnRydWUsInZlcnNpb24iOm51bGx9LCJ0ZndfdHdlZXRfZWRpdF9iYWNrZW5kIjp7ImJ1Y2tldCI6Im9uIiwidmVyc2lvbiI6bnVsbH0sInRmd19yZWZzcmNfc2Vzc2lvbiI6eyJidWNrZXQiOiJvbiIsInZlcnNpb24iOm51bGx9LCJ0ZndfZm9zbnJfc29mdF9pbnRlcnZlbnRpb25zX2VuYWJsZWQiOnsiYnVja2V0Ijoib24iLCJ2ZXJzaW9uIjpudWxsfSwidGZ3X21peGVkX21lZGlhXzE1ODk3Ijp7ImJ1Y2tldCI6InRyZWF0bWVudCIsInZlcnNpb24iOm51bGx9LCJ0ZndfZXhwZXJpbWVudHNfY29va2llX2V4cGlyYXRpb24iOnsiYnVja2V0IjoxMjA5NjAwLCJ2ZXJzaW9uIjpudWxsfSwidGZ3X3Nob3dfYmlyZHdhdGNoX3Bpdm90c19lbmFibGVkIjp7ImJ1Y2tldCI6Im9uIiwidmVyc2lvbiI6bnVsbH0sInRmd19kdXBsaWNhdGVfc2NyaWJlc190b19zZXR0aW5ncyI6eyJidWNrZXQiOiJvbiIsInZlcnNpb24iOm51bGx9LCJ0ZndfdXNlX3Byb2ZpbGVfaW1hZ2Vfc2hhcGVfZW5hYmxlZCI6eyJidWNrZXQiOiJvbiIsInZlcnNpb24iOm51bGx9LCJ0ZndfdmlkZW9faGxzX2R5bmFtaWNfbWFuaWZlc3RzXzE1MDgyIjp7ImJ1Y2tldCI6InRydWVfYml0cmF0ZSIsInZlcnNpb24iOm51bGx9LCJ0ZndfbGVnYWN5X3RpbWVsaW5lX3N1bnNldCI6eyJidWNrZXQiOnRydWUsInZlcnNpb24iOm51bGx9LCJ0ZndfdHdlZXRfZWRpdF9mcm9udGVuZCI6eyJidWNrZXQiOiJvbiIsInZlcnNpb24iOm51bGx9fQ%3D%3D&amp;frame=false&amp;hideCard=false&amp;hideThread=false&amp;id=1802792176998302137&amp;lang=cs&amp;origin=https%3A%2F%2Funcutnews.ch%2Fdie-usa-bereiten-sich-auf-den-dritten-weltkrieg-vor-und-erhoehen-gleichzeitig-die-zahl-der-wehrpflichtigen%2F&amp;sessionId=3467dd542ad9552664d430a2e39f2df7695e9d90&amp;theme=light&amp;widgetsVersion=2615f7e52b7e0%3A1702314776716&amp;width=550px\" frameborder=\"0\" scrolling=\"no\" allowfullscreen=\"allowfullscreen\" data-tweet-id=\"1802792176998302137\" data-mce-fragment=\"1\"><\/iframe><\/div>\n<p><span>Tyto a dal\u0161\u00ed znepokojiv\u00e9 jadern\u00e9 eskalace s Ruskem p\u0159ich\u00e1zej\u00ed v dob\u011b, kdy ameri\u010dt\u00ed z\u00e1konod\u00e1rci pracuj\u00ed na roz\u0161\u00ed\u0159en\u00ed vojensk\u00fdch odvod\u016f na \u017eeny a automatizaci registrace pro mu\u017ee.<\/span><\/p>\n<p><strong>Edward Hasbrouck p\u00ed\u0161e pro Antiwar:<\/strong><\/p>\n<p><em><span>Sen\u00e1tn\u00ed v\u00fdbor pro ozbrojen\u00e9 slo\u017eky (SASC) schv\u00e1lil verzi NDAA, kter\u00e1 by roz\u0161\u00ed\u0159ila selektivn\u00ed registraci slu\u017eeb na mlad\u00e9 \u017eeny a mlad\u00e9 mu\u017ee. Tato verze NDAA nyn\u00ed m\u00ed\u0159\u00ed k pln\u00e9mu Sen\u00e1tu k posouzen\u00ed a schv\u00e1len\u00ed.<\/span><\/em><\/p>\n<p><em><span>Dne 14. \u010dervna schv\u00e1lila Sn\u011bmovna reprezentant\u016f dal\u0161\u00ed verzi NDAA, kter\u00e1 umo\u017e\u0148uje automatickou registraci selektivn\u00ed slu\u017eby, ale pouze pro mu\u017ee.<\/span><\/em><\/p>\n<p><span>Jak vysv\u011btluje CJ Ciaramella z Reasonu v \u010dl\u00e1nku o automatizaci registrace n\u00e1vrh\u016f, ofici\u00e1ln\u00edm d\u016fvodem tohoto tlaku je zefektivn\u011bn\u00ed syst\u00e9mu, ale \u201edruh\u00fdm\u201c nevy\u0159\u010den\u00fdm \u00fa\u010dinkem je p\u0159ipravit mlad\u00e9 mu\u017ee o p\u0159\u00edle\u017eitost zapojit se do ob\u010dansk\u00e9 neposlu\u0161nosti. V ide\u00e1ln\u00edm p\u0159\u00edpad\u011b, kdy\u017e americk\u00e1 v\u00e1le\u010dn\u00e1 ma\u0161in\u00e9rie zah\u00e1j\u00ed dal\u0161\u00ed stra\u0161liv\u00fd konflikt, ve kter\u00fd Zoome\u0159i nev\u011b\u0159\u00ed, chcete jim co nejv\u00edce zt\u00ed\u017eit odol\u00e1n\u00ed potrav\u011b pro d\u011bla.<\/span><\/p>\n<p><span>Brann\u00e1 povinnost je jedna z v\u011bc\u00ed, kter\u00e1 se st\u00e1v\u00e1 t\u00edm nechutn\u011bj\u0161\u00ed, \u010d\u00edm v\u00edce o n\u00ed p\u0159em\u00fd\u0161l\u00edte, zvl\u00e1\u0161t\u011b v zemi, jej\u00ed\u017e vl\u00e1da je stejn\u011b v\u00e1le\u010dn\u00e1 a psychopatick\u00e1 jako vl\u00e1da Spojen\u00fdch st\u00e1t\u016f. Tito podiv\u00edni se mohou utkat s n\u00e1rody, proti kter\u00fdm podle sv\u00e9 v\u016fle nemohou nic ud\u011blat \u2013 to v\u0161e bez toho, aby o jejich akc\u00edch mohla hlasovat ve\u0159ejnost \u2013 a pak, kdy\u017e se situace zhor\u0161\u00ed, mohou se obr\u00e1tit na partu teenager\u016f a dvac\u00e1tn\u00edk\u016f a \u0159\u00edct: : \u201eTo nen\u00ed n\u00e1\u0161 probl\u00e9m, to je v\u00e1\u0161 probl\u00e9m. Jdi a bojuj, zab\u00edjej a um\u00edrej za svou zemi.&#8220; M\u016f\u017eete za\u010d\u00edt v\u00e1lku svou vlastn\u00ed lehkomyslnost\u00ed a pak sed\u011bt a pop\u00edjet martini, zat\u00edmco budou va\u0161e d\u011bti zab\u00edjeny.<\/span><\/p>\n<p><span>To je zlo, je to o\u0161kliv\u00e9 a mus\u00ed to skon\u010dit.<\/span><\/p>\n<\/div>\n<\/div>\n<div class=\"elementor-element elementor-element-8c57238 quelle dc-has-condition dc-condition-empty elementor-widget elementor-widget-heading\" data-id=\"8c57238\" data-element_type=\"widget\" data-widget_type=\"heading.default\">\n<div class=\"elementor-widget-container\">\n<h3 class=\"elementor-heading-title elementor-size-default\"><span style=\"font-size: 10pt;\"><a href=\"https:\/\/caitlinjohnstone.com.au\/2024\/06\/18\/the-us-is-preparing-for-wwiii-while-expanding-draft-registration\/\" target=\"_blank\" rel=\"nofollow noopener\">ZDROJ<\/a><\/span><\/h3>\n<p>&nbsp;<\/p>\n<\/div>\n<\/div>\n","protected":false},"excerpt":{"rendered":"<p>Mo\u017en\u00e1 bychom tedy m\u011bli mluvit o tom, jak mocnosti NATO rychle sm\u011b\u0159uj\u00ed k hork\u00e9 v\u00e1lce&#8230;<\/p>\n","protected":false},"author":2,"featured_media":54909,"comment_status":"closed","ping_status":"closed","sticky":false,"template":"","format":"standard","meta":[],"categories":[7],"tags":[4258,3769,37,40],"_links":{"self":[{"href":"https:\/\/www.infokuryr.cz\/n\/wp-json\/wp\/v2\/posts\/56085"}],"collection":[{"href":"https:\/\/www.infokuryr.cz\/n\/wp-json\/wp\/v2\/posts"}],"about":[{"href":"https:\/\/www.infokuryr.cz\/n\/wp-json\/wp\/v2\/types\/post"}],"author":[{"embeddable":true,"href":"https:\/\/www.infokuryr.cz\/n\/wp-json\/wp\/v2\/users\/2"}],"replies":[{"embeddable":true,"href":"https:\/\/www.infokuryr.cz\/n\/wp-json\/wp\/v2\/comments?post=56085"}],"version-history":[{"count":0,"href":"https:\/\/www.infokuryr.cz\/n\/wp-json\/wp\/v2\/posts\/56085\/revisions"}],"wp:featuredmedia":[{"embeddable":true,"href":"https:\/\/www.infokuryr.cz\/n\/wp-json\/wp\/v2\/media\/54909"}],"wp:attachment":[{"href":"https:\/\/www.infokuryr.cz\/n\/wp-json\/wp\/v2\/media?parent=56085"}],"wp:term":[{"taxonomy":"category","embeddable":true,"href":"https:\/\/www.infokuryr.cz\/n\/wp-json\/wp\/v2\/categories?post=56085"},{"taxonomy":"post_tag","embeddable":true,"href":"https:\/\/www.infokuryr.cz\/n\/wp-json\/wp\/v2\/tags?post=56085"}],"curies":[{"name":"wp","href":"https:\/\/api.w.org\/{rel}","templated":true}]}}