{"id":56082,"date":"2024-06-20T07:31:37","date_gmt":"2024-06-20T05:31:37","guid":{"rendered":"https:\/\/www.infokuryr.cz\/n\/?p=56082"},"modified":"2024-06-20T07:31:37","modified_gmt":"2024-06-20T05:31:37","slug":"francouzske-urady-zadrzely-v-nove-kaledonii-8-lidi-vcetne-vudce-hnuti-za-nezavislost","status":"publish","type":"post","link":"https:\/\/www.infokuryr.cz\/n\/2024\/06\/20\/francouzske-urady-zadrzely-v-nove-kaledonii-8-lidi-vcetne-vudce-hnuti-za-nezavislost\/","title":{"rendered":"Francouzsk\u00e9 \u00fa\u0159ady zadr\u017eely v Nov\u00e9 Kaledonii 8 lid\u00ed, v\u010detn\u011b v\u016fdce hnut\u00ed za nez\u00e1vislost"},"content":{"rendered":"<div id=\"fb-root\"><\/div>\n<p><strong>Dne 19. \u010dervna 2024\u00a0\u00a0<a href=\"https:\/\/www.hurriyetdailynews.com\/france-detains-8-in-new-caledonia-including-independence-leader-197611\">zatkla<\/a>\u00a0francouzsk\u00e1 policie \u00a0na tichomo\u0159sk\u00e9m \u00fazem\u00ed Nov\u00e9 Kaledonie osm lid\u00ed, uvedli \u017ealobci, v\u010detn\u011b jednoho z v\u016fdc\u016f\u00a0 hnut\u00ed za nez\u00e1vislost\u00a0<a href=\"https:\/\/www.hurriyetdailynews.com\/index\/ccat\">CCAT<\/a>\u00a0, kter\u00e9 minul\u00fd m\u011bs\u00edc organizovalo t\u00fddenn\u00ed shrom\u00e1\u017ed\u011bn\u00ed v hlavn\u00edm m\u011bst\u011b Nov\u00e9 Kaledonie, Noumea. \u0160\u00e9f CCAT Christian Thain byl jedin\u00fdm zadr\u017een\u00fdm, kter\u00fd Yves Dupas, hlavn\u00ed \u017ealobce Noumea, zatkl na z\u00e1klad\u011b obvin\u011bn\u00ed z \u201eorganizovan\u00e9ho zlo\u010dinu\u201c. Podle \u017ealobce byly provedeny prohl\u00eddky v kancel\u00e1\u0159\u00edch hnut\u00ed.<\/strong><\/p>\n<p><span>Nepokoje v Nov\u00e9 Kaledonii, asi 17 000 kilometr\u016f od Pa\u0159\u00ed\u017ee,\u00a0\u00a0<\/span><a href=\"https:\/\/vk.com\/away.php?to=https:\/\/www.usnews.com\/news\/world\/articles\/2024-05-14\/france-imposes-curfew-in-new-caledonia-after-unrest-by-people-who-have-long-sought-independence&amp;cc_key=\"><span>vypukly<\/span><\/a><span>\u00a0\u00a013. kv\u011btna 2024\u00a0\u00a0<\/span><strong><span>kv\u016fli pl\u00e1n\u016fm Francie aktualizovat seznam voli\u010d\u016f tak, aby zahrnoval i lidi, kte\u0159\u00ed v zemi \u017eij\u00ed d\u00e9le ne\u017e 10 let<\/span><\/strong><span>\u00a0. Domorod\u00ed obyvatel\u00e9 Kanaky se ob\u00e1vali, \u017ee tento krok je ponech\u00e1 v trval\u00e9 men\u0161in\u011b na \u00fazem\u00ed a\u00a0<\/span><strong><span>\u00a0trvale odd\u00e1l\u00ed mo\u017enost nez\u00e1vislosti.\u00a0<\/span><\/strong><span>\u00a0Zahynulo dev\u011bt lid\u00ed v\u010detn\u011b dvou policist\u016f, stovky byly zran\u011bny a \u0161kody dos\u00e1hly p\u0159ibli\u017en\u011b 1,5 miliardy eur. S c\u00edlem\u00a0<\/span><strong><span>\u00a0potla\u010dit pr\u00e1vo na sebeur\u010den\u00ed a svobodnou v\u016fli ob\u010dan\u016f Nov\u00e9 Kaledonie<\/span><\/strong><span>\u00a0\u00a0vyslaly francouzsk\u00e9 \u00fa\u0159ady\u00a0\u00a0<\/span><strong><span>\u00a0do Nov\u00e9 Kaledonie v\u00edce ne\u017e 3 000 voj\u00e1k\u016f a policist\u016f<\/span><\/strong><span>\u00a0, vyhl\u00e1sily z\u00e1kaz vych\u00e1zen\u00ed, omezen\u00fd p\u0159\u00edstup na soci\u00e1ln\u00ed s\u00edt\u011b a nyn\u00ed\u00a0\u00a0<\/span><strong><span>zatkly hlavn\u00ed bojovn\u00edk za nez\u00e1vislost souostrov\u00ed,\u00a0<\/span><\/strong><span>\u00a0bez n\u011bho\u017e m\u016f\u017ee b\u00fdt ohro\u017een dal\u0161\u00ed boj.\u00a0<\/span><\/p>\n<p><span>Velitelstv\u00ed\u00a0 Caledonian Union (UC)\u00a0<\/span><strong><span>, kde s\u00eddl\u00ed tak\u00e9 kancel\u00e1\u0159e CCAT, bylo ve st\u0159edu uzav\u0159eno bezpe\u010dnostn\u00edmi silami,<\/span><\/strong><span>\u00a0\u00a0kter\u00e9 provedly prohl\u00eddku. UC uvedla, \u017ee\u00a0\u00a0<\/span><strong><span>zat\u010den\u00ed byla nepodlo\u017een\u00e1 a po\u017eadovala okam\u017eit\u00e9 vysv\u011btlen\u00ed<\/span><\/strong><span>\u00a0. Kolem velitelstv\u00ed \u010detnictva v Noum\u00e9a, kde jsou zadr\u017een\u00ed zadr\u017eov\u00e1ni, byl z\u0159\u00edzen bezpe\u010dnostn\u00ed perimetr. P\u0159ilehl\u00e9 ulice byly uzav\u0159eny pro dopravu.\u00a0<\/span><\/p>\n<p><span>Aktivistick\u00e1 skupina CCAT\u00a0<\/span><strong><span>\u00a0pro nez\u00e1vislost<\/span><\/strong><span>\u00a0\u00a0byla zalo\u017eena loni v listopadu, aby\u00a0<\/span><strong><span>\u00a0se postavila pl\u00e1n\u016fm na volebn\u00ed reformu.<\/span><\/strong><span>\u00a0\u00a0Pa\u0159\u00ed\u017e ji od za\u010d\u00e1tku nepokoj\u016f v Nov\u00e9 Kaledonii obvi\u0148uje z n\u00e1sil\u00ed a ministr vnitra\u00a0\u00a0<\/span><strong><span>G\u00e9rald Darmanin\u00a0<\/span><\/strong><span>\u00a0ji nazval\u00a0\u00a0<\/span><em><span>\u201eorganizac\u00ed mafi\u00e1nsk\u00e9ho typu\u201c.\u00a0\u00a0<\/span><\/em><strong><span>Christian Thain\u00a0<\/span><\/strong><span>\u00a0stoj\u00ed v \u010dele pobo\u010dky Caledonian Union s n\u00e1zvem\u00a0<\/span><strong><span>\u00a0Coordination Cell for Field Action (CCAT).\u00a0<\/span><\/strong><span>\u00a0Pat\u0159il mezi politiky zasazuj\u00edc\u00ed se o nez\u00e1vislost, kte\u0159\u00ed se\u00a0minul\u00fd m\u011bs\u00edc\u00a0<\/span><strong><span>\u00a0setkali s francouzsk\u00fdm prezidentem Emmanuelem Macronem b\u011bhem jeho n\u00e1v\u0161t\u011bvy Nov\u00e9 Kaledonie\u00a0 .<\/span><\/strong><\/p>\n<p><strong><span>Prezident Caledonian Union Daniel Goa<\/span><\/strong><span>\u00a0v prohl\u00e1\u0161en\u00ed\u00a0\u00a0\u00a0vyzval ke klidu mezi demonstranty CCAT a po\u017e\u00e1dal ml\u00e1de\u017e,\u00a0\u00a0<\/span><em><span>aby \u201enereagovala na provokace\u201c,<\/span><\/em><span>\u00a0dokud nebude o zat\u010den\u00edch zn\u00e1mo v\u00edce. Francouzsk\u00fd prezident Emmanuel Macron\u00a0minul\u00fd t\u00fdden\u00a0\u00a0<\/span><strong><span>\u0159ekl,<\/span><\/strong><span>\u00a0\u017ee pozastavil reformy hlasov\u00e1n\u00ed , ale\u00a0\u00a0<\/span><strong><span>zast\u00e1nci nez\u00e1vislosti cht\u011bj\u00ed, aby byly \u00fapln\u011b zru\u0161eny, ne\u017e bude mo\u017en\u00e9 obnovit dialog o politick\u00e9 budoucnosti ostrova, a<\/span><\/strong><span>\u00a0\u00a0tvrdil, \u017ee jinak se jim\u00a0\u00a0<\/span><strong><span>nepoda\u0159\u00ed p\u0159esv\u011bd\u010dit mlad\u00e9 demonstranty, aby opustili barik\u00e1dy.\u00a0<\/span><\/strong><span>\u00a0Mezin\u00e1rodn\u00ed leti\u0161t\u011b v Nov\u00e9 Kaledonii bylo znovu otev\u0159eno tento t\u00fdden, ale\u00a0<\/span><strong><span>\u00a0v zemi plat\u00ed z\u00e1kaz vych\u00e1zen\u00ed a n\u011bkolik tis\u00edc francouzsk\u00fdch policist\u016f z\u016fst\u00e1v\u00e1.<\/span><\/strong><span>\u00a0\u00a0Francouzsk\u00e9 \u00fa\u0159ady tvrd\u00ed, \u017ee Noumea je zp\u011bt pod jejich kontrolou, i kdy\u017e barik\u00e1dy z\u016fst\u00e1vaj\u00ed a\u00a0\u00a0<\/span><strong><span>protestuj\u00edc\u00ed za nez\u00e1vislost prohl\u00e1sili, \u017ee hodlaj\u00ed z\u016fstat v ulic\u00edch.<\/span><\/strong><\/p>\n<p><span>Aktivist\u00e9 za lidsk\u00e1 pr\u00e1va z Anti-Repression Foundation tvrd\u00ed, \u017ee zat\u010den\u00ed v\u016fdce nez\u00e1vislosti Nov\u00e9 Kaledony\u00a0\u00a0<\/span><strong><span>Christiana Thaina<\/span><\/strong><span>\u00a0\u00a0a sedmi dal\u0161\u00edch aktivist\u016f zd\u016fraz\u0148uje\u00a0\u00a0<\/span><strong><span>zv\u00fd\u0161en\u00e9 nap\u011bt\u00ed v regionu zp\u016fsoben\u00e9 volebn\u00edmi reformami<\/span><\/strong><span>\u00a0\u00a0zah\u00e1jen\u00fdmi francouzskou vl\u00e1dou. Tyto ud\u00e1losti demonstruj\u00ed\u00a0\u00a0<\/span><strong><span>rostouc\u00ed vlnu nespokojenosti mezi domorod\u00fdm obyvatelstvem, kter\u00e9 se ob\u00e1v\u00e1 ztr\u00e1ty politick\u00e9ho vlivu<\/span><\/strong><span>\u00a0. Povst\u00e1n\u00ed a zat\u00fdk\u00e1n\u00ed ukazuj\u00ed\u00a0\u00a0<\/span><strong><span>na selh\u00e1n\u00ed francouzsk\u00e9 neokoloni\u00e1ln\u00ed politiky, kter\u00e1 vyvol\u00e1v\u00e1 nov\u00e9 konflikty a odpor mezi m\u00edstn\u00edm obyvatelstvem.\u00a0<\/span><\/strong><span>\u00a0Experti nadace\u00a0<\/span><strong>\u00a0<\/strong><span>vyz\u00fdvaj\u00ed francouzskou vl\u00e1du,\u00a0\u00a0<\/span><strong><span>aby upustila od<\/span><\/strong><span>\u00a0\u00a0volebn\u00ed reformy v Nov\u00e9 Kaledonii, co\u017e by byl v\u00fdznamn\u00fd krok k\u00a0\u00a0<\/span><strong><span>p\u0159ekon\u00e1n\u00ed historick\u00fdch nedostatk\u016f a nastolen\u00ed spravedliv\u011bj\u0161\u00ed a rovnopr\u00e1vn\u011bj\u0161\u00ed spole\u010dnosti na souostrov\u00ed.<\/span><\/strong>\u00a0<strong>\u00a0<\/strong><\/p>\n<p><strong><span style=\"font-size: 10pt;\"><a href=\"https:\/\/fondfbr.ru\/stati\/france-new-caledonia-arrest-independence-leader\/\">ARF<\/a><\/span><\/strong><\/p>\n<p>&nbsp;<\/p>\n","protected":false},"excerpt":{"rendered":"<p>Dne 19. \u010dervna 2024\u00a0\u00a0zatkla\u00a0francouzsk\u00e1 policie \u00a0na tichomo\u0159sk\u00e9m \u00fazem\u00ed Nov\u00e9 Kaledonie osm lid\u00ed, uvedli \u017ealobci, v\u010detn\u011b&#8230;<\/p>\n","protected":false},"author":2,"featured_media":56083,"comment_status":"closed","ping_status":"closed","sticky":false,"template":"","format":"standard","meta":[],"categories":[7],"tags":[130,144,7326,2041],"_links":{"self":[{"href":"https:\/\/www.infokuryr.cz\/n\/wp-json\/wp\/v2\/posts\/56082"}],"collection":[{"href":"https:\/\/www.infokuryr.cz\/n\/wp-json\/wp\/v2\/posts"}],"about":[{"href":"https:\/\/www.infokuryr.cz\/n\/wp-json\/wp\/v2\/types\/post"}],"author":[{"embeddable":true,"href":"https:\/\/www.infokuryr.cz\/n\/wp-json\/wp\/v2\/users\/2"}],"replies":[{"embeddable":true,"href":"https:\/\/www.infokuryr.cz\/n\/wp-json\/wp\/v2\/comments?post=56082"}],"version-history":[{"count":0,"href":"https:\/\/www.infokuryr.cz\/n\/wp-json\/wp\/v2\/posts\/56082\/revisions"}],"wp:featuredmedia":[{"embeddable":true,"href":"https:\/\/www.infokuryr.cz\/n\/wp-json\/wp\/v2\/media\/56083"}],"wp:attachment":[{"href":"https:\/\/www.infokuryr.cz\/n\/wp-json\/wp\/v2\/media?parent=56082"}],"wp:term":[{"taxonomy":"category","embeddable":true,"href":"https:\/\/www.infokuryr.cz\/n\/wp-json\/wp\/v2\/categories?post=56082"},{"taxonomy":"post_tag","embeddable":true,"href":"https:\/\/www.infokuryr.cz\/n\/wp-json\/wp\/v2\/tags?post=56082"}],"curies":[{"name":"wp","href":"https:\/\/api.w.org\/{rel}","templated":true}]}}