{"id":56080,"date":"2024-06-20T07:24:34","date_gmt":"2024-06-20T05:24:34","guid":{"rendered":"https:\/\/www.infokuryr.cz\/n\/?p=56080"},"modified":"2024-06-20T07:24:34","modified_gmt":"2024-06-20T05:24:34","slug":"ekvadorske-urady-oznamily-obnoveni-dodavek-energie-v-zemi","status":"publish","type":"post","link":"https:\/\/www.infokuryr.cz\/n\/2024\/06\/20\/ekvadorske-urady-oznamily-obnoveni-dodavek-energie-v-zemi\/","title":{"rendered":"Ekv\u00e1dorsk\u00e9 \u00fa\u0159ady ozn\u00e1mily obnoven\u00ed dod\u00e1vek energie v zemi"},"content":{"rendered":"<div id=\"fb-root\"><\/div>\n<div class=\"news-text-body\">\n<p class=\"lead\"><strong>Dod\u00e1vky elekt\u0159iny v Ekv\u00e1doru byly po rozs\u00e1hl\u00e9m v\u00fdpadku po cel\u00e9 zemi t\u00e9m\u011b\u0159 \u00fapln\u011b obnoveny. Na soci\u00e1ln\u00ed s\u00edti X to ozn\u00e1mil ministr ve\u0159ejn\u00fdch prac\u00ed Roberto Luque.<\/strong><\/p>\n<p><span>K poru\u0161e na elektrick\u00e9m p\u0159enosov\u00e9m veden\u00ed podle n\u011bj do\u0161lo v 15.17 (19. \u010dervna, 23.17 evropsk\u00e9ho \u010dasu), spojen\u00ed bylo t\u00e9m\u011b\u0159 zcela obnoveno do 18.41 (20. \u010dervna, 2.41 evropsk\u00e9ho \u010dasu). Ministr zd\u016fraznil, \u017ee tento incident jasn\u011b ukazuje energetickou krizi v zemi.<\/span><\/p>\n<p><em>&#8222;Po mnoho let p\u0159estali do t\u011bchto syst\u00e9m\u016f investovat a dnes \u010del\u00edme n\u00e1sledk\u016fm,&#8220;<span class=\"after-quote\"> &#8211; napsal.<\/span><\/em><span>V\u00fdpadek elektrick\u00e9ho veden\u00ed v Ekv\u00e1doru ve\u0161el ve zn\u00e1most 19. \u010dervna. Podle Luqueho se incident stal celost\u00e1tn\u00edm. D\u016fvod incidentu nebyl up\u0159esn\u011bn.<\/span><\/p>\n<p><span>19. dubna bylo ozn\u00e1meno, \u017ee v Ekv\u00e1doru byl kv\u016fli energetick\u00e9 krizi na 60 dn\u00ed zaveden v\u00fdjime\u010dn\u00fd stav. Opat\u0159en\u00ed m\u00e1\u00a0podle dekretu prezidenta zem\u011b\u00a0<\/span><strong><span>Daniela Noboa<\/span><\/strong><span>\u00a0zajistit dostatek \u010dasu na vy\u0159e\u0161en\u00ed probl\u00e9mu nedostatku energie. Krom\u011b toho dekret zahrnuje mobilizaci policie a ozbrojen\u00fdch sil zem\u011b za \u00fa\u010delem zabezpe\u010den\u00ed za\u0159\u00edzen\u00ed kritick\u00e9 energetick\u00e9 infrastruktury.<\/span><\/p>\n<\/div>\n<div><img decoding=\"async\" loading=\"lazy\" class=\"alignnone size-full wp-image-1185\" src=\"http:\/\/www.infokuryr.cz\/n\/wp-content\/uploads\/2021\/04\/kuryr-podpis.png\" alt=\"\" width=\"84\" height=\"24\" \/><\/div>\n<div><\/div>\n<div class=\"socials-wrapper socials-floating\">\n<div class=\"social-likes socials-visible socials-ready\" data-url=\"https:\/\/eadaily.com\/ru\/news\/2024\/06\/20\/vlasti-ekvadora-soobshchili-o-vosstanovlenii-energosnabzheniya-strany\" data-title=\"\u0412\u043b\u0430\u0441\u0442\u0438 \u042d\u043a\u0432\u0430\u0434\u043e\u0440\u0430 \u0441\u043e\u043e\u0431\u0449\u0438\u043b\u0438 \u043e\u00a0\u0432\u043e\u0441\u0441\u0442\u0430\u043d\u043e\u0432\u043b\u0435\u043d\u0438\u0438 \u044d\u043d\u0435\u0440\u0433\u043e\u0441\u043d\u0430\u0431\u0436\u0435\u043d\u0438\u044f \u0441\u0442\u0440\u0430\u043d\u044b\"><\/div>\n<\/div>\n<p>&nbsp;<\/p>\n","protected":false},"excerpt":{"rendered":"<p>Dod\u00e1vky elekt\u0159iny v Ekv\u00e1doru byly po rozs\u00e1hl\u00e9m v\u00fdpadku po cel\u00e9 zemi t\u00e9m\u011b\u0159 \u00fapln\u011b obnoveny. Na&#8230;<\/p>\n","protected":false},"author":2,"featured_media":56081,"comment_status":"closed","ping_status":"closed","sticky":false,"template":"","format":"standard","meta":[],"categories":[7],"tags":[2108,6605,1299,371],"_links":{"self":[{"href":"https:\/\/www.infokuryr.cz\/n\/wp-json\/wp\/v2\/posts\/56080"}],"collection":[{"href":"https:\/\/www.infokuryr.cz\/n\/wp-json\/wp\/v2\/posts"}],"about":[{"href":"https:\/\/www.infokuryr.cz\/n\/wp-json\/wp\/v2\/types\/post"}],"author":[{"embeddable":true,"href":"https:\/\/www.infokuryr.cz\/n\/wp-json\/wp\/v2\/users\/2"}],"replies":[{"embeddable":true,"href":"https:\/\/www.infokuryr.cz\/n\/wp-json\/wp\/v2\/comments?post=56080"}],"version-history":[{"count":0,"href":"https:\/\/www.infokuryr.cz\/n\/wp-json\/wp\/v2\/posts\/56080\/revisions"}],"wp:featuredmedia":[{"embeddable":true,"href":"https:\/\/www.infokuryr.cz\/n\/wp-json\/wp\/v2\/media\/56081"}],"wp:attachment":[{"href":"https:\/\/www.infokuryr.cz\/n\/wp-json\/wp\/v2\/media?parent=56080"}],"wp:term":[{"taxonomy":"category","embeddable":true,"href":"https:\/\/www.infokuryr.cz\/n\/wp-json\/wp\/v2\/categories?post=56080"},{"taxonomy":"post_tag","embeddable":true,"href":"https:\/\/www.infokuryr.cz\/n\/wp-json\/wp\/v2\/tags?post=56080"}],"curies":[{"name":"wp","href":"https:\/\/api.w.org\/{rel}","templated":true}]}}