{"id":56064,"date":"2024-06-20T04:06:35","date_gmt":"2024-06-20T02:06:35","guid":{"rendered":"https:\/\/www.infokuryr.cz\/n\/?p=56064"},"modified":"2024-06-20T04:06:35","modified_gmt":"2024-06-20T02:06:35","slug":"ve-stinu-konference-ve-svycarsku-probehl-v-tichosti-summit-spolku-chromych-kachen-g7-v-italske-apulii","status":"publish","type":"post","link":"https:\/\/www.infokuryr.cz\/n\/2024\/06\/20\/ve-stinu-konference-ve-svycarsku-probehl-v-tichosti-summit-spolku-chromych-kachen-g7-v-italske-apulii\/","title":{"rendered":"Ve st\u00ednu konference ve \u0160v\u00fdcarsku prob\u011bhl v tichosti summit spolku chrom\u00fdch kachen (G7) v italsk\u00e9 Apulii&#8230;"},"content":{"rendered":"<div id=\"fb-root\"><\/div>\n<h4>Ve st\u00ednu konference ve \u0160v\u00fdcarsku prob\u011bhl v tichosti summit spolku chrom\u00fdch kachen (G7) v italsk\u00e9 Apulii a vyplodily rovn\u011b\u017e komunik\u00e9, ale proti \u010c\u00edn\u011b! Pamflet na zvracen\u00ed! Reakce Pekingu p\u0159i\u0161la okam\u017eit\u011b a mluv\u010d\u00ed ministerstva zahrani\u010d\u00ed ozna\u010dil G7 za spolek, kter\u00fd ani dohromady nedosahuje ekonomick\u00e9ho v\u00fdkonu \u010c\u00edny a zastupuje jen 10% populace na t\u00e9to planet\u011b!<\/h4>\n<p>Zat\u00edmco cel\u00fd sv\u011bt byl minul\u00fd t\u00fdden pln\u011b fixov\u00e1n a upout\u00e1n k tzv. m\u00edrov\u00e9 konferenci ve \u0161v\u00fdcarsk\u00e9m Luzernu, \u00fapln\u011b mimo z\u00e1jem m\u00e9di\u00ed prob\u011bhla akce, kter\u00e1 se konala prakticky paraleln\u011b, ale n\u011bkde \u00fapln\u011b jinde. V sobotu toti\u017e vyvrcholil v italsk\u00e9 Apulii summit skupiny G7, kter\u00fd byl pro kolektivisty mnohem d\u016fle\u017eit\u011bj\u0161\u00ed ne\u017e m\u00edrov\u00e1 seance kv\u016fli Ukrajin\u011b v Luzernu. Summit spolku chrom\u00fdch kachen (G7) toti\u017e byl p\u0159\u00edle\u017eitost\u00ed, jak si kolektivist\u00e9 mohli sladit noty a se\u0159\u00eddit hodinky p\u0159ed pl\u00e1novan\u00fdm spu\u0161t\u011bn\u00edm v\u00e1lky v Evrop\u011b proti Rusk\u00e9 arm\u00e1d\u011b.<\/p>\n<p>P\u0159esto\u017ee t\u0159\u00eddenn\u00ed summit G7 skon\u010dil v Apulii na jihu It\u00e1lie v sobotu,\u00a0<strong>ji\u017e v p\u00e1tek se na webu americk\u00e9 ambas\u00e1dy v \u0158\u00edm\u011b objevil [<a href=\"https:\/\/href.li\/?https:\/\/it.usembassy.gov\/g7-apulia-leaders-communique\/\" target=\"_blank\" rel=\"nofollow noopener\">1<\/a>] text komunik\u00e9 sch\u016fzky, a to prost\u011b proto, \u017ee samotn\u00fd text byl dop\u0159edu naps\u00e1n a dop\u0159edu naordinov\u00e1n, na samotn\u00e9m setk\u00e1n\u00ed se o ni\u010dem nediskutovalo.<\/strong>\u00a0A v tom komunik\u00e9 bylo celkem 29x zm\u00edn\u011bno slovo \u201c\u010c\u00edna\u201d a spolu s t\u00edm i nep\u011bkn\u00e9 v\u011bci na tuto \u0158\u00ed\u0161i st\u0159edu.<\/p>\n<p>&nbsp;<\/p>\n<div id=\"rumble_v505xw9\">\n<div id=\"vid_v505xw9\" class=\"rumble_v505xw9-Rumble-cls\" tabindex=\"-1\">\n<div class=\"bigPlayUI ctp\"><div class='videoWrapper'>\r\n\t            <iframe src='https:\/\/rumble.com\/embed\/pj.v505xw9\/' frameborder='0' allowfullscreen><\/iframe>\r\n\t        <\/div><\/p>\n<div class=\"bigPlayUIInner ctp\"><\/div>\n<\/div>\n<\/div>\n<\/div>\n<p>&nbsp;<\/p>\n<p>Mluv\u010d\u00ed \u010d\u00ednsk\u00e9ho ministerstva zahrani\u010d\u00ed Lin \u0164ien hned v pond\u011bl\u00ed odsoudil\u00a0<strong>[<a href=\"https:\/\/href.li\/?https:\/\/news.cgtn.com\/news\/2024-06-18\/Beijing-slams-G7-for-arrogance-bias-on-China-related-issues-1uwJyslwg4U\/p.html\" target=\"_blank\" rel=\"nofollow noopener\">2<\/a>]<\/strong>\u00a0vyost\u0159ov\u00e1n\u00ed ot\u00e1zek t\u00fdkaj\u00edc\u00edch se \u010c\u00edny ze strany skupiny G7 a prohl\u00e1sil, \u017ee komunik\u00e9 skupiny G7 o \u010c\u00edn\u011b je pln\u00e9 arogance a p\u0159edsudk\u016f. Ve sv\u00e9m projevu na pravideln\u00e9 tiskov\u00e9 konferenci v Pekingu Lin odsoudil skupinu G7 za manipulaci s ot\u00e1zkami t\u00fdkaj\u00edc\u00edmi se \u010c\u00edny a zazn\u011bl argument, \u017ee skupina G7 reprezentuje jen 10% obyvatel planety, p\u0159i\u010dem\u017e zbytku sv\u011bta vnucuje svoji politiku, pohledy a rozpout\u00e1v\u00e1 v\u00e1lky proti v\u0161em zem\u00ed, kter\u00e9 se skupin\u011b G7 necht\u011bj\u00ed podvolit a podrobit. Na z\u00e1v\u011br tiskovky zazn\u011bla i v\u00fdhr\u016f\u017eka, \u017ee na tuto politiku agrese skupina G7 jednoho dne dojede a doplat\u00ed. Pokud nem\u00e1te \u010das na video v\u00fd\u0161e, tak tady je p\u0159epis Linova projevu, resp. odsouzen\u00ed komunik\u00e9 skupiny G7:<\/p>\n<h4><span style=\"font-size: 18pt;\">Odsouzen\u00ed komunik\u00e9 skupiny G7 proti \u010c\u00edn\u011b<\/span><\/h4>\n<p>Komunik\u00e9 vedouc\u00edch p\u0159edstavitel\u016f G7 op\u011bt pou\u017eilo probl\u00e9my souvisej\u00edc\u00ed s \u010c\u00ednou k han\u011bn\u00ed a \u00fatok\u016fm na \u010c\u00ednu, kter\u00e9 se uchyluj\u00ed ke stejn\u00fdm star\u00fdm fale\u0161n\u00fdm obvin\u011bn\u00edm, kter\u00e1 nemaj\u00ed \u017e\u00e1dn\u00fd faktick\u00fd, pr\u00e1vn\u00ed ani mor\u00e1ln\u00ed z\u00e1klad a jsou pln\u00e1 aroganc\u00ed, zaujatosti a l\u017e\u00ed. Skupina G7 nereprezentuje sv\u011bt.<\/p>\n<p><strong>T\u011bchto sedm zem\u00ed p\u0159edstavuje pouze 10% sv\u011btov\u00e9 populace.<\/strong>\u00a0Rok od roku jejich pod\u00edl v glob\u00e1ln\u00edch ekonomik\u00e1ch neust\u00e1le kles\u00e1. I v\u0161echny zem\u011b G7 dohromady p\u0159isp\u00edvaj\u00ed k celosv\u011btov\u00e9mu hospod\u00e1\u0159sk\u00e9mu r\u016fstu m\u00e9n\u011b ne\u017e samotn\u00e1 \u010c\u00edna a jejich ekonomick\u00fd agreg\u00e1t v parit\u011b kupn\u00ed s\u00edly ji\u017e byl p\u0159ekon\u00e1n zem\u011bmi BRICS. Skupina G7 se ji\u017e d\u00e1vno vzd\u00e1lila sv\u00e9mu p\u016fvodn\u00edmu \u00fa\u010delu koordinovat stabilitu glob\u00e1ln\u00edho ekonomick\u00e9ho prost\u0159ed\u00ed a st\u00e1le v\u00edce se st\u00e1v\u00e1 politick\u00fdm n\u00e1strojem k udr\u017een\u00ed nadvl\u00e1dy USA a Z\u00e1padu. Sv\u00e9 vlastn\u00ed p\u0159edpisy a rozhodnut\u00ed stav\u00ed nad c\u00edle a z\u00e1sady Charty OSN a mezin\u00e1rodn\u00edho pr\u00e1va, a ztratila schopnost reprezentovat sv\u011bt a d\u016fv\u011bryhodnost v mezin\u00e1rodn\u00edm spole\u010denstv\u00ed.<\/p>\n<p><strong>Skupina G7 jedn\u00e1 proti celosv\u011btov\u00e9mu trendu m\u00edrov\u00e9ho rozvoje. G7 sice tvrd\u00ed, \u017ee chr\u00e1n\u00ed sv\u011btov\u00fd m\u00edr, ale p\u0159itom st\u00e1le vymezuje hranice podle rozd\u00edl\u016f v ideologii a v hodnot\u00e1ch<\/strong>, vytv\u00e1\u0159\u00ed fale\u0161n\u00fd p\u0159\u00edb\u011bh demokracie versus autokracie, vytv\u00e1\u0159\u00ed v\u00fdlu\u010dn\u00e1 uskupen\u00ed a podn\u011bcuje blokovou konfrontaci, rozdm\u00fdch\u00e1v\u00e1 plameny a vyh\u00fdb\u00e1 se odpov\u011bdnosti v region\u00e1ln\u00edch konfliktech, vys\u00edl\u00e1 vojensk\u00e1 plavidla a letadla do asijsko-pacifick\u00e9ho regionu s c\u00edlem vyvolat nap\u011bt\u00ed a vyzbrojuje Tchaj-wan s c\u00edlem ohrozit m\u00edr a stabilitu v Tchajwansk\u00e9 \u00fa\u017ein\u011b.<\/p>\n<p>Tyto protipr\u00e1vn\u00ed kroky, kter\u00e9 naru\u0161uj\u00ed mezin\u00e1rodn\u00ed po\u0159\u00e1dek a po\u0161kozuj\u00ed m\u00edr a bezpe\u010dnost, jsou st\u00e1le v\u00edce opovrhov\u00e1ny a odm\u00edt\u00e1ny silami dobra ve sv\u011bt\u011b.\u00a0<strong>Skupina G7 ji\u017e nen\u00ed na spr\u00e1vn\u00e9 cest\u011b oboustrann\u011b v\u00fdhodn\u00e9 spolupr\u00e1ce.<\/strong>\u00a0V posledn\u00edch letech USA opakovan\u011b p\u0159ekra\u010duj\u00ed pojem n\u00e1rodn\u00ed bezpe\u010dnosti a zneu\u017e\u00edvaj\u00ed opat\u0159en\u00ed pro kontrolu v\u00fdvozu, zav\u00e1d\u011bly jednostrann\u00e9 sankce, tvrd\u011b pron\u00e1sledovaly \u010d\u00ednsk\u00e9 spole\u010dnosti a povzbuzovaly sv\u00e9 spojence ke stejn\u00fdm chybn\u00fdm krok\u016fm.<\/p>\n<p>To v\u00e1\u017en\u011b poru\u0161uje z\u00e1sady tr\u017en\u00edho hospod\u00e1\u0159stv\u00ed a spravedliv\u00e9 hospod\u00e1\u0159sk\u00e9 sout\u011b\u017ee a naru\u0161uje mezin\u00e1rodn\u00ed hospod\u00e1\u0159sk\u00fd a obchodn\u00ed \u0159\u00e1d. Tvrzen\u00ed G7 o \u201cnadm\u011brn\u00e9 \u010d\u00ednsk\u00e9 kapacit\u011b\u201d nen\u00ed podlo\u017eeno fakty ani ekonomick\u00fdmi z\u00e1kony. Je to jen z\u00e1minka k protekcionismu a podkop\u00e1v\u00e1 celosv\u011btov\u00e9 \u00fasil\u00ed o ekologick\u00fd a n\u00edzkouhl\u00edkov\u00fd p\u0159echod a spolupr\u00e1ci v oblasti klimatu.\u00a0<strong>G7 je jedin\u00e1 skute\u010dn\u011b zodpov\u011bdn\u00e1 za ekonomick\u00fd n\u00e1tlak, proto\u017ee pokra\u010duje v politizaci a weaponizaci obchodu, co\u017e je zvrat v na\u0161em globalizovan\u00e9m sv\u011bt\u011b<\/strong>, kde jsou z\u00e1jmy zem\u00ed ji\u017e hluboce integrov\u00e1ny. Takov\u00e9 chov\u00e1n\u00ed se nakonec obr\u00e1t\u00ed proti samotn\u00e9 skupin\u011b G7.<\/p>\n<h6><span style=\"font-size: 18pt;\">Glob\u00e1ln\u00ed prediktor p\u0159i\u0161el o kontrolu nad skupinou G7, a proto vytvo\u0159il nov\u00fd projekt BRICS a sjednotil zem\u011b Glob\u00e1ln\u00edho jihu proti Pax Americana<\/span><\/h6>\n<p>Pokud se dob\u0159e pod\u00edv\u00e1me na reakci tiskov\u00e9ho mluv\u010d\u00ed, najednou n\u00e1m dojde, \u017ee nemluv\u00ed ani tak za \u010c\u00ednu, ale za samotnou globalizaci. Zmi\u0148uje p\u016fvodn\u00ed \u00falohu G7, co\u017e byla koordinace globaliza\u010dn\u00edch z\u00e1jm\u016f ve sv\u011bt\u011b, ale organizace byla postupn\u011b unesena americk\u00fdm n\u00e1rodn\u00edm prediktorem a jeho vazaly sdru\u017een\u00fdmi v kolektivn\u00edm Z\u00e1padu. Skupina G7 se tak glob\u00e1ln\u00edmu prediktoru odcizila a stala se dokonce nep\u0159\u00edtelem. Glob\u00e1ln\u00ed prediktor proto musel zas\u00e1hnout a vytvo\u0159il nov\u00fd projekt, novou skupinu globalizace, a tou je BRICS.<\/p>\n<figure id=\"attachment_59937\" class=\"wp-caption aligncenter\" style=\"width: 697px;\"><a href=\"https:\/\/aeronet.news\/wp-content\/uploads\/G7_Leaders_Apulia_2024.jpg\"><img decoding=\"async\" loading=\"lazy\" class=\"wp-image-59937 \" src=\"https:\/\/aeronet.news\/wp-content\/uploads\/G7_Leaders_Apulia_2024-1024x614.jpg\" sizes=\"(max-width: 700px) 100vw, 700px\" srcset=\"https:\/\/aeronet.news\/wp-content\/uploads\/G7_Leaders_Apulia_2024-1024x614.jpg 1024w, https:\/\/aeronet.news\/wp-content\/uploads\/G7_Leaders_Apulia_2024-300x180.jpg 300w, https:\/\/aeronet.news\/wp-content\/uploads\/G7_Leaders_Apulia_2024-768x461.jpg 768w, https:\/\/aeronet.news\/wp-content\/uploads\/G7_Leaders_Apulia_2024-700x420.jpg 700w, https:\/\/aeronet.news\/wp-content\/uploads\/G7_Leaders_Apulia_2024-595x357.jpg 595w, https:\/\/aeronet.news\/wp-content\/uploads\/G7_Leaders_Apulia_2024-805x483.jpg 805w, https:\/\/aeronet.news\/wp-content\/uploads\/G7_Leaders_Apulia_2024.jpg 1280w\" alt=\"\" width=\"697\" height=\"418\" \/><\/a><figcaption class=\"wp-caption-text\">P\u0159edstavitel\u00e9 G7 na sch\u016fzce v italsk\u00e9 Apulii<\/figcaption><\/figure>\n<p>Je to n\u00e1hradn\u00ed projekt za skupinu G7, kter\u00e1 se vymkla globalist\u016fm z pod kontroly. Tady je te\u010f t\u0159eba si uv\u011bdomit konceptu\u00e1ln\u00ed tvrdost sou\u010dasn\u00e9ho sv\u011bta. Zem\u011b se dnes d\u011bl\u00ed vlastn\u011b jen na dv\u011b skupiny \u2013 na zem\u011b stoj\u00edc\u00ed na stran\u011b globalizace, a na zem\u011b stoj\u00edc\u00ed na stran\u011b USA a kolektivn\u00edho Z\u00e1padu, tedy na stran\u011b Pax Americana. Pr\u00e1v\u011b proto v Rusku prob\u00edhaj\u00ed stejn\u00e9 procesy jako v \u010c\u00edn\u011b, stejn\u00e1 o\u010dkov\u00e1n\u00ed, stejn\u00e9 pl\u00e1ny na digit\u00e1ln\u00ed m\u011bnu CBDC, stejn\u00e9 procesy ohledn\u011b n\u00e1stroj\u016f migrace a multikulturality. Rusko se prost\u011b stalo \u00fadernou p\u011bst\u00ed globalist\u016f a zem\u00ed tzv. Glob\u00e1ln\u00edho jihu.<\/p>\n<p>Skupina zem\u00ed Pax Americana tvo\u0159\u00ed zem\u011b tzv. Glob\u00e1ln\u00edho severu.\u00a0<strong>Organizace BRICS je zkr\u00e1tka Pl\u00e1n B globalist\u016f pro Nov\u00fd sv\u011btov\u00fd \u0159\u00e1d, kter\u00fd tot\u00e1ln\u011b selhal vzporou americk\u00e9ho n\u00e1rodn\u00edho prediktora<\/strong>, kter\u00fd pro globalisty od konce II. sv. v\u00e1lky d\u011blal \u0161pinav\u00e9 pr\u00e1ce jako sv\u011btov\u00fd policajt globalist\u016f. Jen\u017ee moc USA vzrostla natolik, \u017ee najednou\u00a0<strong><em>globalizace<\/em>\u00a0za\u010dala b\u00fdt zam\u011b\u0148ov\u00e1na za\u00a0<em>amerikanizaci<\/em>\u00a0sv\u011bta<\/strong>. K tomu do\u0161lo po zhroucen\u00ed Sov\u011btsk\u00e9ho svazu. Po\u010d\u00e1tkem 90. let najednou syst\u00e9m Pax Americana byl tak sv\u011btov\u011b v\u0161emocn\u00fd, \u017ee globalizace byla Ameri\u010dany uko\u0159ist\u011bna a p\u0159ivlastn\u011bna jako americk\u00fd n\u00e1stroj, p\u0159esto\u017ee od za\u010d\u00e1tku a\u017e do konce je to\u00a0<em>chucpe<\/em>.<\/p>\n<h6><span style=\"font-size: 18pt;\">Pl\u00e1n B<\/span><\/h6>\n<p>Obrovsk\u00e1 moc Pax Americana vych\u00e1z\u00ed z \u010dinnosti americk\u00e9ho n\u00e1rodn\u00edho prediktora proti z\u00e1jm\u016fm globalist\u016f a samotn\u00e9 globalizace.\u00a0<strong>Globalizace toti\u017e v principu usiluje o moc v ruk\u00e1ch nadn\u00e1rodn\u00edch elit, nikoliv o p\u0159evod moci nad sv\u011btem do rukou jednoho konkr\u00e9tn\u00edho st\u00e1tu.<\/strong>\u00a0A p\u0159esn\u011b k tomu do\u0161lo. Proto globalist\u00e9 za\u010dali realizovat BRICS a pl\u00e1n B. V\u0161echno, co se d\u011bje, je podle pl\u00e1nu. Odpis USA prob\u00edh\u00e1 proto, \u017ee americk\u00fd n\u00e1rodn\u00ed prediktor p\u0159edstavuje hrozbu pro glob\u00e1ln\u00edho prediktora a jeho pl\u00e1ny. A spolek chrom\u00fdch kachen (G7) v\u00ed moc dob\u0159e, \u017ee \u0159ezn\u00edci glob\u00e1ln\u00edho prediktora jim jdou po krku. A logicky tak \u00fato\u010d\u00ed proti nejsiln\u011bj\u0161\u00ed figu\u0159e globalist\u016f, proti \u010c\u00edn\u011b. Tady je \u00fatr\u017eek komunik\u00e9 skupiny G7 t\u00fdkaj\u00edc\u00ed se \u010c\u00edny:<\/p>\n<p>Znovu opakujeme, \u017ee jsme odhodl\u00e1ni usilovat o svobodn\u00fd a otev\u0159en\u00fd Indopacifik, zalo\u017een\u00fd na pr\u00e1vn\u00edm st\u00e1t\u011b, kter\u00fd je inkluzivn\u00ed, prosperuj\u00edc\u00ed a bezpe\u010dn\u00fd, op\u00edraj\u00edc\u00ed se o svrchovanost, \u00fazemn\u00ed celistvost, m\u00edrov\u00e9 \u0159e\u0161en\u00ed spor\u016f, z\u00e1kladn\u00ed svobody a lidsk\u00e1 pr\u00e1va. M\u00edr a stabilita v tomto regionu jsou kl\u00ed\u010dov\u00e9 pro podporu glob\u00e1ln\u00ed prosperity a v\u00fdvoj v n\u011bm m\u016f\u017ee p\u0159\u00edmo ovlivnit glob\u00e1ln\u00ed bezpe\u010dnost. Znovu potvrzujeme na\u0161i neochv\u011bjnou podporu \u00fast\u0159edn\u00edmu postaven\u00ed a jednot\u011b ASEAN a n\u00e1\u0161 z\u00e1vazek podporovat spolupr\u00e1ci v souladu s v\u00fdhledem ASEAN na Indopacifik. Potvrzujeme rovn\u011b\u017e n\u00e1\u0161 z\u00e1m\u011br pracovat na podpo\u0159e priorit tichomo\u0159sk\u00fdch ostrovn\u00edch zem\u00ed, jak jsou formulov\u00e1ny ve Strategii pro modr\u00fd tichomo\u0159sk\u00fd kontinent do roku 2050.<\/p>\n<p>Usilujeme o konstruktivn\u00ed a stabiln\u00ed vztahy s \u010c\u00ednou a uzn\u00e1v\u00e1me v\u00fdznam p\u0159\u00edm\u00e9ho a up\u0159\u00edmn\u00e9ho zapojen\u00ed za \u00fa\u010delem vyj\u00e1d\u0159en\u00ed obav a \u0159e\u0161en\u00ed rozd\u00edl\u016f. Jedn\u00e1me v na\u0161em n\u00e1rodn\u00edm z\u00e1jmu. Vzhledem k roli \u010c\u00edny v mezin\u00e1rodn\u00edm spole\u010denstv\u00ed je pro \u0159e\u0161en\u00ed glob\u00e1ln\u00edch v\u00fdzev nezbytn\u00e1 spolupr\u00e1ce a my se nad\u00e1le anga\u017eujeme v oblastech spole\u010dn\u00e9ho z\u00e1jmu. Vyz\u00fdv\u00e1me \u010c\u00ednu, aby zintenzivnila \u00fasil\u00ed o podporu mezin\u00e1rodn\u00edho m\u00edru a bezpe\u010dnosti a aby s n\u00e1mi spolupracovala na \u0159e\u0161en\u00ed krize v oblasti klimatu, biologick\u00e9 rozmanitosti a zne\u010di\u0161t\u011bn\u00ed,\u00a0<strong>na boji proti nez\u00e1konn\u00e9mu obchodu se syntetick\u00fdmi drogami<\/strong>, na zaji\u0161t\u011bn\u00ed glob\u00e1ln\u00ed makroekonomick\u00e9 stability, na podpo\u0159e glob\u00e1ln\u00ed zdravotn\u00ed bezpe\u010dnosti a na \u0159e\u0161en\u00ed udr\u017eitelnosti dluhu a finan\u010dn\u00edch pot\u0159eb zraniteln\u00fdch zem\u00ed.<\/p>\n<p><a href=\"https:\/\/stranapro.cz\/\"><img decoding=\"async\" loading=\"lazy\" class=\"wp-image-40285 aligncenter\" src=\"http:\/\/www.infokuryr.cz\/n\/wp-content\/uploads\/2023\/11\/11pro-300x79.png\" alt=\"\" width=\"843\" height=\"222\" srcset=\"https:\/\/www.infokuryr.cz\/n\/wp-content\/uploads\/2023\/11\/11pro-300x79.png 300w, https:\/\/www.infokuryr.cz\/n\/wp-content\/uploads\/2023\/11\/11pro.png 363w\" sizes=\"(max-width: 843px) 100vw, 843px\" \/><\/a><\/p>\n<p>Uv\u011bdomujeme si v\u00fdznam \u010c\u00edny v celosv\u011btov\u00e9m obchodu. Jsme odhodl\u00e1ni prosazovat voln\u00fd a spravedliv\u00fd obchod, rovn\u00e9 podm\u00ednky a vyv\u00e1\u017een\u00e9 hospod\u00e1\u0159sk\u00e9 vztahy a z\u00e1rove\u0148 aktualizovat a posilovat mnohostrann\u00fd obchodn\u00ed syst\u00e9m zalo\u017een\u00fd na pravidlech, jeho\u017e j\u00e1drem je WTO. Nesna\u017e\u00edme se \u010c\u00edn\u011b \u0161kodit ani ma\u0159it jej\u00ed hospod\u00e1\u0159sk\u00fd rozvoj, ve skute\u010dnosti by rostouc\u00ed \u010c\u00edna, kter\u00e1 hraje podle mezin\u00e1rodn\u00edch pravidel a norem, byla v celosv\u011btov\u00e9m z\u00e1jmu.<\/p>\n<p>Vyjad\u0159ujeme v\u0161ak znepokojen\u00ed nad p\u0159etrv\u00e1vaj\u00edc\u00edm c\u00edlen\u00edm \u010c\u00edny na pr\u016fmysl a rozs\u00e1hl\u00fdmi netr\u017en\u00edmi politikami a postupy, kter\u00e9 vedou ke glob\u00e1ln\u00edm vedlej\u0161\u00edm \u00fa\u010dink\u016fm,\u00a0<strong>naru\u0161en\u00ed trhu a \u0161kodliv\u00e9 nadm\u011brn\u00e9 kapacit\u011b v rostouc\u00edm po\u010dtu odv\u011btv\u00ed, co\u017e podkop\u00e1v\u00e1 na\u0161e pracovn\u00edky, pr\u016fmyslov\u00e1 odv\u011btv\u00ed a hospod\u00e1\u0159skou odolnost a bezpe\u010dnost.<\/strong>\u00a0Neodd\u011blujeme se ani se neobrac\u00edme dovnit\u0159. V p\u0159\u00edpad\u011b pot\u0159eby a vhodnosti sni\u017eujeme riziko a diverzifikujeme dodavatelsk\u00e9 \u0159et\u011bzce a podporujeme odolnost v\u016f\u010di ekonomick\u00e9mu n\u00e1tlaku. D\u00e1le vyz\u00fdv\u00e1me \u010c\u00ednu, aby se zdr\u017eela p\u0159ij\u00edm\u00e1n\u00ed opat\u0159en\u00ed na kontrolu v\u00fdvozu, zejm\u00e9na kritick\u00fdch nerostn\u00fdch surovin, kter\u00e1 by mohla v\u00e9st k v\u00fdznamn\u00e9mu naru\u0161en\u00ed glob\u00e1ln\u00edho dodavatelsk\u00e9ho \u0159et\u011bzce.<\/p>\n<p>S ohledem na tyto obavy budeme spole\u010dn\u011b s partnery investovat do budov\u00e1n\u00ed na\u0161ich a jejich p\u0159\u00edslu\u0161n\u00fdch pr\u016fmyslov\u00fdch kapacit, podporovat diverzifikovan\u00e9 a odoln\u00e9 dodavatelsk\u00e9 \u0159et\u011bzce a sni\u017eovat kritick\u00e9 z\u00e1vislosti a zranitelnost. Pos\u00edl\u00edme diplomatick\u00e9 \u00fasil\u00ed a mezin\u00e1rodn\u00ed spolupr\u00e1ci, v\u010detn\u011b v r\u00e1mci WTO, abychom podpo\u0159ili spravedliv\u00e9 postupy a vybudovali odolnost v\u016f\u010di ekonomick\u00e9mu n\u00e1tlaku. Podle pot\u0159eby a pot\u0159eby budeme nad\u00e1le p\u0159ij\u00edmat opat\u0159en\u00ed na ochranu na\u0161ich pracovn\u00edk\u016f a podnik\u016f p\u0159ed nekal\u00fdmi praktikami, na vyrovn\u00e1n\u00ed podm\u00ednek a n\u00e1pravu prob\u00edhaj\u00edc\u00edch \u0161kod.<\/p>\n<p>Vyz\u00fdv\u00e1me \u010c\u00ednu, aby dodr\u017eovala sv\u016fj z\u00e1vazek jednat v kyberprostoru odpov\u011bdn\u011b.\u00a0<strong>Budeme pokra\u010dovat v \u00fasil\u00ed o naru\u0161en\u00ed a odvr\u00e1cen\u00ed p\u0159etrv\u00e1vaj\u00edc\u00ed \u0161kodliv\u00e9 kybernetick\u00e9 \u010dinnosti poch\u00e1zej\u00edc\u00ed z \u010c\u00edny, kter\u00e1 ohro\u017euje bezpe\u010dnost a soukrom\u00ed na\u0161ich ob\u010dan\u016f<\/strong>, podkop\u00e1v\u00e1 inovace a ohro\u017euje na\u0161i kritickou infrastrukturu. Uzn\u00e1v\u00e1me nutnost chr\u00e1nit n\u011bkter\u00e9 vysp\u011bl\u00e9 technologie, kter\u00e9 mohou b\u00fdt zneu\u017eity k ohro\u017een\u00ed na\u0161\u00ed n\u00e1rodn\u00ed bezpe\u010dnosti, ani\u017e by do\u0161lo k nep\u0159im\u011b\u0159en\u00e9mu omezen\u00ed obchodu a investic.<\/p>\n<p>Znovu potvrzujeme, \u017ee zachov\u00e1n\u00ed m\u00edru a stability v Tchajwansk\u00e9 \u00fa\u017ein\u011b je nezbytn\u00e9 pro mezin\u00e1rodn\u00ed bezpe\u010dnost a prosperitu. Podporujeme smysluplnou \u00fa\u010dast Tchaj-wanu v mezin\u00e1rodn\u00edch organizac\u00edch, v\u010detn\u011b Sv\u011btov\u00e9ho zdravotnick\u00e9ho shrom\u00e1\u017ed\u011bn\u00ed a technick\u00fdch zased\u00e1n\u00ed WHO, jako \u010dlena tam, kde nen\u00ed podm\u00ednkou st\u00e1tnost, a jako pozorovatele nebo hosta tam, kde podm\u00ednkou je. Na z\u00e1kladn\u00edch postoj\u00edch \u010dlen\u016f skupiny G7 k Tchaj-wanu, v\u010detn\u011b deklarovan\u00e9 politiky jedn\u00e9 \u010c\u00edny, se nic nem\u011bn\u00ed. Vyz\u00fdv\u00e1me k m\u00edrov\u00e9mu \u0159e\u0161en\u00ed ot\u00e1zek nap\u0159\u00ed\u010d Tchaj-wanem.<\/p>\n<p>Jsme i nad\u00e1le v\u00e1\u017en\u011b znepokojeni situac\u00ed ve V\u00fdchodo\u010d\u00ednsk\u00e9m a Jiho\u010d\u00ednsk\u00e9m mo\u0159i a znovu opakujeme sv\u016fj d\u016frazn\u00fd nesouhlas s jak\u00fdmkoli jednostrann\u00fdm pokusem zm\u011bnit status quo silou nebo n\u00e1tlakem. Nad\u00e1le se stav\u00edme proti nebezpe\u010dn\u00e9mu vyu\u017e\u00edv\u00e1n\u00ed pob\u0159e\u017en\u00ed str\u00e1\u017ee a n\u00e1mo\u0159n\u00edch milic\u00ed \u010c\u00ednou v Jiho\u010d\u00ednsk\u00e9m mo\u0159i a proti opakovan\u00e9mu br\u00e1n\u011bn\u00ed svobod\u011b plavby na voln\u00e9m mo\u0159i jednotliv\u00fdch zem\u00ed. Vyjad\u0159ujeme v\u00e1\u017en\u00e9 znepokojen\u00ed nad st\u00e1le \u010dast\u011bj\u0161\u00edm pou\u017e\u00edv\u00e1n\u00edm nebezpe\u010dn\u00fdch man\u00e9vr\u016f a vodn\u00edch d\u011bl proti filip\u00ednsk\u00fdm plavidl\u016fm.<\/p>\n<p>V t\u00e9to souvislosti znovu potvrzujeme, \u017ee pro expanzivn\u00ed n\u00e1mo\u0159n\u00ed n\u00e1roky \u010c\u00edny v Jiho\u010d\u00ednsk\u00e9m mo\u0159i neexistuje \u017e\u00e1dn\u00fd pr\u00e1vn\u00ed z\u00e1klad, a stav\u00edme se proti militarizaci a n\u00e1tlakov\u00fdm a zastra\u0161ovac\u00edm aktivit\u00e1m \u010c\u00edny v Jiho\u010d\u00ednsk\u00e9m mo\u0159i. Znovu zd\u016fraz\u0148ujeme univerz\u00e1ln\u00ed a jednotnou povahu \u00damluvy OSN o mo\u0159sk\u00e9m pr\u00e1vu (UNCLOS) a znovu potvrzujeme d\u016fle\u017eitou \u00falohu UNCLOS p\u0159i stanoven\u00ed pr\u00e1vn\u00edho r\u00e1mce, kter\u00fd upravuje ve\u0161ker\u00e9 \u010dinnosti v oce\u00e1nech a mo\u0159\u00edch. Znovu zd\u016fraz\u0148ujeme, \u017ee n\u00e1lez vydan\u00fd rozhod\u010d\u00edm tribun\u00e1lem dne 12. \u010dervence 2016 je v\u00fdznamn\u00fdm miln\u00edkem, kter\u00fd je pro strany tohoto \u0159\u00edzen\u00ed pr\u00e1vn\u011b z\u00e1vazn\u00fd, a u\u017eite\u010dn\u00fdm z\u00e1kladem pro m\u00edrov\u00e9 \u0159e\u0161en\u00ed spor\u016f mezi stranami.<\/p>\n<p>Vyjad\u0159ujeme hlubok\u00e9 znepokojen\u00ed nad t\u00edm, \u017ee \u010c\u00ednsk\u00e1 lidov\u00e1 republika podporuje Rusko.\u00a0<strong>Vyz\u00fdv\u00e1me \u010c\u00ednu, aby nal\u00e9hala na Rusko, aby zastavilo svou vojenskou agresi a okam\u017eit\u011b, zcela a bezpodm\u00edne\u010dn\u011b st\u00e1hlo sv\u00e1 vojska z Ukrajiny.<\/strong>\u00a0Vyz\u00fdv\u00e1me \u010c\u00ednu, aby podporovala komplexn\u00ed, spravedliv\u00fd a trval\u00fd m\u00edr zalo\u017een\u00fd na \u00fazemn\u00ed celistvosti a z\u00e1sad\u00e1ch a c\u00edlech Charty OSN, a to i prost\u0159ednictv\u00edm p\u0159\u00edm\u00e9ho dialogu s Ukrajinou. Pokra\u010duj\u00edc\u00ed podpora \u010c\u00edny rusk\u00e9 obrann\u00e9 pr\u016fmyslov\u00e9 z\u00e1kladn\u011b umo\u017e\u0148uje Rusku udr\u017eovat nez\u00e1konnou v\u00e1lku na Ukrajin\u011b a m\u00e1 v\u00fdznamn\u00e9 a rozs\u00e1hl\u00e9 bezpe\u010dnostn\u00ed d\u016fsledky. Vyz\u00fdv\u00e1me \u010c\u00ednu, aby zastavila transfer materi\u00e1l\u016f dvoj\u00edho u\u017eit\u00ed, v\u010detn\u011b zbrojn\u00edch komponent\u016f a vybaven\u00ed, kter\u00e9 jsou vstupy pro rusk\u00fd obrann\u00fd sektor.<\/p>\n<p>Jsme nad\u00e1le znepokojeni situac\u00ed v oblasti lidsk\u00fdch pr\u00e1v v \u010c\u00edn\u011b, v\u010detn\u011b Tibetu a Sin-\u0165iangu, kde n\u00e1s velmi znepokojuje nucen\u00e1 pr\u00e1ce. Jsme rovn\u011b\u017e znepokojeni z\u00e1sahy \u010c\u00edny proti autonomii Hongkongu, nez\u00e1visl\u00fdm instituc\u00edm a ob\u010dansk\u00e9 spole\u010dnosti a pokra\u010duj\u00edc\u00edm omezov\u00e1n\u00edm pr\u00e1v a svobod, v\u010detn\u011b ned\u00e1vn\u00e9ho\u00a0<strong>p\u0159ijet\u00ed pr\u00e1vn\u00edch p\u0159edpis\u016f podle \u010dl\u00e1nku 23 z\u00e1kladn\u00edho z\u00e1kona, kter\u00fd obsahuje \u0161irok\u00e1 a v\u00e1gn\u011b definovan\u00e1 ustanoven\u00ed t\u00fdkaj\u00edc\u00ed se \u201c<em>pobu\u0159ov\u00e1n\u00ed<\/em>\u201c, \u201c<em>st\u00e1tn\u00edho tajemstv\u00ed<\/em>\u201d a interakc\u00ed se zahrani\u010dn\u00edmi subjekty.<\/strong>\u00a0Vyjad\u0159ujeme znepokojen\u00ed nad pou\u017e\u00edv\u00e1n\u00edm t\u011bchto z\u00e1kon\u016f k uml\u010dov\u00e1n\u00ed disentu v Hongkongu i v zahrani\u010d\u00ed, v\u010detn\u011b politicky motivovan\u00e9ho st\u00edh\u00e1n\u00ed. Tento v\u00fdvoj zt\u00ed\u017e\u00ed \u017eivot, pr\u00e1ci a podnik\u00e1n\u00ed v Hongkongu.<\/p>\n<p>Vyz\u00fdv\u00e1me \u010c\u00ednu, aby neprov\u00e1d\u011bla ani neschvalovala \u010dinnosti zam\u011b\u0159en\u00e9 na podkop\u00e1v\u00e1n\u00ed bezpe\u010dnosti a ochrany na\u0161ich komunit a integrity na\u0161ich demokratick\u00fdch instituc\u00ed a aby jednala v p\u0159\u00edsn\u00e9m souladu se sv\u00fdmi z\u00e1vazky podle V\u00edde\u0148sk\u00e9 \u00famluvy o diplomatick\u00fdch styc\u00edch a V\u00edde\u0148sk\u00e9 \u00famluvy o konzul\u00e1rn\u00edch styc\u00edch.<\/p>\n<h6><span style=\"font-size: 18pt;\">Marxismus naroubovan\u00fd na Davis\u016fv kapitalismus \u2013 To je \u010c\u00edna!<\/span><\/h6>\n<p>Sch\u016fzka G7 v Apulii se tak krom\u011b Ruska soust\u0159edila a\u017e nezvykle siln\u011b na \u010c\u00ednu, p\u0159i\u010dem\u017e jde o jasn\u011b konceptu\u00e1ln\u00ed v\u00e1lku, proto\u017ee jak zazn\u011blo v reakci Lin \u0164iena, v dne\u0161n\u00ed dob\u011b ani 7 zem\u00ed G7 nedosahuje ji\u017e ekonomick\u00e9ho v\u00fdkony \u010c\u00edny, p\u0159i\u010dem\u017e agregovan\u00e1 kupn\u00ed s\u00edla skupiny zem\u00ed BRICS daleko p\u0159evy\u0161uje s\u00edlu zem\u00ed skupiny G7. Peking samoz\u0159ejm\u011b des\u00edtky let le\u017eel v jedn\u00e9 posteli s Ameri\u010dany a s B\u00edl\u00fdm domem, jen\u017ee ty doby Henryho Kissingera jsou d\u00e1vno pry\u010d a l\u00edb\u00e1nky skon\u010dily ve chv\u00edli, kdy \u010c\u00edna se ekonomicky rozvinula tak, \u017ee cht\u011bla sv\u016fj pod\u00edl na sv\u011btov\u00e9 moci, co\u017e kolektivn\u00ed Z\u00e1pad necht\u011bl p\u0159ipustit.<\/p>\n<figure id=\"attachment_52073\" class=\"wp-caption aligncenter\" style=\"width: 696px;\"><a href=\"https:\/\/aeronet.news\/wp-content\/uploads\/Kissinger_Mao.jpg\"><img decoding=\"async\" loading=\"lazy\" class=\"wp-image-52073 \" src=\"https:\/\/aeronet.news\/wp-content\/uploads\/Kissinger_Mao-1024x716.jpg\" sizes=\"(max-width: 700px) 100vw, 700px\" srcset=\"https:\/\/aeronet.news\/wp-content\/uploads\/Kissinger_Mao-1024x716.jpg 1024w, https:\/\/aeronet.news\/wp-content\/uploads\/Kissinger_Mao-300x210.jpg 300w, https:\/\/aeronet.news\/wp-content\/uploads\/Kissinger_Mao-768x537.jpg 768w, https:\/\/aeronet.news\/wp-content\/uploads\/Kissinger_Mao-700x489.jpg 700w, https:\/\/aeronet.news\/wp-content\/uploads\/Kissinger_Mao-511x357.jpg 511w, https:\/\/aeronet.news\/wp-content\/uploads\/Kissinger_Mao-691x483.jpg 691w, https:\/\/aeronet.news\/wp-content\/uploads\/Kissinger_Mao.jpg 1280w\" alt=\"\" width=\"696\" height=\"486\" \/><\/a><figcaption class=\"wp-caption-text\">Henry Kissinger s \u010d\u00ednsk\u00fdm gener\u00e1ln\u00edm tajemn\u00edkem Mao Tse-Tungem. Tady to v\u0161e za\u010dalo, l\u00edb\u00e1nky s Ameri\u010dany<\/figcaption><\/figure>\n<p>A to z \u010dist\u011b ideov\u00e9ho a ideologick\u00e9ho d\u016fvodu, proto\u017ee \u010c\u00edna je komunistick\u00e1 zem\u011b a p\u0159ipustit \u010c\u00ednu ke sv\u011btov\u00e9 moci by znamenalo p\u0159iznat v\u00edt\u011bzstv\u00ed marxismu-leninismu naroubovan\u00e9ho na tvrd\u00fd Davis\u016fv kapitalismus, p\u0159i\u010dem\u017e ani jedno z toho pro dne\u0161n\u00ed kolektivn\u00ed Z\u00e1pad nen\u00ed p\u0159ijateln\u00e9 a maj\u00ed z toho osypky. Dne\u0161n\u00ed kolektivn\u00ed z\u00e1pad uct\u00edv\u00e1 modlu progresivn\u00edho liberalismu op\u0159en\u00e9ho o neomarxismus, kter\u00fd s p\u016fvodn\u00edm marxismem m\u00e1 podobn\u00e9 pouze jm\u00e9no.\u00a0<strong>Neomarxismus je toti\u017e politick\u00fd syst\u00e9m zalo\u017een\u00fd na rasov\u00e9, genderov\u00e9 a soci\u00e1ln\u00ed rovnosti, co\u017e je v p\u0159\u00edkr\u00e9m rozporu s marxismem, kde ve\u0161kerou moc m\u011bla dr\u017eet d\u011blnick\u00e1 t\u0159\u00edda.<\/strong>\u00a0To je doslova blasfemie z pohledu Marxe.<\/p>\n<h6><span style=\"font-size: 18pt;\">Globalist\u00e9 si cht\u011bj\u00ed vz\u00edt zp\u00e1tky od USA kontrolu nad globalizac\u00ed<\/span><\/h6>\n<p>V\u011bt\u0161ina dne\u0161n\u00ed liber\u00e1l\u016f op\u0159en\u00fdch o neomarxismus nikdy za pr\u00e1ci rukama nevzala, sta\u010d\u00ed se pod\u00edvat na ty r\u016fzn\u00e9 p\u0159edsedy liber\u00e1ln\u00edch a progresivn\u00edch stran, na r\u016fzn\u00e9 ministry zahrani\u010d\u00ed, kter\u00fdm te\u010de ml\u00e9ko po brad\u011b, na r\u016fzn\u00e9 bezd\u011btn\u00e9 ministryn\u011b obran atd. Marx by se z toho musel pozvracet. Prost\u011b p\u0159izvat \u010c\u00ednu do klubu z\u00e1padn\u00edch velk\u00fdch kluk\u016f by bylo pro liberalisty nep\u0159ijateln\u00e9.<\/p>\n<p>A proto \u010c\u00edna za\u010dala b\u00fdt po n\u00e1stupu Donalda Trumpa zadr\u017eov\u00e1na, sankcionov\u00e1na a ve skute\u010dnosti nejde o blokaci \u010c\u00edny, ale o blokaci glob\u00e1ln\u00edho prediktora, kter\u00fd jde po krku Ameri\u010dan\u016fm, kte\u0159\u00ed unesli projekt globalizace do rukou americk\u00e9ho n\u00e1rodn\u00edho prediktora, postupn\u011b, nen\u00e1padn\u011b, ale vytrvale po II. sv\u011btov\u00e9 v\u00e1lce.<\/p>\n<figure id=\"attachment_20636\" class=\"wp-caption aligncenter\" style=\"width: 698px;\"><a href=\"https:\/\/aeronet.news\/wp-content\/uploads\/trump-kissinger-a-akil-danisacak-2167902.jpeg\"><img decoding=\"async\" loading=\"lazy\" class=\"wp-image-20636\" src=\"https:\/\/aeronet.news\/wp-content\/uploads\/trump-kissinger-a-akil-danisacak-2167902.jpeg\" sizes=\"(max-width: 700px) 100vw, 700px\" srcset=\"https:\/\/aeronet.news\/wp-content\/uploads\/trump-kissinger-a-akil-danisacak-2167902.jpeg 598w, https:\/\/aeronet.news\/wp-content\/uploads\/trump-kissinger-a-akil-danisacak-2167902-300x182.jpeg 300w, https:\/\/aeronet.news\/wp-content\/uploads\/trump-kissinger-a-akil-danisacak-2167902-590x357.jpeg 590w\" alt=\"\" width=\"698\" height=\"423\" \/><\/a><figcaption class=\"wp-caption-text\">Trump v roce 2019 za\u010dal destrukci vztah\u016f s \u010c\u00ednou, kter\u00e9 p\u0159ed v\u00edce jak 50 lety vytvo\u0159il Henry Kissinger<\/figcaption><\/figure>\n<p><strong>A globalist\u00e9 si to dnes cht\u011bj\u00ed vz\u00edt zp\u011bt<\/strong>. A jsou p\u0159ipraven\u00ed rozbourat kv\u016fli tomu USA i s Ameri\u010dany sp\u0159\u00e1hnutou Evropou. A t\u0159eba i ve v\u00e1lce, a t\u0159eba i v jadern\u00e9, pokud to bude t\u0159eba. Ta Evropa je toti\u017e skoro cel\u00e1 kolektivistick\u00e1 a na stran\u011b americk\u00e9ho n\u00e1rodn\u00edho prediktora. Zni\u010den\u00ed nebo jen \u201c<em>pocuch\u00e1n\u00ed<\/em>\u201d Evropy tak globalist\u016fm nebude vadit. Ameri\u010dan\u00e9 se toti\u017e dotkli n\u011b\u010deho, \u010deho nem\u011bli \u2013 glob\u00e1ln\u00edch proces\u016f \u0159\u00edzen\u00ed. Prost\u011b si je p\u0159ivlastnili. Arm\u00e1da glob\u00e1ln\u00edho jihu je p\u0159ipravena. Cel\u00fdch 90% populace planety. Jak dlouho vydr\u017e\u00ed vl\u00e1da chrom\u00fdch kachen skupiny G7 nad globalizovan\u00fdm sv\u011btem?<\/p>\n<p>U\u017e \u017e\u00e1dn\u00e1 nen\u00ed! Ty kachny u\u017e nevel\u00ed ani zem\u00edm v Africe, kter\u00e9 se postupn\u011b vzbou\u0159ily a vyhnaly Ameri\u010dany a Francouze ze zem\u00ed Sahelu. Vel\u00ed u\u017e jenom vazalsk\u00fdm st\u00e1t\u016fm v Evrop\u011b a v Pobalt\u00ed. Takov\u00e1 je realita. To ale neznamen\u00e1, \u017ee ty kachny u\u017e nejsou nebezpe\u010dn\u00e9. To by byl omyl. Ty kachny usiluj\u00ed o Armageddon. Kdy\u017e ne oni v \u010dele sv\u011btov\u00e9 moci, tak potom nikdo! Jejich \u0161\u00edlenstv\u00ed m\u00e1 toti\u017e mnoho podob, ale ob\u011bt\u00ed toho \u0161\u00edlenstv\u00ed budou jen oby\u010dejn\u00ed lid\u00e9 n\u00e1rod\u016f Evropy.<\/p>\n<p><a href=\"https:\/\/aeronet.news\/ve-stinu-konference-ve-svycarsku-probehl-v-tichosti-summit-spolku-chromych-kachen-g7-v-italske-apulii-a-vyplodily-rovnez-komunike-ale-proti-cine-pamflet-na-zvraceni-reakce-pekingu-prisla-okamzite\/\">-VK- \u0160\u00e9fredaktor AE News<\/a><\/p>\n<p>&nbsp;<\/p>\n","protected":false},"excerpt":{"rendered":"<p>Ve st\u00ednu konference ve \u0160v\u00fdcarsku prob\u011bhl v tichosti summit spolku chrom\u00fdch kachen (G7) v italsk\u00e9&#8230;<\/p>\n","protected":false},"author":2,"featured_media":56065,"comment_status":"closed","ping_status":"closed","sticky":false,"template":"","format":"standard","meta":[],"categories":[6],"tags":[1042,30,323,279],"_links":{"self":[{"href":"https:\/\/www.infokuryr.cz\/n\/wp-json\/wp\/v2\/posts\/56064"}],"collection":[{"href":"https:\/\/www.infokuryr.cz\/n\/wp-json\/wp\/v2\/posts"}],"about":[{"href":"https:\/\/www.infokuryr.cz\/n\/wp-json\/wp\/v2\/types\/post"}],"author":[{"embeddable":true,"href":"https:\/\/www.infokuryr.cz\/n\/wp-json\/wp\/v2\/users\/2"}],"replies":[{"embeddable":true,"href":"https:\/\/www.infokuryr.cz\/n\/wp-json\/wp\/v2\/comments?post=56064"}],"version-history":[{"count":0,"href":"https:\/\/www.infokuryr.cz\/n\/wp-json\/wp\/v2\/posts\/56064\/revisions"}],"wp:featuredmedia":[{"embeddable":true,"href":"https:\/\/www.infokuryr.cz\/n\/wp-json\/wp\/v2\/media\/56065"}],"wp:attachment":[{"href":"https:\/\/www.infokuryr.cz\/n\/wp-json\/wp\/v2\/media?parent=56064"}],"wp:term":[{"taxonomy":"category","embeddable":true,"href":"https:\/\/www.infokuryr.cz\/n\/wp-json\/wp\/v2\/categories?post=56064"},{"taxonomy":"post_tag","embeddable":true,"href":"https:\/\/www.infokuryr.cz\/n\/wp-json\/wp\/v2\/tags?post=56064"}],"curies":[{"name":"wp","href":"https:\/\/api.w.org\/{rel}","templated":true}]}}