{"id":56059,"date":"2024-06-20T00:45:10","date_gmt":"2024-06-19T22:45:10","guid":{"rendered":"https:\/\/www.infokuryr.cz\/n\/?p=56059"},"modified":"2024-06-20T03:56:21","modified_gmt":"2024-06-20T01:56:21","slug":"jane-kaufman-jeste-nikdy-nebyla-3-svetova-valka-tak-blizko-jako-ted","status":"publish","type":"post","link":"https:\/\/www.infokuryr.cz\/n\/2024\/06\/20\/jane-kaufman-jeste-nikdy-nebyla-3-svetova-valka-tak-blizko-jako-ted\/","title":{"rendered":"Jane Kaufman: Je\u0161t\u011b nikdy nebyla 3. sv\u011btov\u00e1 v\u00e1lka tak bl\u00edzko, jako te\u010f"},"content":{"rendered":"<div id=\"fb-root\"><\/div>\n<p>Ukrajinsk\u00e1 anal\u00fdza<a href=\"#_edn1\" name=\"_ednref1\">[1]<\/a> sou\u010dasn\u00e9 situace potvrdila, \u017ee rusk\u00e1 arm\u00e1da neust\u00e1le postupuje a vyhr\u00e1v\u00e1 na v\u0161ech front\u00e1ch. Ukrajinsk\u00e9 ztr\u00e1ty na \u017eivotech jsou p\u0159\u00edmo hroziv\u00e9, mezi 1800 a\u017e 2000 lidsk\u00fdch \u017eivot\u016f denn\u011b. N\u011bco takov\u00e9ho si nem\u016f\u017ee \u017e\u00e1dn\u00e1 arm\u00e1da dovolit.<\/p>\n<p>Rusov\u00e9 pr\u00e1v\u011b dob\u00fdvaj\u00ed \u010darovjarsko, ale tak\u00e9 novopokrovskou\u00a0 a jasnobrodivskou oblast na z\u00e1pad od Don\u011bcka, v\u010detn\u011b Avdijivky na severu. V\u00a0Kupjansku, nedaleko od Charkova dob\u00fdvaj\u00ed Ol\u0161any a Krachmalnoje. Ukrajinci p\u0159izn\u00e1vaj\u00ed, \u017ee Rusov\u00e9 postupuj\u00ed neust\u00e1le kup\u0159edu a dob\u00fdvaj\u00ed jedno m\u00edsto za druh\u00fdm.<\/p>\n<p>Podle rusk\u00e9ho Ministerstva obrany, v\u00a0okol\u00ed Charkova se arm\u00e1da prob\u00edj\u00ed ukrajinsk\u00fdmi obrann\u00fdmi slo\u017ekami, kter\u00e9 por\u00e1\u017e\u00ed a rozpra\u0161uje. Ni\u010d\u00ed jejich za\u0159\u00edzen\u00ed a jak ji\u017e ps\u00e1no, ztr\u00e1ty na \u017eivotech jsou obrovsk\u00e9. P\u0159esn\u00fd popis, mapky a kr\u00e1tk\u00e1 videa jsou na str\u00e1nce.<\/p>\n<p>A to je p\u0159esn\u011b to, co Z\u00e1pad v\u00a0\u017e\u00e1dn\u00e9m p\u0159\u00edpad\u011b nechce.<\/p>\n<p>Jak \u0159\u00edk\u00e1<a href=\"#_edn2\" name=\"_ednref2\">[2]<\/a> zn\u00e1m\u00fd a v\u00e1\u017een\u00fd politick\u00fd znalec, profesor John Mearsheimer, zna\u010dn\u00e9 mno\u017estv\u00ed \u010dlen\u016f americk\u00e9 vl\u00e1dy st\u00e1le jaksi v\u011b\u0159\u00ed, \u017ee Ukrajinci dok\u00e1\u017eou situaci stabilizovat a s\u00a0pomoc\u00ed z\u00e1padn\u00edch zbran\u00ed budou schopni ruskou arm\u00e1du porazit. Ale to nen\u00ed ten p\u0159\u00edpad. Jejich situace je beznad\u011bjn\u00e1 a Ukrajinci nejsou schopni v\u00e1lku vyhr\u00e1t.<\/p>\n<p>Postupem \u010dasu bude muset Ukrajina pochopit, \u017ee maj\u00ed ne\u00fanosn\u00e9 ztr\u00e1ty jak \u00fazemn\u00ed, tak na \u017eivotech a v\u0161ichni budou muset uznat, \u017ee Rusko opravdu vyhr\u00e1v\u00e1. To bude samoz\u0159ejm\u011b znamenat por\u00e1\u017eku NATO, Spojen\u00fdch st\u00e1t\u016f a cel\u00e9ho Z\u00e1padu. A n\u011bco takov\u00e9ho budou tito nabub\u0159el\u00ed mluvkov\u00e9 ve sv\u00fdch hlav\u00e1ch a p\u0159ed sv\u00fdm lidem t\u011b\u017eko zpracov\u00e1vat.<\/p>\n<p>Americk\u00fd president Joe Biden nutn\u011b pot\u0159ebuje podstatn\u00e9 v\u00fdhry a zlep\u0161en\u00ed situace ve prosp\u011bch Ukrajiny. Pot\u0159ebuje to kv\u016fli volb\u00e1m, proto\u017ee z\u0159ejm\u011b st\u00e1le douf\u00e1, \u017ee i p\u0159es zjevnou senilitu se dok\u00e1\u017ee v\u00a0presidentsk\u00e9m k\u0159esle udr\u017eet. Jen\u017ee ani kdyby vyhr\u00e1l Trump, tak to nezaru\u010duje konec ukrajinsk\u00e9ho konfliktu, \u0159\u00edk\u00e1 profesor. I Trump bude muset bojovat se zahrani\u010dn\u00edmi specialisty, kte\u0159\u00ed ho v\u00a0jeho prvn\u00edm presidentsk\u00e9m obdob\u00ed sr\u00e1\u017eeli kde mohli.<\/p>\n<p>A i kdyby se Trump vynasna\u017eil ze v\u0161ech sil, aby zni\u010dil NATO, nen\u00ed jist\u00e9, jestli dok\u00e1\u017ee v\u00e1lku ukon\u010dit. Rusk\u00fd president Vladim\u00edr Putin mu toti\u017e nebude v\u011b\u0159it o nic v\u00edc, ne\u017e v\u011b\u0159\u00ed Bidenovi. Z\u00e1pad Putina zklamal a obelhal p\u0159\u00edli\u0161 mnohokr\u00e1t a to se nezapom\u00edn\u00e1.<\/p>\n<p><span style=\"font-size: 18pt;\"><strong>NATO tu\u0161\u00ed co p\u0159ijde<\/strong><\/span><\/p>\n<p>NATO si je v\u011bdomo<a href=\"#_edn3\" name=\"_ednref3\">[3]<\/a>, \u017ee jeho por\u00e1\u017eka je nevyhnuteln\u00e1 a sna\u017e\u00ed se zachr\u00e1nit situaci jak jen m\u016f\u017ee. S\u00a0neutuchaj\u00edc\u00ed d\u016fv\u011brou st\u00e1le doufaj\u00ed, \u017ee se jim poda\u0159\u00ed Rusko porazit a jsou ochotni k\u00a0tomu pou\u017e\u00edt i jadern\u00e9 zbran\u011b. P\u0159inejmen\u0161\u00edm 300 000 jejich voj\u00e1k\u016f je ji\u017e p\u0159ipraveno na v\u00e1lku s\u00a0Ruskem, kter\u00e1 m\u00e1 vypuknout n\u011bkdy b\u011bhem dal\u0161\u00edch 30 dn\u016f, jak \u0159\u00edkaj\u00ed.<\/p>\n<p>\u010clensk\u00e9 st\u00e1ty p\u0159edstihovaly jeden druh\u00fd, jak dod\u00e1vali na Ukrajinu zbran\u011b a souhlasili, aby jejich dalekonosn\u00e9 st\u0159ely zasahovaly rusk\u00e9 \u00fazem\u00ed. Holandsko a D\u00e1nsko jim dokonce cht\u011bj\u00ed doru\u010dit F-16 st\u00edha\u010dky, k\u00a0\u010demu\u017e se Rusov\u00e9 vyj\u00e1d\u0159ili velice nesouhlasn\u011b. To proto, \u017ee F-16 mohou n\u00e9st i jadern\u00e9 st\u0159ely. Z\u00a0toho d\u016fvodu se Ukrajinci rozhodli parkovat st\u00edha\u010dky mimo \u00fazem\u00ed Ukrajiny, ale Rusov\u00e9 prohl\u00e1sili, \u017ee je zbombarduj\u00ed i tam. N\u011bco takov\u00e9ho je ale velice nebezpe\u010dn\u00e9. To by taky mohl b\u00fdt za\u010d\u00e1tek 3. sv\u011btov\u00e9 v\u00e1lky!<\/p>\n<p><span style=\"font-size: 18pt;\"><strong>P\u0159\u00edm\u011b\u0159\u00ed?<\/strong><\/span><\/p>\n<p>President<a href=\"#_edn4\" name=\"_ednref4\">[4]<\/a> Putin nab\u00eddl Ukrajinc\u016fm p\u0159\u00edm\u011b\u0159\u00ed, ale jako poka\u017ed\u00e9, byl odm\u00edtnut. S\u00a0nejv\u011bt\u0161\u00ed pravd\u011bpodobnost\u00ed se nez\u00e1konn\u00fd ukrajinsk\u00fd president Zelensk\u00fd ob\u00e1val, \u017ee s\u00a0p\u0159\u00edm\u011b\u0159\u00edm by byl konec jeho presidentov\u00e1n\u00ed a rad\u011bji nad\u00e1le prol\u00e9v\u00e1 krev sv\u00fdch lid\u00ed na boji\u0161ti, ne\u017e by ustoupil.<\/p>\n<p>Zelensk\u00fd stejn\u011b u\u017e nem\u00e1 co rozkazovat a rozhodovat, proto\u017ee od 21. kv\u011btna se dr\u017e\u00ed v\u00a0pozici presidenta Ukrajiny nez\u00e1konn\u011b. Vylo\u017eil na to, aby se udr\u017eel, ve\u0161kerou snahu jak\u00e9 byl schopen a dokonce i zak\u00e1zal nov\u00e9 volby \u2013 pr\u00fd v\u00a0dob\u00e1ch v\u00e1lky na to nen\u00ed \u010das.<\/p>\n<p>Zato na<a href=\"#_edn5\" name=\"_ednref5\">[5]<\/a> LGBT oslavnou demonstraci v\u00a0Kyjev\u011b, kter\u00e1 se konala tento t\u00fdden, \u010das byl. Cel\u00fd \u010derven zasv\u011btili Ukrajinci homosexu\u00e1l\u016fm a lesb\u00e1m a p\u0159esto, \u017ee o demonstraci valn\u00fd z\u00e1jem nebyl, p\u0159esto ji lidem vnutili. Pod ochranou policie se v\u00a0kyjevsk\u00fdch ulic\u00edch p\u0159edv\u00e1d\u011blo n\u011bkolik stovek LGBT zka\u017eenc\u016f, spolu s\u00a0jejich podporovateli a s\u00a0n\u011bkter\u00fdmi voj\u00e1ky. Tak jako v\u0161ude jinde, po\u017eadovali pro sebe rovnopr\u00e1vnost a potrest\u00e1n\u00ed diskriminace.<\/p>\n<p><a href=\"https:\/\/stranapro.cz\/\"><img decoding=\"async\" loading=\"lazy\" class=\"wp-image-40285 aligncenter\" src=\"http:\/\/www.infokuryr.cz\/n\/wp-content\/uploads\/2023\/11\/11pro-300x79.png\" alt=\"\" width=\"839\" height=\"221\" srcset=\"https:\/\/www.infokuryr.cz\/n\/wp-content\/uploads\/2023\/11\/11pro-300x79.png 300w, https:\/\/www.infokuryr.cz\/n\/wp-content\/uploads\/2023\/11\/11pro.png 363w\" sizes=\"(max-width: 839px) 100vw, 839px\" \/><\/a><\/p>\n<p>Putinovy podm\u00ednky, kdy je ochoten uzav\u0159\u00edt m\u00edr s Ukrajinou, jsou n\u00e1sleduj\u00edc\u00ed:<\/p>\n<p>\u2013 Ukrajinsk\u00e1 vojska mus\u00ed opustit Rusy zabran\u00e9 \u00fazem\u00ed, co\u017e je Don\u011bck\u00e1 a Lugansk\u00e1 republika, Cherson a Z\u00e1poro\u017e\u00ed;<\/p>\n<p>\u2013 Ukrajina se nesm\u00ed st\u00e1t \u010dlensk\u00fdm st\u00e1tem NATO;<\/p>\n<p>\u2013 Rusko chce Ukrajinu neutr\u00e1ln\u00ed, bez spojenc\u016f, bez jadern\u00fdch zbran\u00ed;<\/p>\n<p>\u2013 V\u0161ecky z\u00e1padn\u00ed sankce proti Rusk\u00e9 federaci mus\u00ed b\u00fdt odstran\u011bny;<\/p>\n<p>\u2013 Krym, Sevastopol, Don\u011bck, Lugansk, Z\u00e1poro\u017e\u00ed a Cherson mus\u00ed b\u00fdt v\u00a0mezin\u00e1rodn\u00edch smlouv\u00e1ch vedeny jako sou\u010d\u00e1sti Rusk\u00e9 federace;<\/p>\n<p>\u2013 Jestli\u017ee Kyjev a Z\u00e1pad tyto po\u017eadavky pro ustanoven\u00ed m\u00edru odm\u00edtnou, pozd\u011bj\u0161\u00ed po\u017eadavky budou rozd\u00edln\u00e9.<\/p>\n<p>Tyto podm\u00ednky jsou prakticky ultimatum a to nejen pro Ukrajinu, ale zrovna tak pro NATO, Evropskou unii a cel\u00fd Z\u00e1pad. President Putin se vyj\u00e1d\u0159il, \u017ee jestli\u017ee budou tyto podm\u00ednky zam\u00edtnuty, pak se v\u00e1lka posune do dal\u0161\u00ed f\u00e1ze, kter\u00e1 bude jen hor\u0161\u00ed. Ministr zahrani\u010d\u00ed, Serg\u011bj Lavrov k\u00a0tomu dodal uji\u0161t\u011bn\u00ed, \u017ee Rusko nem\u00edn\u00ed napadnout Evropu. To jedin\u00e9 co cht\u011bj\u00ed doc\u00edlit je konec v\u00e1lky a m\u00edrov\u00e9 jedn\u00e1n\u00ed.<\/p>\n<p>Snad aby dodal sv\u00fdm slov\u016fm pat\u0159i\u010dnou v\u00e1hu, Putin se zm\u00ednil o stavu rusk\u00fdch vojsk, kter\u00fd a\u017e do t\u00e9 doby nebyl zn\u00e1m. Podle n\u011bho, 700 000 rusk\u00fdch voj\u00e1k\u016f jsou ji\u017e na Ukrajin\u011b a jen \u010dekaj\u00ed na povel, kdy za\u010dne skute\u010dn\u00e1 v\u00e1lka. Asi 550 000 voj\u00e1k\u016f je v\u00a0p\u0159edn\u00edch lini\u00edch, co\u017e je obrovsk\u00e9 mno\u017estv\u00ed. Ten zbytek je v\u00a0z\u00e1zem\u00ed, kde se zab\u00fdv\u00e1 z\u00e1sobov\u00e1n\u00edm, p\u0159\u00edpravou a opravou za\u0159\u00edzen\u00ed a podobn\u00fdmi \u00fakoly. Postupn\u011b jich v\u0161ech dohromady m\u016f\u017ee b\u00fdt a\u017e jeden milion. Nejen voj\u00e1ci, ale i vojensk\u00e9 vybaven\u00ed bylo dod\u00e1no v\u00a0nev\u00eddan\u00e9m mno\u017estv\u00ed.<\/p>\n<p>A p\u0159itom z\u00e1padn\u00ed analyst\u00e9 odhadovali mno\u017estv\u00ed rusk\u00fdch voj\u00e1k\u016f mezi 150 000 a 550 000. V\u00a0prosinci minul\u00e9ho roku bylo na ukrajinsk\u00e9 front\u011b ofici\u00e1ln\u011b hl\u00e1\u0161eno 617 000 voj\u00e1k\u016f.<\/p>\n<p>Takov\u00e1 zpr\u00e1va<a href=\"#_edn6\" name=\"_ednref6\">[6]<\/a> v\u0161em vyrazila dech, proto\u017ee jestli Rusov\u00e9 z\u00edskali tolik dobrovoln\u00edk\u016f, ani\u017e by museli zav\u00e9st povinn\u00fd odvod, to p\u0159edstavuje obrovsk\u00fd probl\u00e9m pro Ukrajinu. Jej\u00ed zni\u010den\u00ed je naprosto jist\u00e9, pokud se NATO rychle k\u00a0v\u00e1lce nep\u0159ipoj\u00ed a i tak je sporn\u00e9, \u017ee by vyhr\u00e1li.<\/p>\n<p>Kyjev za\u010dal okam\u017eit\u011b volat po dal\u0161\u00ed vojensk\u00e9 posile a \u017e\u00e1dali \u010dlensk\u00e9 st\u00e1ty NATO o tuto podporu \u2018co nejd\u0159\u00edve\u2018. Asi 300 000 p\u0159\u00eddavn\u00fdch voj\u00e1k\u016f je podle nich naprosto nutn\u00fdch, aby mohli Rusko porazit! Jen\u017ee kdy\u017e dostanou dal\u0161\u00ed lidi, nejd\u0159\u00edve je mus\u00ed vycvi\u010dit a budou snad Rusov\u00e9 trp\u011bliv\u011b \u010dekat a\u017e se tak stane? T\u011b\u017eko!<\/p>\n<p>Tak\u017ee na Ukrajin\u011b se dnes u\u017e nebojuje do posledn\u00edho Ukrajince, ale do posledn\u00edho Evropana.<\/p>\n<p><span style=\"font-size: 18pt;\"><strong>Spojen\u00e9 st\u00e1ty se rovn\u011b\u017e p\u0159ipravuj\u00ed<\/strong><\/span><\/p>\n<p>Pentagon<a href=\"#_edn7\" name=\"_ednref7\">[7]<\/a> se rovn\u011b\u017e p\u0159ipravuje na v\u00e1lku a maj\u00ed na mysli jadernou v\u00e1lku. Te\u010f dokonce vydali dopln\u011bk (H.R. 8070) k \u2018Z\u00e1konu o autorizaci n\u00e1rodn\u00ed obrany\u2018 (National Defense Authorization Act), kter\u00fd po\u017eaduje povinn\u00fd odvod v\u0161ech ob\u010dan\u016f ve v\u011bku 18\u201326 let. Stejn\u011b jako Ukrajinci, zkou\u0161ej\u00ed nahnat i sv\u00e9 \u017eeny a d\u00edvky do v\u00e1lky. V\u0161ecka mlad\u00e1 d\u011bv\u010data mus\u00ed povinn\u011b narukovat, mlad\u00e9 maminky mus\u00ed opustit sv\u00e9 d\u011bti a nastoupit na frontu. Jin\u00fdmi slovy, cht\u011bj\u00ed zni\u010dit celou jednu generaci Ameri\u010dan\u016f. Z\u00e1znam o tomto nesmysln\u00e9m po\u017eadavku je uveden v\u00a0arm\u00e1dn\u00edm dokumentu, ke sta\u017een\u00ed zde<a href=\"#_edn8\" name=\"_ednref8\">[8]<\/a>.<\/p>\n<p>Ameri\u010dt\u00ed psychopati, pod veden\u00edm v\u00e1le\u010dn\u00e9ho \u0161tv\u00e1\u010de Sen\u00e1tora Lindsay Grahama tou\u017e\u00ed po jadern\u00e9 v\u00e1lce s\u00a0Ruskem, Ir\u00e1nem a \u010c\u00ednou. Zjevn\u011b nech\u00e1pou, co jadern\u00e1 v\u00e1lka znamen\u00e1 a jsou ochotni kdykoliv vystavit tomuto nebezpe\u010d\u00ed miliony sv\u00fdch vlastn\u00edch mlad\u00fdch mu\u017e\u016f a \u017een.<\/p>\n<p>Co je je\u0161t\u011b hor\u0161\u00ed, Amerika se p\u0159ipravuje na dv\u011b jadern\u00e9 v\u00e1lky a ob\u011b zar\u00e1z. Jedna z\u00a0nich proti Rusku a ta druh\u00e1 proti \u010c\u00edn\u011b. Tak\u017ee v\u0161ichni mlad\u00ed lid\u00e9 zahynou, vl\u00e1da pak sebere tomu zbytku, co z\u016fstal doma v\u0161ecko co maj\u00ed, v\u010detn\u011b potravin, lid\u00e9 budou hladem, dolar bude ti\u0161t\u011bn takov\u00fdm tempem, \u017ee se vy\u0159\u00edd\u00ed z\u00a0platnosti a cel\u00e1 zem\u011b bude zni\u010dena.<\/p>\n<p>Vl\u00e1da Spojen\u00fdch st\u00e1t\u016f je podle toho v\u0161eho ve v\u00e1lce s\u00a0americk\u00fdm lidem.<\/p>\n<p>V\u00a0Evrop\u011b je mo\u017eno o\u010dek\u00e1vat to stejn\u00e9. Postupn\u011b, jak globalist\u00e9 vyvra\u017edili na Ukrajin\u011b koho mohli, tak je cht\u011bj\u00ed nahrazovat Ameri\u010dany a Evropany. Je to pom\u011brn\u011b jednoduch\u00e1 strategie: mlad\u00ed lid\u00e9 jsou posl\u00e1ni na jatka, na frontu a mezit\u00edm jejich majetky zaberou nez\u00e1konn\u00ed migranti, kte\u0159\u00ed postupn\u011b p\u0159evezmou i jejich zam\u011bstn\u00e1n\u00ed, stanou se politick\u00fdmi vedouc\u00edmi a b\u00edl\u00e1 rasa p\u0159estane existovat.<\/p>\n<p><span style=\"font-size: 18pt;\"><strong>Uboh\u00fd pokus o \u0159e\u0161en\u00ed ve \u0160v\u00fdcarsku<\/strong><\/span><\/p>\n<p>V\u00a0zoufal\u00e9 snaze vy\u0159e\u0161it cel\u00fd konflikt po sv\u00e9m (to znamen\u00e1, aby se vlk na\u017eral a koza z\u016fstala cel\u00e1), svolal nez\u00e1konn\u00fd ukrajinsk\u00fd president Zelensk\u00fd na 15.\u201316. \u010dervna m\u00edrovou konferenci do \u0160v\u00fdcarska. Jako spr\u00e1vn\u00fd politick\u00fd ignorant na konferenci nepozval Rusko.<\/p>\n<p>B\u00fdval\u00fd rusk\u00fd president<a href=\"#_edn9\" name=\"_ednref9\">[9]<\/a>, Dimitrij Medv\u011bd\u011bv se o t\u00e9to ud\u00e1losti vyj\u00e1d\u0159il jako o velmi chaotick\u00e9, kde nikdo nev\u011bd\u011bl o co jde a co se d\u011bje.<\/p>\n<p>Konference se pokou\u0161ela soust\u0159edit na hlavn\u00ed podm\u00ednky Zelensk\u00e9ho \u2018m\u00edru\u2018, kdy m\u011bli Rusov\u00e9 opustit ve\u0161ker\u00e9 \u00fazem\u00ed, kter\u00e9 dobyli, vyplatit Ukrajin\u011b finan\u010dn\u00ed n\u00e1hradu za nap\u00e1chan\u00e9 \u0161kody (i za ty, co nap\u00e1chali Ukrajinci sami) a tvrd\u00e9 potrest\u00e1n\u00ed rusk\u00fdch \u2018v\u00e1le\u010dn\u00fdch zlo\u010dinc\u016f\u2018.<\/p>\n<p>Finan\u010dn\u00ed n\u00e1hrada \u0161kod byla na setk\u00e1n\u00ed zem\u00ed G7, kter\u00e9 ho se z\u00a0nezn\u00e1m\u00e9ho d\u016fvodu a naprosto neopr\u00e1vn\u011bn\u011b z\u00fa\u010dastnil i Zelensk\u00fd, stanovena na $486 miliard. Nejen on s\u00e1m, ale i G7 z\u00e1stupci zem\u00ed t\u00edmto dok\u00e1zali, \u017ee postr\u00e1daj\u00ed ve\u0161kerou logiku a soudnost.<\/p>\n<p>Jak se vyj\u00e1d\u0159il Medv\u011bd\u011bv, cel\u00e1 akce byl \u010dist\u00fd surrealismus, k \u010demu\u017e p\u0159idal je\u0161t\u011b p\u00e1r kv\u011btnat\u00fdch v\u00fdraz\u016f z\u00a0jeho nevy\u010derpateln\u00e9ho slovn\u00edku polo-ur\u00e1\u017eek. P\u0159irovn\u00e1val osazenstvo konference ke zv\u00ed\u0159at\u016fm na statku, kde jako psi \u0161t\u011bkali a plivali kolem sebe jed, zat\u00edm co jin\u00ed be\u010deli jako ovce, kdy\u017e recitovali p\u0159edem nau\u010den\u00e9 fr\u00e1ze. Nakonec po nich z\u016fstala jen halda v\u00fdkal\u016f, kter\u00e9 zaplatili da\u0148ov\u00ed pl\u00e1tci.<\/p>\n<p><span style=\"font-size: 18pt;\"><strong>Pochybnosti o soudnosti \u00fa\u010dastn\u00edk\u016f<\/strong><\/span><\/p>\n<p>Hned po skon\u010den\u00ed<a href=\"#_edn10\" name=\"_ednref10\">[10]<\/a> prvn\u00edho dne konference se ozvaly v\u00e1\u017en\u00e9 pochybnosti o ment\u00e1ln\u00edm zdrav\u00ed n\u011bkter\u00fdch p\u0159\u00edtomn\u00fdch. N\u011bkolik uk\u00e1zek n\u00e1sleduje. B\u00fdval\u00fd holandsk\u00fd premi\u00e9r Mark Rutte prohl\u00e1sil, \u017ee <em>\u201eTa skute\u010dnost, \u017ee Putin p\u0159i\u0161el s\u00a0tou ubohou nab\u00eddkou m\u00edru v\u010dera, je znamen\u00ed toho, \u017ee panikuje a to je dobr\u00e1 zpr\u00e1va.\u201c<\/em> Mark z\u0159ejm\u011b ne\u010detl Putinovy podm\u00ednky a povolil uzdu sv\u00e9 fantazii.<\/p>\n<p>Polsk\u00fd president Andrzej Duda se p\u0159idal: <em>\u201eZastupuji tu \u010d\u00e1st sv\u011bta, kde je Rusko \u010dasto naz\u00fdv\u00e1no v\u011bzen\u00edm n\u00e1rod\u016f. Rusko z\u016fst\u00e1v\u00e1 t\u00edm nejv\u011bt\u0161\u00edm koloniz\u00e1torem sv\u011bta, kter\u00e9 oproti evropsk\u00fdm st\u00e1t\u016fm nepro\u0161lo dekoloniza\u010dn\u00edm procesem.\u201c<\/em> Zde by bylo na m\u00edst\u011b pana Dudu vyzvat, aby jmenoval jednu jedinou ruskou kolonii.<\/p>\n<p>Americk\u00e1 vice-presidentka Kamala Harris se zjevn\u011b divila, kdy\u017e \u0159ekla: <em>\u201eV\u010dera Putin navrhl podm\u00ednky pro skon\u010den\u00ed v\u00e1lky, ale nemluvil o \u017e\u00e1dn\u00e9m vyjedn\u00e1v\u00e1n\u00ed. Mluvil o kapitulaci Ukrajiny.\u201c<\/em> Asi si nev\u0161imla, \u017ee Ukrajina u\u017e d\u00e1vno v\u00e1lku prohr\u00e1la a sotva se dr\u017e\u00ed nad vodou.<\/p>\n<p>Finsk\u00fd president Alexander Stubb prohl\u00e1sil: <em>\u201eV dob\u00e1ch 2. sv\u011btov\u00e9 v\u00e1lky za\u00fato\u010dilo Rusko na Finsko a my jsme ztratili 10% na\u0161eho \u00fazem\u00ed. J\u00e1 s\u00e1m jsem pozbyl \u00fazem\u00ed, kde se narodili moji prarodi\u010de a m\u016fj otec.\u201c<\/em><\/p>\n<p>Stubb rovn\u011b\u017e opomn\u011bl n\u011bkolik detail\u016f. Na Finsko za\u00fato\u010dil Sov\u011btsk\u00fd svaz. Sov\u011btsk\u00fd svaz a Rusko jsou to dva rozd\u00edln\u00e9 politick\u00e9 syst\u00e9my. A Finsko bylo kdysi, v\u00a0letech 1809-1917 sou\u010d\u00e1st\u00ed Ruska: bylo to rusk\u00e9 v\u00e9vodstv\u00ed. P\u0159edt\u00edm byli sou\u010d\u00e1st\u00ed \u0160v\u00e9dska. 100% sou\u010dasn\u00e9ho finsk\u00e9ho \u00fazem\u00ed byl dar Rusk\u00e9ho c\u00edsa\u0159stv\u00ed. Za druh\u00e9 sv\u011btov\u00e9 v\u00e1lky bylo Finsko na stran\u011b Hitlera a z\u00fa\u010dastnili se blok\u00e1dy Leningradu, kde zem\u0159ely miliony Rus\u016f hladem. Bratr presidenta Putina byl jeden z\u00a0nich. Je zaj\u00edmav\u00e9, jak tyto historick\u00e9 informace v\u0161ichni ignoruj\u00ed.<\/p>\n<p>Snad jedin\u00fd, kdo d\u00e1val smysl byl argentinsk\u00fd president Javier Milay, kter\u00fd \u0159ekl: <em>\u201eM\u016f\u017eu sv\u00e9ho souseda nen\u00e1vid\u011bt, ale kdy\u017e nebude kupovat moje zbo\u017e\u00ed, pak zbankrotuji \u2026 tyto my\u0161lenky nejsou dnes v\u00a0m\u00f3d\u011b.\u201c<\/em><\/p>\n<p>P\u0159idal se k\u00a0n\u011bmu president Colombie, Gustavo Francisco Petro Urrego, kter\u00fd prohl\u00e1sil: <em>\u201eRozhodl jsem se zkr\u00e1tit svoji n\u00e1v\u0161t\u011bvu \u2018M\u00edrov\u00e9 konference\u2018 ve \u0160v\u00fdcarsku: zjistil jsem \u017ee tato konference je ve skute\u010dnosti spole\u010denstv\u00ed t\u011bch, kte\u0159\u00ed jsou na stran\u011b v\u00e1lky a s\u00a0t\u00edm nesouhlas\u00edm. Latinsk\u00e1 Amerika nechce dal\u0161\u00ed v\u00e1lku.\u201c<\/em> A ode\u0161el pry\u010d.<\/p>\n<p>Byli i jin\u00ed, kte\u0159\u00ed kritizovali shrom\u00e1\u017ed\u011bn\u00ed, kter\u00e9 jedn\u00e1 o m\u00edru mezi dv\u011bma soupe\u0159i a toho druh\u00e9ho nepozve. Jedn\u00edm z\u00a0nich byl i slovensk\u00fd ministr zahrani\u010d\u00ed, Juraj Blan\u00e1r.<\/p>\n<p>Zato italsk\u00e1 premi\u00e9rka Giorgia Meloni volala po trval\u00e9 podpo\u0159e Ukrajiny, a\u017e do \u00fapln\u00e9ho v\u00edt\u011bzstv\u00ed nad Ruskem. <em>\u201eOchra\u0148ov\u00e1n\u00ed Ukrajiny znamen\u00e1 ochranu glob\u00e1ln\u00edho syst\u00e9mu pravidel. Mus\u00edme se spojit a s\u00a0ve\u0161ker\u00fdm \u00fasil\u00edm Ukrajinu podporovat. A jestli\u017ee Rusko nebude souhlasit s\u00a0podm\u00ednkami, mus\u00edme je donutit, aby se vzdali,\u201c<\/em> \u0159ekla. Ot\u00e1zka: jak je chce pan\u00ed Meloni, donutit.<\/p>\n<p>Meloni \u2013 je od Melon, co\u017e je bohat\u00e1 bank\u00e9\u0159sk\u00e1 rodina v\u00a0Americe, neboli globalist\u00e9.<\/p>\n<p>Korunu v\u0161em<a href=\"#_edn11\" name=\"_ednref11\">[11]<\/a> t\u011bmto nesmysl\u016fm a dohad\u016fm dodalo Polsko. Jejich president Duda navrhl, aby bylo Rusko rozd\u011bleno na 200 etnick\u00fdch st\u00e1t\u016f. Jak ji\u017e v\u00edme, podle n\u011bho nen\u00ed Rusko federace, ale je to koloniz\u00e1tor, kter\u00fd n\u00e1sil\u00edm dr\u017e\u00ed 200 etnick\u00fdch st\u00e1t\u016f.<\/p>\n<p>Zkou\u0161\u00ed Duda sp\u00e1chat sebevra\u017edu Polska? Nev\u00ed, anebo u\u017e zapomn\u011bl, \u017ee Rusko m\u00e1 ve sv\u00e9 \u2018ve\u0159ejn\u00e9 doktrin\u011b\u2018 podm\u00ednku, \u017ee jak\u00e9koliv ohro\u017een\u00ed Rusk\u00e9 federace je oprav\u0148uje k\u00a0pou\u017eit\u00ed jadern\u00fdch zbran\u00ed na svoji vlastn\u00ed ochranu? Duda z\u0159ejm\u011b rovn\u011b\u017e nev\u00ed, \u017ee ty st\u00e1ty, kter\u00e9 jsou dnes sou\u010d\u00e1st\u00ed Rusk\u00e9 federace, jsou tam dobrovoln\u011b. Oproti tomu zem\u011b, kter\u00e9 z\u016fstat necht\u011bly, se odpojily a nebylo jich m\u00e1lo. Ukrajina, ke sv\u00e9 vlastn\u00ed \u0161kod\u011b, je jednou z\u00a0nich.<\/p>\n<p><span style=\"font-size: 18pt;\"><strong>Bylo to prost\u011b fiasko<\/strong><\/span><\/p>\n<p>Dokonce i Alexander Dubinsk\u00fd, \u010dlen opozice v\u00a0ukrajinsk\u00e9m Parlamentu napsal na Telegramu, \u017ee p\u0159ese v\u0161ecku propagandu, m\u00edrov\u00e1 konference neusp\u011bla.<\/p>\n<p>Z\u00a0v\u00edce ne\u017e 160 pozvan\u00fdch se dostavilo pouze 92 zastupitel\u016f r\u016fzn\u00fdch zem\u00ed. Ten zbytek odm\u00edtl, proto\u017ee nebylo pozv\u00e1no i Rusko.<\/p>\n<p>Po skon\u010den\u00ed jedn\u00e1n\u00ed<a href=\"#_edn12\" name=\"_ednref12\">[12]<\/a>, 12 zem\u00ed odm\u00edtlo podepsat z\u00e1v\u011bre\u010dn\u00e9 prohl\u00e1\u0161en\u00ed. Mezi nimi byla: Arm\u00e9nie, Brazilie, Indie, Saudsk\u00e1 Arabie, Ji\u017en\u00ed Afrika, Arabsk\u00e9 Emir\u00e1ty. Tak\u00e9 \u010dty\u0159i organizace dokument nepodepsaly, v\u010detn\u011b OSN a OSCE (Organizace pro bezpe\u010dnost a spolupr\u00e1ci v\u00a0Evrop\u011b, neboli Organization for Security and Co-operation in Europe).<\/p>\n<p>79 st\u00e1t\u016f z\u00e1v\u011bre\u010dn\u00e9 prohl\u00e1\u0161en\u00ed podepsalo. Mezi nimi bylo: Ma\u010farsko, Srbsko, Argentina, Turecko a Gruzie. T\u00edm dali souhlas k\u00a0rozd\u011blen\u00ed Ruska na 200 st\u00e1t\u016f, krom\u011b jin\u00e9ho:<\/p>\n<p>Zm\u00edn\u011bn\u00fd dokument po\u017eadoval upevn\u011bn\u00ed ukrajinsk\u00e9ho \u00fazem\u00ed na z\u00e1klad\u011b mezin\u00e1rodn\u011b uzn\u00e1van\u00fdch hranic, oprava a navr\u00e1cen\u00ed jadern\u00fdch reaktor\u016f v\u00a0Z\u00e1poro\u017e\u00ed Ukrajin\u011b a navr\u00e1cen\u00ed mo\u0159sk\u00fdch p\u0159\u00edstav\u016f v\u00a0\u010cern\u00e9m a Azovsk\u00e9m mo\u0159i. Tak\u00e9 po\u017eadovali navr\u00e1cen\u00ed nez\u00e1konn\u011b odcizen\u00fdch ukrajinsk\u00fdch d\u011bt\u00ed. Pro\u010d asi?<\/p>\n<p><span style=\"font-size: 18pt;\"><strong>Jak\u00e1 je mo\u017enost v\u00e1lky?<\/strong><\/span><\/p>\n<p>Hal Turner, \u010dlov\u011bk<a href=\"#_edn13\" name=\"_ednref13\">[13]<\/a> s\u00a0vynikaj\u00edc\u00edmi informacemi \u0159\u00edk\u00e1, \u017ee n\u00e1s nechce stra\u0161it, ale v\u00e1lka se bl\u00ed\u017e\u00ed. N\u011bkte\u0159\u00ed ji odhaduj\u00ed ji\u017e te\u010f, v\u00a0\u010dervnu, za p\u00e1r dn\u016f, m\u00e1lem ihned. To, \u017ee polsk\u00fd president \u0159ekl na \u0161v\u00fdcarsk\u00e9 konferenci, \u017ee Rusko by m\u011blo b\u00fdt rozd\u011bleno na 200 etnick\u00fdch st\u00e1t\u016f a 78 zem\u00ed s\u00a0n\u00edm souhlasilo, co\u017e potvrdily sv\u00fdm podpisem, je velice v\u00e1\u017en\u00e9. Tak\u017ee 78 zem\u00ed zde bojuje proti Rusku.<\/p>\n<p>Rusk\u00e1 odezva na n\u011bco takov\u00e9ho bude pouze jedna a to je, \u017ee pou\u017eij\u00ed v\u0161ecko, co maj\u00ed, aby svoji zemi ochr\u00e1nili. Pochopiteln\u011b. M\u011bli bychom se pt\u00e1t, jak\u00fdm pr\u00e1vem maj\u00ed jin\u00e9 zem\u011b co rozhodovat o jin\u00e9m, samostatn\u00e9m st\u00e1t\u011b? Co kdyby n\u011bkdo cht\u011bl rozb\u00edt Francii na men\u0161\u00ed st\u00e1ty, nebo N\u011bmecko, nebo Ameriku? Jak\u00e1 by asi byla tam odezva na takov\u00fd pl\u00e1n?<\/p>\n<p>Je jist\u00e9, \u017ee rusk\u00e1 reakce bude nam\u00ed\u0159ena proti Z\u00e1padu, v\u010detn\u011b st\u00e1t\u016f Evropsk\u00e9 unie. Nakonec to byli oni, kte\u0159\u00ed v\u00a0r. 2014 provedli na Ukrajin\u011b politick\u00fd p\u0159evrat, nem\u00ednili dodr\u017eovat podm\u00ednky dvou konferenc\u00ed v\u00a0Minsku, osm let odst\u0159elovali, mu\u010dili a vra\u017edili sv\u00e9 vlastn\u00ed ob\u010dany v\u00a0Donbasu a ve\u0161ker\u00fdm rusk\u00fdm po\u017eadavk\u016fm na m\u00edr a klid se jen vysm\u00edvali.<\/p>\n<p>A pak si dovol\u00ed tvrdit, \u017ee rusk\u00e9 ta\u017een\u00ed na Ukrajinu bylo nez\u00e1konn\u00e9!<\/p>\n<p>Arogantn\u00ed Z\u00e1pad pak dod\u00e1val Ukrajinc\u016fm zbran\u011b, nap\u0159ed b\u011b\u017en\u00e9 zbran\u011b, pozd\u011bji protileteck\u00e9 obrann\u00e9 syst\u00e9my. Rakety s\u00a0kr\u00e1tk\u00fdm dost\u0159elem byly n\u00e1sledov\u00e1ny raketami s\u00a0dlouh\u00fdm dost\u0159elem, tanky, \u0161pion\u00e1\u017en\u00ed zpr\u00e1vy, sv\u00e9 vlastn\u00ed vojsko a kdov\u00ed co jin\u00e9ho. Na\u0161t\u011bst\u00ed pro Rusko, v\u0161ecka tato vojensk\u00e1 v\u00fdbava byla pod\u0159adn\u00e9 kvality a zp\u016fsobila Ukrajinc\u016fm v\u00edc pot\u00ed\u017e\u00ed ne\u017e prosp\u011bchu.<\/p>\n<p>Dnes cht\u011bj\u00ed dod\u00e1vat F-16 st\u00edha\u010dky a proto\u017ee pro n\u011b nemaj\u00ed vhodn\u00e9 p\u0159ist\u00e1vac\u00ed plochy, tak je cht\u011bj\u00ed skladovat v\u00a0sousedn\u00edch st\u00e1tech, snad v\u00a0Rumunsku a v\u00a0Polsku. Kdy\u017e pak takov\u00e1 st\u00edha\u010dka vzl\u00e9tne z\u00a0n\u011bkter\u00e9ho sousedn\u00edho \u00fazem\u00ed, za\u00fato\u010d\u00ed na rusk\u00e9 odd\u00edly na Ukrajin\u011b a vr\u00e1t\u00ed se zp\u011bt, odkud vylet\u011bla, Rusov\u00e9 po n\u00ed pochopiteln\u011b st\u0159el\u00ed n\u011bkolik ze sv\u00fdch raket a tyto dopadnou na ciz\u00ed \u00fazem\u00ed. NATO pak za\u010dne k\u0159i\u010det do cel\u00e9ho sv\u011bta: <em>\u201eRusov\u00e9 n\u00e1s napadli, Rusov\u00e9 n\u00e1s napadli!\u201c<\/em><\/p>\n<p>A m\u00e1me zde t\u0159et\u00ed sv\u011btovou, nejsp\u00ed\u0161 jadernou.<\/p>\n<p>K\u00a0t\u011bm stiha\u010dk\u00e1m<a href=\"#_edn14\" name=\"_ednref14\">[14]<\/a> se hlavn\u00ed \u0161\u00e9f NATO, Jens Stoltenberg vyj\u00e1d\u0159il, \u017ee \u2018pou\u017eit\u00ed F-16 letadel na \u00fatoky na rusk\u00e9 \u00fazem\u00ed nen\u00ed stup\u0148ov\u00e1n\u00ed v\u00e1lky\u2018. Asi ztr\u00e1c\u00ed soudnost. Nejen \u017ee odsouhlasil pou\u017eit\u00ed raket s\u00a0dalek\u00fdm dost\u0159elem na rusk\u00e9 \u00fazem\u00ed, ale te\u010f je\u0161t\u011b letadla! Z\u00a0toho vypl\u00fdv\u00e1, \u017ee NATO a s\u00a0n\u00edm cel\u00fd Z\u00e1pad st\u00e1le je\u0161t\u011b nepochopili, \u017ee Rusov\u00e9 jsou daleko mocn\u011bj\u0161\u00ed ne\u017e oni, \u017ee je to vysp\u011bl\u00fd n\u00e1rod, se kter\u00fdm nemohou \u017eertovat stejn\u00fdm zp\u016fsobem, jak jsou zvykl\u00ed jednat se zaostalej\u0161\u00edmi, neozbrojen\u00fdmi zem\u011bmi.<\/p>\n<p>Stoltenberg d\u00e1le \u0159ekl, \u017ee: <em>\u201eV\u00edt\u00e1m rozhodnut\u00ed Spojenc\u016f, kte\u0159\u00ed sn\u00ed\u017eili, nebo uvolnili jejich z\u00e1kazy pou\u017eit\u00ed zbran\u00ed tak\u00e9 proti vojensk\u00fdm c\u00edl\u016fm uvnit\u0159 Ruska, proto\u017ee pot\u0159ebujeme rozum\u011bt o co se jedn\u00e1. Toto je v\u00e1lka \u00fato\u010dn\u00e1.\u201c<\/em> To \u0159ekl a ani se neza\u010dervenal. Proto\u017ee to nen\u00ed v\u00e1lka \u00fato\u010dn\u00e1, ale v\u00e1lka vyprovokovan\u00e1.<\/p>\n<p>Podle n\u011bho, Ukrajina m\u00e1 pln\u00e9 pr\u00e1vo br\u00e1nit se \u00fatoku a sebeobrana neznamen\u00e1 zhor\u0161ov\u00e1n\u00ed konfliktu. Probl\u00e9m je v\u00a0tom, \u017ee to, co \u0159\u00edk\u00e1, nen\u00ed v\u016fbec pravda. Jakmile n\u00e1m nad hlavami l\u00e9taj\u00ed ciz\u00ed bombard\u00e9ry, tak jsme ve v\u00e1lce. To je p\u0159ece jasn\u00e9. Jak by se asi d\u00edvala Amerika na to, kdyby jim Mexi\u010dan\u00e9 br\u00e1zdili oblohu s\u00a0jejich bombard\u00e9ry?<\/p>\n<p>\u010clov\u011bk se pak neust\u00e1le div\u00ed: jsou tak hloup\u00ed, nebo poplatn\u00ed, \u010di z\u00e1ke\u0159n\u00ed?<\/p>\n<p><strong><em>Jane Kaufman, 19. \u010dervna 2024<\/em><\/strong><\/p>\n<p><a href=\"#_ednref1\" name=\"_edn1\">[1]<\/a> https:\/\/warnews247-gr.translate.goog\/war-monitor\/oukrania\/anafora-ths-dioikhshs-ston-b-zelenski-o-rwsikos-stratos-proelaunei-se-oles-tis-kateuthunseis-apwleies-rekor-2-000-oukranwn-stratiwtwn-se-24-wres-xartes\/?_x_tr_sl=auto&amp;_x_tr_tl=en&amp;_x_tr_hl=en&amp;_x_tr_pto=wapp<\/p>\n<p><a href=\"#_ednref2\" name=\"_edn2\">[2]<\/a> https:\/\/en.topcor.ru\/48546-mirshajmer-situacija-na-ukraine-razvivaetsja-katastrofichno-dlja-zapada.html<\/p>\n<p><a href=\"#_ednref3\" name=\"_edn3\">[3]<\/a> https:\/\/news.antiwar.com\/2024\/06\/16\/nato-500000-troops-on-high-readiness-for-war-with-russia\/<\/p>\n<p><a href=\"#_ednref4\" name=\"_edn4\">[4]<\/a> https:\/\/bulgarianmilitary.com\/2024\/06\/16\/arent-700000-russian-troops-preparing-for-a-full-scale-offensive\/<\/p>\n<p><a href=\"#_ednref5\" name=\"_edn5\">[5]<\/a> https:\/\/www.rt.com\/russia\/598498-kiev-stage-gay-parade\/<\/p>\n<p><a href=\"#_ednref6\" name=\"_edn6\">[6]<\/a> https:\/\/warnews247-gr.translate.goog\/war-monitor\/oukrania\/anhsuxia-kai-problhmatismo-sto-nato-ta-noumera-den-bgainoun-700-000-rwsoi-stratiwtes-se-anamonh-gia-thn-enarksh-ths-kurias-epitheshs\/?_x_tr_sl=auto&amp;_x_tr_tl=en&amp;_x_tr_hl=en&amp;_x_tr_pto=wapp<\/p>\n<p><a href=\"#_ednref7\" name=\"_edn7\">[7]<\/a> https:\/\/www.naturalnews.com\/2024-06-15-ndaa-authorizes-mandatory-military-draft-american-women.html<\/p>\n<p><a href=\"#_ednref8\" name=\"_edn8\">[8]<\/a> https:\/\/www.armed-services.senate.gov\/imo\/media\/doc\/fy25_ndaa_executive_summary.pdf<\/p>\n<p><a href=\"#_ednref9\" name=\"_edn9\">[9]<\/a> https:\/\/www.rt.com\/russia\/599377-ukraine-summit-animal-farm-medvedev\/<\/p>\n<p><a href=\"#_ednref10\" name=\"_edn10\">[10]<\/a> https:\/\/x.com\/OlgaBazova\/status\/1802072211286536465<\/p>\n<p><a href=\"#_ednref11\" name=\"_edn11\">[11]<\/a> https:\/\/halturnerradioshow.com\/index.php\/news-selections\/world-news\/at-peace-conference-in-switzerland-poland-proposes-breaking-up-russia-into-200-ethnic-states-poland-just-signed-its-own-death-warrant<\/p>\n<p><a href=\"#_ednref12\" name=\"_edn12\">[12]<\/a> https:\/\/www.rt.com\/russia\/599384-twelve-states-refuse-ukraine-peace\/<\/p>\n<p><a href=\"#_ednref13\" name=\"_edn13\">[13]<\/a> https:\/\/halturnerradioshow.com\/index.php\/news-selections\/world-news\/folks-i-dont-want-to-scare-you-but-we-are-rapidly-running-out-of-time<\/p>\n<p><a href=\"#_ednref14\" name=\"_edn14\">[14]<\/a> https:\/\/news.antiwar.com\/2024\/06\/13\/stoltenberg-ukraine-using-f-16s-on-russian-territory-wont-be-an-escalation\/<\/p>\n<p>&nbsp;<\/p>\n","protected":false},"excerpt":{"rendered":"<p>Ukrajinsk\u00e1 anal\u00fdza[1] sou\u010dasn\u00e9 situace potvrdila, \u017ee rusk\u00e1 arm\u00e1da neust\u00e1le postupuje a vyhr\u00e1v\u00e1 na v\u0161ech front\u00e1ch&#8230;.<\/p>\n","protected":false},"author":2,"featured_media":46103,"comment_status":"closed","ping_status":"closed","sticky":false,"template":"","format":"standard","meta":[],"categories":[6],"tags":[1042,39,22,276,40],"_links":{"self":[{"href":"https:\/\/www.infokuryr.cz\/n\/wp-json\/wp\/v2\/posts\/56059"}],"collection":[{"href":"https:\/\/www.infokuryr.cz\/n\/wp-json\/wp\/v2\/posts"}],"about":[{"href":"https:\/\/www.infokuryr.cz\/n\/wp-json\/wp\/v2\/types\/post"}],"author":[{"embeddable":true,"href":"https:\/\/www.infokuryr.cz\/n\/wp-json\/wp\/v2\/users\/2"}],"replies":[{"embeddable":true,"href":"https:\/\/www.infokuryr.cz\/n\/wp-json\/wp\/v2\/comments?post=56059"}],"version-history":[{"count":0,"href":"https:\/\/www.infokuryr.cz\/n\/wp-json\/wp\/v2\/posts\/56059\/revisions"}],"wp:featuredmedia":[{"embeddable":true,"href":"https:\/\/www.infokuryr.cz\/n\/wp-json\/wp\/v2\/media\/46103"}],"wp:attachment":[{"href":"https:\/\/www.infokuryr.cz\/n\/wp-json\/wp\/v2\/media?parent=56059"}],"wp:term":[{"taxonomy":"category","embeddable":true,"href":"https:\/\/www.infokuryr.cz\/n\/wp-json\/wp\/v2\/categories?post=56059"},{"taxonomy":"post_tag","embeddable":true,"href":"https:\/\/www.infokuryr.cz\/n\/wp-json\/wp\/v2\/tags?post=56059"}],"curies":[{"name":"wp","href":"https:\/\/api.w.org\/{rel}","templated":true}]}}