{"id":56034,"date":"2024-06-20T00:38:48","date_gmt":"2024-06-19T22:38:48","guid":{"rendered":"https:\/\/www.infokuryr.cz\/n\/?p=56034"},"modified":"2024-06-19T16:11:26","modified_gmt":"2024-06-19T14:11:26","slug":"hegemon-narizuje-evrope-vsadte-na-valku-a-ukradnete-ruske-penize","status":"publish","type":"post","link":"https:\/\/www.infokuryr.cz\/n\/2024\/06\/20\/hegemon-narizuje-evrope-vsadte-na-valku-a-ukradnete-ruske-penize\/","title":{"rendered":"Hegemon na\u0159izuje Evrop\u011b: vsa\u010fte na v\u00e1lku a ukradn\u011bte rusk\u00e9 pen\u00edze"},"content":{"rendered":"<div id=\"fb-root\"><\/div>\n<p><span style=\"font-size: 14pt;\"><strong><em>\u0160v\u00fdcarsk\u00fd \u201em\u00edr\u201c kabuki p\u0159ich\u00e1zel a odch\u00e1zel \u2013 a v\u00edt\u011bzem se stal Vladimir Putin. Ani se nemusel uk\u00e1zat.<\/em><\/strong><\/span><\/p>\n<p><span>\u017d\u00e1dn\u00fd z velk\u00fdch hr\u00e1\u010d\u016f to neud\u011blal. Nebo v p\u0159\u00edpad\u011b, \u017ee vyslali sv\u00e9 emisary, do\u0161lo k v\u00fdrazn\u00e9mu odm\u00edtnut\u00ed podepsat pr\u00e1zdnou z\u00e1v\u011bre\u010dnou deklaraci \u2013 jako u \u010dlen\u016f BRICS Braz\u00edlie, Indie, Sa\u00fadsk\u00e1 Ar\u00e1bie, Spojen\u00e9 arabsk\u00e9 emir\u00e1ty a Ji\u017en\u00ed Afrika.<\/span><\/p>\n<p><span>Bez BRICS nem\u016f\u017ee kolektivn\u00ed Z\u00e1pad \u2013 jako ve filmu Hegemon a r\u016fzn\u00ed vazalov\u00e9 \u2013 ud\u011blat absolutn\u011b nic, aby zm\u011bnil z\u00e1stupnou v\u00e1le\u010dnou \u0161achovnici na Ukrajin\u011b.<\/span><\/p>\n<p><span>Ve sv\u00e9m\u00a0<\/span><a href=\"https:\/\/mid.ru\/ru\/foreign_policy\/news\/1957107\/\" target=\"_blank\" rel=\"noopener\"><span>pe\u010dliv\u011b kalibrovan\u00e9m projevu<\/span><\/a><span>\u00a0k diplomat\u016fm a veden\u00ed rusk\u00e9ho ministerstva zahrani\u010d\u00ed Putin na\u010drtl neuv\u011b\u0159iteln\u011b zdr\u017eenliv\u00fd a strategick\u00fd p\u0159\u00edstup k \u0159e\u0161en\u00ed ukrajinsk\u00e9ho probl\u00e9mu. V kontextu hegemonovy eskala\u010dn\u00ed zelen\u00e9 \u2013 v praxi ji\u017e n\u011bkolik m\u011bs\u00edc\u016f \u2013, aby Kyjev za\u00fato\u010dil hloub\u011bji do Rusk\u00e9 federace, byla Putinova nab\u00eddka mimo\u0159\u00e1dn\u011b velkorys\u00e1.<\/span><\/p>\n<p><span>To je p\u0159\u00edm\u00e1 nab\u00eddka Hegemonovi a kolektivn\u00edmu Z\u00e1padu \u2013 proto\u017ee zpocen\u00fd herec v tri\u010dku v Kyjev\u011b je krom\u011b nelegitimn\u00ed v\u00edce ne\u017e irelevantn\u00ed.<\/span><\/p>\n<p><span>Jak se dalo p\u0159edv\u00eddat, NATO \u2013 prost\u0159ednictv\u00edm t\u00e9 epileptick\u00e9 desky z norsk\u00e9ho d\u0159eva \u2013 ji\u017e prohl\u00e1silo, \u017ee odm\u00edt\u00e1 vyjedn\u00e1vat, i kdy\u017e n\u011bkte\u0159\u00ed relativn\u011b bd\u011bl\u00ed \u010dlenov\u00e9 Nejvy\u0161\u0161\u00ed rady (ukrajinsk\u00e9ho parlamentu) podle p\u0159edsedy Dumy Vja\u010deslava Volodina za\u010dali o nab\u00eddce diskutovat.<\/span><\/p>\n<p><span>Moskva vid\u00ed Nejvy\u0161\u0161\u00ed radu jako jedin\u00fd legitimn\u00ed subjekt na Ukrajin\u011b \u2013 a jedin\u00fd, se kter\u00fdm by bylo mo\u017en\u00e9 dos\u00e1hnout dohody.<\/span><\/p>\n<p><span>Rusk\u00fd z\u00e1stupce p\u0159i OSN Vasilij N\u011bbenzja \u0161krtl \u2013 diplomaticky: pokud bude velkorys\u00fd n\u00e1vrh odm\u00edtnut, budou p\u0159\u00ed\u0161t\u011b podm\u00ednky pro zah\u00e1jen\u00ed jedn\u00e1n\u00ed \u201ejin\u00e9\u201c. A podle \u0161\u00e9fa obrann\u00e9ho v\u00fdboru Dumy Andreje Kartapolova \u201emnohem nep\u0159\u00edzniv\u011bj\u0161\u00ed\u201c.<\/span><\/p>\n<p><span>Jak Nebenzya zd\u016fraznil, \u017ee v p\u0159\u00edpad\u011b odm\u00edtnut\u00ed ponese kolektivn\u00ed Z\u00e1pad plnou odpov\u011bdnost za dal\u0161\u00ed krveprolit\u00ed, Kartapolov rozvedl Velk\u00fd obr\u00e1zek: Skute\u010dn\u00fdm c\u00edlem Ruska je vytvo\u0159it zcela nov\u00fd bezpe\u010dnostn\u00ed syst\u00e9m pro euroasijsk\u00fd prostor.<\/span><\/p>\n<p><span>A to je samoz\u0159ejm\u011b pro elity hegemon\u016f kletba.<\/span><\/p>\n<p><span>Putinova bezpe\u010dnostn\u00ed vize pro Eurasii se odv\u00edj\u00ed od tohoto legend\u00e1rn\u00edho projevu na mnichovsk\u00e9 bezpe\u010dnostn\u00ed konferenci v roce 2007. Nyn\u00ed, s neust\u00e1l\u00fdm pokrokem nevratn\u00e9ho multiuzlov\u00e9ho\u00a0<\/span><em><span>(<\/span><\/em><span>\u00a0kurz\u00edvn\u00edm dolu) a multicentrick\u00e9ho nov\u00e9ho syst\u00e9mu mezin\u00e1rodn\u00edch vztah\u016f, Kreml nal\u00e9h\u00e1 na nal\u00e9hav\u00e9 \u0159e\u0161en\u00ed \u2013 vzhledem k extr\u00e9mn\u011b nebezpe\u010dn\u00e9 eskalaci posledn\u00edch n\u011bkolika m\u011bs\u00edc\u016f.<\/span><\/p>\n<p><span>Putin musel znovu p\u0159ipomenout hluch\u00fdm, n\u011bm\u00fdm a slep\u00fdm to, co je z\u0159ejm\u00e9:<\/span><\/p>\n<p><span>\u201eV\u00fdzvy k u\u0161t\u011bd\u0159en\u00ed strategick\u00e9 por\u00e1\u017eky Rusku, kter\u00e9 m\u00e1 nejv\u011bt\u0161\u00ed arzen\u00e1l jadern\u00fdch zbran\u00ed, demonstruj\u00ed extr\u00e9mn\u00ed avanturismus z\u00e1padn\u00edch politik\u016f. Bu\u010f nech\u00e1pou rozsah hrozby, kterou sami vytv\u00e1\u0159ej\u00ed, nebo jsou prost\u011b posedl\u00ed v\u00edrou ve vlastn\u00ed imunitu a vlastn\u00ed v\u00fdlu\u010dnost. Oboj\u00ed se m\u016f\u017ee zm\u011bnit v trag\u00e9dii.&#8220;<\/span><\/p>\n<p><span>Z\u016fst\u00e1vaj\u00ed hlu\u0161\u00ed, n\u011bm\u00ed a slep\u00ed.<\/span><\/p>\n<p><span style=\"font-size: 18pt;\"><strong>N\u00e1vrh, kter\u00fd nic ne\u0159e\u0161\u00ed?<\/strong><\/span><\/p>\n<p><span>O Putinov\u011b n\u00e1vrhu zu\u0159\u00ed v informovan\u00fdch kruz\u00edch v Rusku plamenn\u00e1 debata. Kritici to odsuzuj\u00ed jako kapitulaci \u2013 vynucenou vybran\u00fdmi oligarchy a vlivn\u00fdmi obchodn\u00edmi kruhy, v rozporu s \u201et\u00e9m\u011b\u0159 v\u00e1lkou\u201c (up\u0159ednost\u0148ovan\u00e9 motto), kter\u00e1 neust\u00e1le odkl\u00e1d\u00e1 nevyhnutelnou dekapitaci.<\/span><\/p>\n<p><span>Kritici tvrd\u00ed, \u017ee vojensk\u00e1 strategie je zcela pod\u0159\u00edzena politick\u00e9 strategii. A to by vysv\u011btlovalo v\u00e1\u017en\u00e9 probl\u00e9my v \u010cern\u00e9m mo\u0159i a v Podn\u011bst\u0159\u00ed: politick\u00e9 centrum moci odm\u00edt\u00e1 dob\u00fdt ekonomick\u00fd\/vojensk\u00fd c\u00edl \u010d\u00edslo jedna, kter\u00fdm je Od\u011bsa.<\/span><\/p>\n<p><span>Ukrajinsk\u00fd dodavatelsk\u00fd \u0159et\u011bzec zbran\u00ed nav\u00edc nen\u00ed \u0159\u00e1dn\u011b p\u0159eru\u0161ov\u00e1n.<\/span><\/p>\n<p><span>Kl\u00ed\u010dov\u00fdm kritick\u00fdm bodem je \u201eto trv\u00e1 p\u0159\u00edli\u0161 dlouho\u201c. Sta\u010d\u00ed se pod\u00edvat na p\u0159\u00edklad Mariupolu.<\/span><\/p>\n<p><span>V roce 2014 byl Mariupol ponech\u00e1n pod kontrolou nacistick\u00fdch banderistick\u00fdch gang\u016f v r\u00e1mci finan\u010dn\u00ed dohody s Rinatem Achmetovem, majitelem z\u00e1vodu Azovstal. To je klasick\u00fd p\u0159\u00edpad, kdy oligarchov\u00e9 a finan\u010dn\u00edci p\u0159eva\u017euj\u00ed nad vojensk\u00fdmi c\u00edli.<\/span><\/p>\n<p><span>Putinova velkorysost, viditeln\u00e1 v t\u00e9to nejnov\u011bj\u0161\u00ed m\u00edrov\u00e9 nab\u00eddce, tak\u00e9 vyvol\u00e1v\u00e1 paralelu s t\u00edm, co se stalo v Dar\u00e1 v S\u00fdrii: Rusko tak\u00e9 vyjednalo to, co zpo\u010d\u00e1tku vypadalo jako m\u00edrov\u00e1 dohoda. P\u0159esto Dara&#8217;a z\u016fst\u00e1v\u00e1 nepo\u0159\u00e1dkem, extr\u00e9mn\u011b n\u00e1siln\u00fdm, se syrsk\u00fdmi a rusk\u00fdmi voj\u00e1ky v ohro\u017een\u00ed.<\/span><\/p>\n<p><span>Je to opravdu o\u0161emetn\u00e9, kdy\u017e sou\u010dasn\u00fd n\u00e1vrh pouze \u017e\u00e1d\u00e1 NATO, aby nebylo zasahov\u00e1no v Kyjev\u011b; ale z\u00e1rove\u0148 bude Kyjevu dovoleno m\u00edt arm\u00e1du na z\u00e1klad\u011b (p\u0159eru\u0161en\u00fdch) jedn\u00e1n\u00ed z dubna 2022 v Istanbulu.<\/span><\/p>\n<p><span>Kritici tak\u00e9 tvrd\u00ed, \u017ee se zd\u00e1, \u017ee Putin v\u011b\u0159\u00ed, \u017ee tento n\u00e1vrh v\u00e1lku vy\u0159e\u0161\u00ed. Sp\u00ed\u0161 ne. Skute\u010dn\u00e1 denacifika\u010dn\u00ed kampa\u0148 je z\u00e1le\u017eitost\u00ed desetilet\u00ed \u2013 zahrnuje v\u0161e od \u00fapln\u00e9 demilitarizace po vym\u00fdcen\u00ed ohnisek extremistick\u00e9 ideologie. Skute\u010dn\u00e1 kulturn\u00ed revoluce.<\/span><\/p>\n<p><span>Sou\u010dasn\u00e1 eskalace je ji\u017e v souladu s rozkazy, kter\u00e9 vydala vz\u00e1cn\u00e1 plutokracie, kter\u00e1 skute\u010dn\u011b \u0159\u00edd\u00ed show posl\u016fm \u2013 a agent\u016fm: nacisticko-banderistick\u00e9 gangy rozpoutaj\u00ed v Rusku v\u00e1lku teroru na l\u00e9ta. Z \u00fazem\u00ed Ukrajiny. Stejn\u011b jako Idlib v S\u00fdrii z\u016fst\u00e1v\u00e1 prost\u0159ed\u00edm p\u0159\u00e1telsk\u00fdm k terorismu.<\/span><\/p>\n<p><span style=\"font-size: 18pt;\"><strong>Soubor Odessa<\/strong><\/span><\/p>\n<p><span>Putinova strategie mo\u017en\u00e1 sm\u011b\u0159uje k n\u011b\u010demu, co jeho kritik\u016fm unik\u00e1. Jeho p\u0159\u00e1n\u00ed n\u00e1vratu m\u00edru a obnoven\u00ed zdrav\u00fdch vztah\u016f s Kyjevem a Z\u00e1padem mus\u00ed b\u00fdt lest \u2013 proto\u017ee jako prvn\u00ed v\u00ed, \u017ee se to nestane.<\/span><\/p>\n<p><span>Je jasn\u00e9, \u017ee Kyjev se dobrovoln\u011b nevzd\u00e1 \u00fazem\u00ed: ta budou muset b\u00fdt dobyta na boji\u0161ti. Nav\u00edc NATO prost\u011b nem\u016f\u017ee podepsat sv\u00e9 kosmick\u00e9 pon\u00ed\u017een\u00ed na te\u010dkovan\u00e9 \u010d\u00e1\u0159e a p\u0159ijmout, \u017ee Rusko dostane to, co od \u00fanora 2022 po\u017eaduje.<\/span><\/p>\n<p><span>Putin\u016fv prvn\u00ed \u2013 diplomatick\u00fd \u2013 c\u00edl v\u0161ak ji\u017e byl spln\u011bn. Jasn\u011b uk\u00e1zal Glob\u00e1ln\u00ed v\u011bt\u0161in\u011b, \u017ee je otev\u0159en\u00fd \u0159e\u0161it dilema v klidn\u00e9 atmosf\u00e9\u0159e, zat\u00edmco zmaten\u00e9 NATO neust\u00e1le k\u0159i\u010d\u00ed \u201eV\u00e1lka!\u201c ka\u017edou dal\u0161\u00ed minutu.<\/span><\/p>\n<p><span>Hegemon chce v\u00e1lku? Tak to bude v\u00e1lka \u2013 do posledn\u00edho Ukrajince.<\/span><\/p>\n<p><span>A t\u00edm se dost\u00e1v\u00e1me k souboru Odessa.<\/span><\/p>\n<p><span>Putin, co je z\u00e1sadn\u00ed, ne\u0159ekl nic o Od\u011bse. Toto je posledn\u00ed \u0161ance Kyjeva na udr\u017een\u00ed Od\u011bsy. Pokud bude m\u00edrov\u00fd n\u00e1vrh definitivn\u011b zam\u00edtnut, bude Od\u011bsa figurovat v dal\u0161\u00edm seznamu nesmlouvav\u00fdch.<\/span><\/p>\n<p><span>Ministr zahrani\u010d\u00ed Sergej Lavrov to op\u011bt potvrdil: \u201ePutin je trp\u011bliv\u00fd. Kdo m\u00e1 u\u0161i, usly\u0161\u00ed, kdo m\u00e1 mozek, pochop\u00ed.&#8220;<\/span><\/p>\n<p><span>Nikdo by nem\u011bl o\u010dek\u00e1vat, \u017ee se na Z\u00e1pad\u011b objev\u00ed pracuj\u00edc\u00ed mozky. Ma\u010farsk\u00fd premi\u00e9r Viktor Orban potvrdil, jak NATO pl\u00e1nuje masivn\u00ed instalace v Polsku, Rumunsku a na Slovensku, aby \u201ekoordinovalo p\u0159esuny zbran\u00ed na Ukrajinu\u201c.<\/span><\/p>\n<p><span>P\u0159idejte k tomu epileptickou desku z norsk\u00e9ho d\u0159eva s prohl\u00e1\u0161en\u00edm, \u017ee NATO \u201ediskutovalo\u201c o uveden\u00ed sv\u00fdch jadern\u00fdch zbran\u00ed do stavu bojov\u00e9 p\u0159ipravenosti \u201etv\u00e1\u0159\u00ed v tv\u00e1\u0159 rostouc\u00ed hrozb\u011b ze strany Ruska a \u010c\u00edny\u201c.<\/span><\/p>\n<p><span>Old Stolty znovu prozradil hru: v\u0161imn\u011bte si, \u017ee je to cel\u00e9 o paranoie Hegemona s dv\u011bma hlavn\u00edmi \u201eexistenci\u00e1ln\u00edmi hrozbami\u201c,<\/span><\/p>\n<p><span>Strategick\u00e9 partnerstv\u00ed Rusko-\u010c\u00edna. To znamen\u00e1, \u017ee v\u016fdci BRICS koordinuj\u00ed sm\u011b\u0159ov\u00e1n\u00ed k multipol\u00e1rn\u00edmu,\u00a0<\/span><em><span>multiuzlov\u00e9mu<\/span><\/em><span>\u00a0(dola kurz\u00edvou), \u201eharmonick\u00e9mu\u201c (Putinova terminologie) sv\u011btu.<\/span><\/p>\n<p><span style=\"font-size: 18pt;\"><strong>Kr\u00e1de\u017e rusk\u00fdch pen\u011bz je leg\u00e1ln\u00ed<\/strong><\/span><\/p>\n<p><span>Pak je tu do o\u010d\u00ed bij\u00edc\u00ed kr\u00e1de\u017e rusk\u00fdch finan\u010dn\u00edch aktiv.<\/span><\/p>\n<p><span>P\u0159i sv\u00e9 politov\u00e1n\u00edhodn\u00e9 pod\u00edvan\u00e9 v Apulii v ji\u017en\u00ed It\u00e1lii G7 \u2013 za p\u0159\u00edtomnosti nelegitimn\u00edho zpocen\u00e9ho herce v tri\u010dku \u2013 souhlasila s t\u00edm, \u017ee poskytne Ukrajin\u011b dal\u0161\u00edch 50 miliard dolar\u016f v p\u016fj\u010dk\u00e1ch, financovan\u00fdch z \u00farok\u016f ze zmrazen\u00fdch rusk\u00fdch a pro v\u0161echny praktick\u00e9 \u00fa\u010dely. ukraden\u00fd majetek.<\/span><\/p>\n<p><span>Italsk\u00e1 premi\u00e9rka Giorgia Meloniov\u00e1 \u2013 jej\u00ed\u017e \u00faprava kade\u0159nictv\u00ed a \u0161atn\u00edku se p\u0159esv\u011bd\u010div\u011b net\u00fdkala jej\u00edho mozku \u2013 s dokonale zvr\u00e1cenou logikou \u0159ekla, \u017ee G7 \u201enezabav\u00ed zmrazen\u00fd majetek Rusk\u00e9 federace\u201c; &#8222;Mluv\u00edme o \u00faroc\u00edch, kter\u00e9 kumuluj\u00ed v pr\u016fb\u011bhu \u010dasu.&#8220;<\/span><\/p>\n<p><span>Jak jdou finan\u010dn\u00ed podvody, tohle je v\u011bc kr\u00e1sy.<\/span><\/p>\n<p><span>Hlavn\u00ed z\u00e1kazn\u00edk (Hegemon) a jeho n\u00e1stroj (EU) se v podstat\u011b sna\u017e\u00ed maskovat skute\u010dnou kr\u00e1de\u017e t\u011bchto \u201ezmrazen\u00fdch\u201c rusk\u00fdch st\u00e1tn\u00edch aktiv, jako by \u0161lo o leg\u00e1ln\u00ed transakci.<\/span><\/p>\n<p><span>EU p\u0159evede \u201ezmrazen\u00e1\u201c aktiva \u2013 n\u011bco kolem 260 miliard dolar\u016f \u2013 do stavu zaji\u0161t\u011bn\u00ed americk\u00e9 p\u016fj\u010dky. To je cel\u00e9 \u2013 proto\u017ee pouze v\u00fdnosy plynouc\u00ed z majetku by jako z\u00e1stava k zaji\u0161t\u011bn\u00ed \u00fav\u011bru nesta\u010dily.<\/span><\/p>\n<p><span>St\u00e1v\u00e1 se je\u0161t\u011b kostkovan\u011bj\u0161\u00ed. Tyto prost\u0159edky neopust\u00ed Washington do Kyjeva; z\u016fstanou ve m\u011bst\u011b ve prosp\u011bch pr\u016fmyslov\u011b-vojensk\u00e9ho komplexu, kter\u00fd chrl\u00ed dal\u0161\u00ed zbran\u011b.<\/span><\/p>\n<p><span>Tak\u017ee EU ukradne aktiva pod chatrnou pr\u00e1vn\u00ed z\u00e1minkou (Janet Yellenov\u00e1 u\u017e \u0159ekla, \u017ee je to v po\u0159\u00e1dku) a p\u0159evede je do USA. Washington je imunn\u00ed, pokud se v\u0161echno pokaz\u00ed \u2013 jak se to stane.<\/span><\/p>\n<p><span>Jen bl\u00e1zen by uv\u011b\u0159il, \u017ee Ameri\u010dan\u00e9 poskytnou zna\u010dnou p\u016fj\u010dku de facto zemi 404 s ratingem st\u00e1tn\u00edho dluhu v propasti. Ta \u0161pinav\u00e1 pr\u00e1ce je p\u0159id\u011blena Evropan\u016fm: je na EU, aby zm\u011bnila status ukraden\u00fdch\/\u201czmrazen\u00fdch\u201d aktiv Ruska na kolater\u00e1l.<\/span><\/p>\n<p><span>A po\u010dkejte si na ultim\u00e1tn\u00ed kostkov\u00fd gambit. Cel\u00e9 sch\u00e9ma se t\u00fdk\u00e1 Euroclearu v Belgii \u2013 kde je zaparkov\u00e1no nejv\u011bt\u0161\u00ed mno\u017estv\u00ed rusk\u00fdch prost\u0159edk\u016f. Rozhodnut\u00ed o tomto podvodu s pran\u00edm \u0161pinav\u00fdch pen\u011bz v\u0161ak nep\u0159ijala Belgie a dokonce ani eurokrat\u00e9.<\/span><\/p>\n<p><span>Bylo to rozhodnut\u00ed G7 vnucen\u00e9 Hegemonem. Belgie nen\u00ed ani sou\u010d\u00e1st\u00ed G7. P\u0159esto to nakonec bude \u201ed\u016fv\u011bryhodnost\u201c EU jako celku, kter\u00e1 p\u016fjde dol\u016f vodou p\u0159es celou glob\u00e1ln\u00ed v\u011bt\u0161inu.<\/span><\/p>\n<p><span>A hlu\u0161\u00ed, n\u011bm\u00ed a slep\u00ed si to podle o\u010dek\u00e1v\u00e1n\u00ed ani neuv\u011bdomuj\u00ed.<\/span><\/p>\n<p><a href=\"https:\/\/strategic-culture.su\/news\/2024\/06\/18\/hegemon-orders-europe-bet-on-war-and-steal-russia-money\/\">Pepe Escobar<\/a><\/p>\n<p><img decoding=\"async\" loading=\"lazy\" class=\"alignnone size-medium wp-image-48181\" src=\"http:\/\/www.infokuryr.cz\/n\/wp-content\/uploads\/2024\/02\/pepe-escobar-300x166.jpg\" alt=\"\" width=\"300\" height=\"166\" srcset=\"https:\/\/www.infokuryr.cz\/n\/wp-content\/uploads\/2024\/02\/pepe-escobar-300x166.jpg 300w, https:\/\/www.infokuryr.cz\/n\/wp-content\/uploads\/2024\/02\/pepe-escobar.jpg 527w\" sizes=\"(max-width: 300px) 100vw, 300px\" \/><\/p>\n<p>&nbsp;<\/p>\n","protected":false},"excerpt":{"rendered":"<p>\u0160v\u00fdcarsk\u00fd \u201em\u00edr\u201c kabuki p\u0159ich\u00e1zel a odch\u00e1zel \u2013 a v\u00edt\u011bzem se stal Vladimir Putin. Ani se&#8230;<\/p>\n","protected":false},"author":2,"featured_media":56035,"comment_status":"closed","ping_status":"closed","sticky":false,"template":"","format":"standard","meta":[],"categories":[7],"tags":[1042,2470,90,22],"_links":{"self":[{"href":"https:\/\/www.infokuryr.cz\/n\/wp-json\/wp\/v2\/posts\/56034"}],"collection":[{"href":"https:\/\/www.infokuryr.cz\/n\/wp-json\/wp\/v2\/posts"}],"about":[{"href":"https:\/\/www.infokuryr.cz\/n\/wp-json\/wp\/v2\/types\/post"}],"author":[{"embeddable":true,"href":"https:\/\/www.infokuryr.cz\/n\/wp-json\/wp\/v2\/users\/2"}],"replies":[{"embeddable":true,"href":"https:\/\/www.infokuryr.cz\/n\/wp-json\/wp\/v2\/comments?post=56034"}],"version-history":[{"count":1,"href":"https:\/\/www.infokuryr.cz\/n\/wp-json\/wp\/v2\/posts\/56034\/revisions"}],"predecessor-version":[{"id":56036,"href":"https:\/\/www.infokuryr.cz\/n\/wp-json\/wp\/v2\/posts\/56034\/revisions\/56036"}],"wp:featuredmedia":[{"embeddable":true,"href":"https:\/\/www.infokuryr.cz\/n\/wp-json\/wp\/v2\/media\/56035"}],"wp:attachment":[{"href":"https:\/\/www.infokuryr.cz\/n\/wp-json\/wp\/v2\/media?parent=56034"}],"wp:term":[{"taxonomy":"category","embeddable":true,"href":"https:\/\/www.infokuryr.cz\/n\/wp-json\/wp\/v2\/categories?post=56034"},{"taxonomy":"post_tag","embeddable":true,"href":"https:\/\/www.infokuryr.cz\/n\/wp-json\/wp\/v2\/tags?post=56034"}],"curies":[{"name":"wp","href":"https:\/\/api.w.org\/{rel}","templated":true}]}}