{"id":56026,"date":"2024-06-20T00:31:29","date_gmt":"2024-06-19T22:31:29","guid":{"rendered":"https:\/\/www.infokuryr.cz\/n\/?p=56026"},"modified":"2024-06-19T15:41:04","modified_gmt":"2024-06-19T13:41:04","slug":"big-pharma-ma-v-priprave-mnohem-vice-mrna-vakcin-zde-jsou-nektere-z-nich","status":"publish","type":"post","link":"https:\/\/www.infokuryr.cz\/n\/2024\/06\/20\/big-pharma-ma-v-priprave-mnohem-vice-mrna-vakcin-zde-jsou-nektere-z-nich\/","title":{"rendered":"Big Pharma m\u00e1 v p\u0159\u00edprav\u011b mnohem v\u00edce mRNA vakc\u00edn, zde jsou n\u011bkter\u00e9 z nich"},"content":{"rendered":"<div id=\"fb-root\"><\/div>\n<div class=\"elementor-element elementor-element-1fb4c2c elementor-widget elementor-widget-theme-post-content\" data-id=\"1fb4c2c\" data-element_type=\"widget\" data-widget_type=\"theme-post-content.default\">\n<div class=\"elementor-widget-container\">\n<p><strong>Moderna ned\u00e1vno z\u00edskala schv\u00e1len\u00ed pro novou mRNA vakc\u00ednu proti RSV. Uveden\u00ed na trh je pl\u00e1nov\u00e1no na podzim p\u0159\u00ed\u0161t\u00edho roku. Ve v\u00fdvoji je tak\u00e9 mRNA vakc\u00edna proti ch\u0159ipce.<\/strong><\/p>\n<p><span>Dr. John Campbell v nov\u00e9m videu poukazuje na to, \u017ee vakc\u00edny proti ch\u0159ipce ji\u017e existuj\u00ed, ale cht\u011bj\u00ed je nahradit vakc\u00ednami mRNA. Ve skute\u010dnosti cht\u011bj\u00ed d\u00e1t lidem mRNA vakc\u00ednu proti RSV a ch\u0159ipce sou\u010dasn\u011b.<\/span><\/p>\n<p><span>K dispozici je tak\u00e9 nov\u00e1 kombinovan\u00e1 vakc\u00edna proti Covidu a ch\u0159ipce. Podle \u201eliteratury\u201c je tato vakc\u00edna \u201e\u00fa\u010dinn\u011bj\u0161\u00ed\u201c ne\u017e p\u0159edchoz\u00ed vakc\u00edny. Uv\u00e1d\u00ed se, \u017ee kombinovan\u00e1 injekce vyvol\u00e1v\u00e1 siln\u011bj\u0161\u00ed imunitn\u00ed odpov\u011b\u010f proti ob\u011bma nemocem.<\/span><\/p>\n<div class=\"twitter-tweet twitter-tweet-rendered\"><iframe id=\"twitter-widget-0\" class=\"\" title=\"X Post\" src=\"https:\/\/platform.twitter.com\/embed\/Tweet.html?dnt=false&amp;embedId=twitter-widget-0&amp;features=eyJ0ZndfdGltZWxpbmVfbGlzdCI6eyJidWNrZXQiOltdLCJ2ZXJzaW9uIjpudWxsfSwidGZ3X2ZvbGxvd2VyX2NvdW50X3N1bnNldCI6eyJidWNrZXQiOnRydWUsInZlcnNpb24iOm51bGx9LCJ0ZndfdHdlZXRfZWRpdF9iYWNrZW5kIjp7ImJ1Y2tldCI6Im9uIiwidmVyc2lvbiI6bnVsbH0sInRmd19yZWZzcmNfc2Vzc2lvbiI6eyJidWNrZXQiOiJvbiIsInZlcnNpb24iOm51bGx9LCJ0ZndfZm9zbnJfc29mdF9pbnRlcnZlbnRpb25zX2VuYWJsZWQiOnsiYnVja2V0Ijoib24iLCJ2ZXJzaW9uIjpudWxsfSwidGZ3X21peGVkX21lZGlhXzE1ODk3Ijp7ImJ1Y2tldCI6InRyZWF0bWVudCIsInZlcnNpb24iOm51bGx9LCJ0ZndfZXhwZXJpbWVudHNfY29va2llX2V4cGlyYXRpb24iOnsiYnVja2V0IjoxMjA5NjAwLCJ2ZXJzaW9uIjpudWxsfSwidGZ3X3Nob3dfYmlyZHdhdGNoX3Bpdm90c19lbmFibGVkIjp7ImJ1Y2tldCI6Im9uIiwidmVyc2lvbiI6bnVsbH0sInRmd19kdXBsaWNhdGVfc2NyaWJlc190b19zZXR0aW5ncyI6eyJidWNrZXQiOiJvbiIsInZlcnNpb24iOm51bGx9LCJ0ZndfdXNlX3Byb2ZpbGVfaW1hZ2Vfc2hhcGVfZW5hYmxlZCI6eyJidWNrZXQiOiJvbiIsInZlcnNpb24iOm51bGx9LCJ0ZndfdmlkZW9faGxzX2R5bmFtaWNfbWFuaWZlc3RzXzE1MDgyIjp7ImJ1Y2tldCI6InRydWVfYml0cmF0ZSIsInZlcnNpb24iOm51bGx9LCJ0ZndfbGVnYWN5X3RpbWVsaW5lX3N1bnNldCI6eyJidWNrZXQiOnRydWUsInZlcnNpb24iOm51bGx9LCJ0ZndfdHdlZXRfZWRpdF9mcm9udGVuZCI6eyJidWNrZXQiOiJvbiIsInZlcnNpb24iOm51bGx9fQ%3D%3D&amp;frame=false&amp;hideCard=false&amp;hideThread=false&amp;id=1801270230074720542&amp;lang=cs&amp;maxWidth=560px&amp;origin=https%3A%2F%2Funcutnews.ch%2Fbig-pharma-hat-noch-viele-weitere-mrna-impfstoffe-in-der-pipeline-hier-einige-davon%2F&amp;sessionId=90156225c69096078356a0788a1b2ef6917700e1&amp;theme=light&amp;widgetsVersion=2615f7e52b7e0%3A1702314776716&amp;width=550px\" frameborder=\"0\" scrolling=\"no\" allowfullscreen=\"allowfullscreen\" data-tweet-id=\"1801270230074720542\" data-mce-fragment=\"1\"><\/iframe><\/div>\n<p><span>Campbell vysv\u011btluje, \u017ee nov\u00e1 vakc\u00edna se zam\u011b\u0159uje na t\u0159i r\u016fzn\u00e9 varianty ch\u0159ipky a Covid, a proto bude pravd\u011bpodobn\u011b obsahovat \u010dty\u0159i sekvence mRNA.<\/span><\/p>\n<p><span>Dodal, \u017ee se p\u0159ipravuje mnoho dal\u0161\u00edch mRNA vakc\u00edn, v\u010detn\u011b vakc\u00edn proti CMV (cytomegalovirus), viru Epstein-Barrov\u00e9, viru herpes simplex, viru varicella-zoster a noroviru. Dokonce se vyv\u00edj\u00ed mRNA vakc\u00edna proti pta\u010d\u00ed ch\u0159ipce.<\/span><\/p>\n<p><span>Campbell tak\u00e9 uv\u00e1d\u00ed, \u017ee Moderna dos\u00e1hla dohody s britskou a australskou vl\u00e1dou a \u017ee v Kanad\u011b a jinde se stav\u00ed obrovsk\u00e9 nov\u00e9 tov\u00e1rny na mRNA.<\/span><\/p>\n<p><span>\u201eVyv\u00edjej\u00ed se ve velk\u00e9m m\u011b\u0159\u00edtku. FDA schv\u00e1lil dal\u0161\u00ed a regul\u00e1to\u0159i po cel\u00e9m sv\u011bt\u011b jsou kontaktov\u00e1ni. Je to neuv\u011b\u0159iteln\u00e9, ale pokra\u010duje to.&#8220;<\/span><\/p>\n<p><span>Campbell sarkasticky \u0159\u00edk\u00e1: &#8222;Regul\u00e1to\u0159i jsou tu, aby n\u00e1s chr\u00e1nili, doufejme, \u017ee ano. Chci \u0159\u00edct, \u017ee jsou z velk\u00e9 \u010d\u00e1sti financov\u00e1ny farmaceutick\u00fdm pr\u016fmyslem, ale jsem si jist\u00fd, \u017ee to neovliv\u0148uje jejich rozhodov\u00e1n\u00ed.&#8220;<\/span><\/p>\n<p><span>Poznamen\u00e1v\u00e1, \u017ee m\u00ed\u0159\u00edme do \u201ezaj\u00edmav\u00fdch \u010das\u016f\u201c.<\/span><\/p>\n<p><strong>Kompletn\u00ed video:<\/strong><\/p>\n<figure class=\"wp-block-embed is-type-video is-provider-youtube wp-block-embed-youtube wp-embed-aspect-16-9 wp-has-aspect-ratio\">\n<div class=\"wp-block-embed__wrapper\"><iframe loading=\"lazy\" title=\"budoucnost mRNA\" src=\"https:\/\/www.youtube.com\/embed\/tFzTTuuzfH0?feature=oembed\" width=\"800\" height=\"450\" frameborder=\"0\" allowfullscreen=\"allowfullscreen\" data-mce-fragment=\"1\"><\/iframe><\/div>\n<\/figure>\n<\/div>\n<\/div>\n<div class=\"elementor-element elementor-element-46a8472 elementor-grid-3 elementor-grid-tablet-2 elementor-grid-mobile-1 elementor-posts--thumbnail-top elementor-widget elementor-widget-posts\" data-id=\"46a8472\" data-element_type=\"widget\" data-settings=\"{&quot;classic_row_gap&quot;:{&quot;unit&quot;:&quot;px&quot;,&quot;size&quot;:25,&quot;sizes&quot;:[]},&quot;classic_columns&quot;:&quot;3&quot;,&quot;classic_columns_tablet&quot;:&quot;2&quot;,&quot;classic_columns_mobile&quot;:&quot;1&quot;,&quot;classic_row_gap_tablet&quot;:{&quot;unit&quot;:&quot;px&quot;,&quot;size&quot;:&quot;&quot;,&quot;sizes&quot;:[]},&quot;classic_row_gap_mobile&quot;:{&quot;unit&quot;:&quot;px&quot;,&quot;size&quot;:&quot;&quot;,&quot;sizes&quot;:[]}}\" data-widget_type=\"posts.classic\">\n<div class=\"elementor-widget-container\">\n<div class=\"elementor-posts-container elementor-posts elementor-posts--skin-classic elementor-grid elementor-has-item-ratio\"><img decoding=\"async\" loading=\"lazy\" class=\"alignnone size-full wp-image-1185\" src=\"http:\/\/www.infokuryr.cz\/n\/wp-content\/uploads\/2021\/04\/kuryr-podpis.png\" alt=\"\" width=\"84\" height=\"24\" \/><\/p>\n<\/div>\n<\/div>\n<\/div>\n","protected":false},"excerpt":{"rendered":"<p>Moderna ned\u00e1vno z\u00edskala schv\u00e1len\u00ed pro novou mRNA vakc\u00ednu proti RSV. Uveden\u00ed na trh je pl\u00e1nov\u00e1no&#8230;<\/p>\n","protected":false},"author":2,"featured_media":34810,"comment_status":"closed","ping_status":"closed","sticky":false,"template":"","format":"standard","meta":[],"categories":[7],"tags":[949,694,651],"_links":{"self":[{"href":"https:\/\/www.infokuryr.cz\/n\/wp-json\/wp\/v2\/posts\/56026"}],"collection":[{"href":"https:\/\/www.infokuryr.cz\/n\/wp-json\/wp\/v2\/posts"}],"about":[{"href":"https:\/\/www.infokuryr.cz\/n\/wp-json\/wp\/v2\/types\/post"}],"author":[{"embeddable":true,"href":"https:\/\/www.infokuryr.cz\/n\/wp-json\/wp\/v2\/users\/2"}],"replies":[{"embeddable":true,"href":"https:\/\/www.infokuryr.cz\/n\/wp-json\/wp\/v2\/comments?post=56026"}],"version-history":[{"count":1,"href":"https:\/\/www.infokuryr.cz\/n\/wp-json\/wp\/v2\/posts\/56026\/revisions"}],"predecessor-version":[{"id":56027,"href":"https:\/\/www.infokuryr.cz\/n\/wp-json\/wp\/v2\/posts\/56026\/revisions\/56027"}],"wp:featuredmedia":[{"embeddable":true,"href":"https:\/\/www.infokuryr.cz\/n\/wp-json\/wp\/v2\/media\/34810"}],"wp:attachment":[{"href":"https:\/\/www.infokuryr.cz\/n\/wp-json\/wp\/v2\/media?parent=56026"}],"wp:term":[{"taxonomy":"category","embeddable":true,"href":"https:\/\/www.infokuryr.cz\/n\/wp-json\/wp\/v2\/categories?post=56026"},{"taxonomy":"post_tag","embeddable":true,"href":"https:\/\/www.infokuryr.cz\/n\/wp-json\/wp\/v2\/tags?post=56026"}],"curies":[{"name":"wp","href":"https:\/\/api.w.org\/{rel}","templated":true}]}}