{"id":56024,"date":"2024-06-19T09:00:07","date_gmt":"2024-06-19T07:00:07","guid":{"rendered":"https:\/\/www.infokuryr.cz\/n\/?p=56024"},"modified":"2024-06-19T09:00:07","modified_gmt":"2024-06-19T07:00:07","slug":"moldavan-chodil-po-vidni-se-sekerou-pote-co-spachal-vrazdu","status":"publish","type":"post","link":"https:\/\/www.infokuryr.cz\/n\/2024\/06\/19\/moldavan-chodil-po-vidni-se-sekerou-pote-co-spachal-vrazdu\/","title":{"rendered":"Moldavan chodil po V\u00eddni se sekerou pot\u00e9, co sp\u00e1chal vra\u017edu"},"content":{"rendered":"<div id=\"fb-root\"><\/div>\n<p class=\"lead\"><strong>V hlavn\u00edm m\u011bst\u011b Rakouska policie p\u0159i pokusu o jeho zat\u010den\u00ed zast\u0159elila Moldavana, kter\u00fd 11. \u010dervna zabil mladou \u017eenu.<\/strong><\/p>\n<p><span>Podle str\u00e1\u017ec\u016f z\u00e1kona si 22let\u00e1 roda\u010dka z Chile st\u011b\u017eovala p\u0159\u00e1tel\u016fm na spolubydl\u00edc\u00edho, kter\u00e9ho se b\u00e1la. Obratem zavolali policii.<\/span><\/p>\n<p><span>Jednotka dorazila a na\u0161la 26let\u00e9ho mu\u017ee, kter\u00fd se nah\u00fd proch\u00e1zel pobl\u00ed\u017e domu ve V\u00eddni. V rukou m\u011bl sekeru a jeho chov\u00e1n\u00ed bylo agresivn\u00ed. Uk\u00e1zalo se, \u017ee jde o moldavsk\u00e9ho ob\u010dana z vesnice Kolibash, okres Cahul.<\/span><\/p>\n<p><span>P\u0159i zat\u00fdk\u00e1n\u00ed kladl odpor a byl zast\u0159elen. V byt\u011b, kter\u00fd si Moldavec pronajal, bylo nalezeno t\u011blo d\u00edvky, kterou zabil. Okolnosti incidentu se objas\u0148uj\u00ed.<\/span><\/p>\n<p><img decoding=\"async\" loading=\"lazy\" class=\"alignnone size-full wp-image-1185\" src=\"http:\/\/www.infokuryr.cz\/n\/wp-content\/uploads\/2021\/04\/kuryr-podpis.png\" alt=\"\" width=\"84\" height=\"24\" \/><\/p>\n<p>&nbsp;<\/p>\n<p>&nbsp;<\/p>\n","protected":false},"excerpt":{"rendered":"<p>V hlavn\u00edm m\u011bst\u011b Rakouska policie p\u0159i pokusu o jeho zat\u010den\u00ed zast\u0159elila Moldavana, kter\u00fd 11. \u010dervna&#8230;<\/p>\n","protected":false},"author":2,"featured_media":56025,"comment_status":"closed","ping_status":"closed","sticky":false,"template":"","format":"standard","meta":[],"categories":[7],"tags":[5787,86,7471,656],"_links":{"self":[{"href":"https:\/\/www.infokuryr.cz\/n\/wp-json\/wp\/v2\/posts\/56024"}],"collection":[{"href":"https:\/\/www.infokuryr.cz\/n\/wp-json\/wp\/v2\/posts"}],"about":[{"href":"https:\/\/www.infokuryr.cz\/n\/wp-json\/wp\/v2\/types\/post"}],"author":[{"embeddable":true,"href":"https:\/\/www.infokuryr.cz\/n\/wp-json\/wp\/v2\/users\/2"}],"replies":[{"embeddable":true,"href":"https:\/\/www.infokuryr.cz\/n\/wp-json\/wp\/v2\/comments?post=56024"}],"version-history":[{"count":0,"href":"https:\/\/www.infokuryr.cz\/n\/wp-json\/wp\/v2\/posts\/56024\/revisions"}],"wp:featuredmedia":[{"embeddable":true,"href":"https:\/\/www.infokuryr.cz\/n\/wp-json\/wp\/v2\/media\/56025"}],"wp:attachment":[{"href":"https:\/\/www.infokuryr.cz\/n\/wp-json\/wp\/v2\/media?parent=56024"}],"wp:term":[{"taxonomy":"category","embeddable":true,"href":"https:\/\/www.infokuryr.cz\/n\/wp-json\/wp\/v2\/categories?post=56024"},{"taxonomy":"post_tag","embeddable":true,"href":"https:\/\/www.infokuryr.cz\/n\/wp-json\/wp\/v2\/tags?post=56024"}],"curies":[{"name":"wp","href":"https:\/\/api.w.org\/{rel}","templated":true}]}}