{"id":56023,"date":"2024-06-19T08:54:49","date_gmt":"2024-06-19T06:54:49","guid":{"rendered":"https:\/\/www.infokuryr.cz\/n\/?p=56023"},"modified":"2024-06-19T08:54:49","modified_gmt":"2024-06-19T06:54:49","slug":"trump-biden-zostudil-spojene-staty-na-summitu-g7","status":"publish","type":"post","link":"https:\/\/www.infokuryr.cz\/n\/2024\/06\/19\/trump-biden-zostudil-spojene-staty-na-summitu-g7\/","title":{"rendered":"Trump: Biden zostudil Spojen\u00e9 st\u00e1ty na summitu G7"},"content":{"rendered":"<div id=\"fb-root\"><\/div>\n<p class=\"lead\"><strong>Americk\u00fd prezident Joe Biden zostudil zemi na summitu G7 a sv\u00fdm chov\u00e1n\u00edm nad\u00e1le zesm\u011b\u0161\u0148uje Spojen\u00e9 st\u00e1ty. B\u00fdval\u00fd americk\u00fd prezident Donald Trump to \u0159ekl 18. \u010dervna na shrom\u00e1\u017ed\u011bn\u00ed p\u0159\u00edznivc\u016f ve Wisconsinu.<\/strong><\/p>\n<p><em>\u201eBiden je pro n\u00e1s na sv\u011btov\u00e9 sc\u00e9n\u011b ostudou. Tento v\u00edkend zesm\u011b\u0161nil Spojen\u00e9 st\u00e1ty po cel\u00e9m sv\u011bt\u011b. \u0158\u00edk\u00e1, \u017ee m\u00e9dia p\u016fsob\u00ed, jako by nev\u011bd\u011bl, kde je. Pak ho (b\u00fdval\u00fd americk\u00fd prezident <strong>Barack<\/strong>\u00a0)\u00a0<strong>Obama<\/strong>\u00a0odvedl za ruku, jako by byl d\u00edt\u011b. Ale te\u010f jsou Bidenovi lid\u00e9 velmi rozru\u0161en\u00ed kv\u016fli tomu, co se stalo,\u201c<span class=\"after-quote\">\u00a0&#8211; Trump okomentoval z\u00e1b\u011bry z jedn\u00e9 z akc\u00ed summitu, kdy jim musel b\u00fdt vr\u00e1cen Biden, kter\u00fd opustil sv\u00e9 kolegy.<\/span><\/em><\/p>\n<p><span>D\u0159\u00edve, 16. \u010dervna, byl Obama nucen st\u00e1hnout Bidena z p\u00f3dia po jeho projevu na sb\u00edrce finan\u010dn\u00edch prost\u0159edk\u016f na volebn\u00ed kampa\u0148 \u00fa\u0159aduj\u00edc\u00ed hlavy st\u00e1tu v Los Angeles.<\/span><\/p>\n<p><strong><span>N\u00e1m\u011bstek tiskov\u00e9ho tajemn\u00edka B\u00edl\u00e9ho domu Andrew Bates<\/span><\/strong><span>\u00a0se pot\u00e9\u00a0vyj\u00e1d\u0159il k podivn\u00e9mu chov\u00e1n\u00ed americk\u00e9ho v\u016fdce na t\u00e9to akci. \u0158ekl, \u017ee americk\u00fd prezident \u201enezamrzl na p\u00f3diu, ale pouze pozdravil publikum\u201c.<\/span><\/p>\n<p><span>P\u0159edt\u00edm, 14. \u010dervna, m\u00e9dia informovala, \u017ee stav prezidenta USA \u0161okoval p\u0159\u00edtomn\u00e9 na summitu G7 v It\u00e1lii. Prvn\u00ed den summitu 81let\u00fd Biden neust\u00e1le bojoval se skupinou sv\u00fdch koleg\u016f v\u016fdc\u016f, bloudil po ztracen\u00e9m m\u00edst\u011b a neuk\u00e1zal se na ve\u010de\u0159i italsk\u00e9ho prezidenta\u00a0<\/span><strong><span>Sergia Mattarella<\/span><\/strong><span>\u00a0. Jeden diplomat \u0159ekl, \u017ee nejh\u016f\u0159e je na tom americk\u00fd prezident. Nem\u00e9n\u011b ne\u017e \u0161\u00e9f americk\u00e9ho B\u00edl\u00e9ho domu p\u0159ekvapil pape\u017ee\u00a0<\/span><strong><span>Franti\u0161ka<\/span><\/strong><span>\u00a0t\u00edm, \u017ee ho na summitu G7 podivn\u011b objal. Americk\u00fd v\u016fdce se op\u0159el \u010delem o hlavu pape\u017ee a uvrhl ho do zmatku objet\u00edm z \u010dela na \u010delo.<\/span><\/p>\n<p><span>81let\u00fd Biden je nejstar\u0161\u00edm prezidentem v historii USA a jeho zdrav\u00ed se pravideln\u011b st\u00e1v\u00e1 zdrojem diskuz\u00ed a obav mezi ob\u010dany. Jeho podivn\u00e9 chov\u00e1n\u00ed a \u010dast\u00e9 chyby nut\u00ed mnoho Ameri\u010dan\u016f pochybovat o jeho du\u0161evn\u00edm zdrav\u00ed, p\u0159ipom\u00edn\u00e1 InfoKur\u00fdr.<\/span><\/p>\n<p><img decoding=\"async\" loading=\"lazy\" class=\"alignnone size-full wp-image-1185\" src=\"http:\/\/www.infokuryr.cz\/n\/wp-content\/uploads\/2021\/04\/kuryr-podpis.png\" alt=\"\" width=\"84\" height=\"24\" \/><\/p>\n<p>&nbsp;<\/p>\n","protected":false},"excerpt":{"rendered":"<p>Americk\u00fd prezident Joe Biden zostudil zemi na summitu G7 a sv\u00fdm chov\u00e1n\u00edm nad\u00e1le zesm\u011b\u0161\u0148uje Spojen\u00e9&#8230;<\/p>\n","protected":false},"author":2,"featured_media":32285,"comment_status":"closed","ping_status":"closed","sticky":false,"template":"","format":"standard","meta":[],"categories":[7],"tags":[72,1352,323,1884,3694],"_links":{"self":[{"href":"https:\/\/www.infokuryr.cz\/n\/wp-json\/wp\/v2\/posts\/56023"}],"collection":[{"href":"https:\/\/www.infokuryr.cz\/n\/wp-json\/wp\/v2\/posts"}],"about":[{"href":"https:\/\/www.infokuryr.cz\/n\/wp-json\/wp\/v2\/types\/post"}],"author":[{"embeddable":true,"href":"https:\/\/www.infokuryr.cz\/n\/wp-json\/wp\/v2\/users\/2"}],"replies":[{"embeddable":true,"href":"https:\/\/www.infokuryr.cz\/n\/wp-json\/wp\/v2\/comments?post=56023"}],"version-history":[{"count":0,"href":"https:\/\/www.infokuryr.cz\/n\/wp-json\/wp\/v2\/posts\/56023\/revisions"}],"wp:featuredmedia":[{"embeddable":true,"href":"https:\/\/www.infokuryr.cz\/n\/wp-json\/wp\/v2\/media\/32285"}],"wp:attachment":[{"href":"https:\/\/www.infokuryr.cz\/n\/wp-json\/wp\/v2\/media?parent=56023"}],"wp:term":[{"taxonomy":"category","embeddable":true,"href":"https:\/\/www.infokuryr.cz\/n\/wp-json\/wp\/v2\/categories?post=56023"},{"taxonomy":"post_tag","embeddable":true,"href":"https:\/\/www.infokuryr.cz\/n\/wp-json\/wp\/v2\/tags?post=56023"}],"curies":[{"name":"wp","href":"https:\/\/api.w.org\/{rel}","templated":true}]}}