{"id":56020,"date":"2024-06-19T08:49:42","date_gmt":"2024-06-19T06:49:42","guid":{"rendered":"https:\/\/www.infokuryr.cz\/n\/?p=56020"},"modified":"2024-06-19T08:49:42","modified_gmt":"2024-06-19T06:49:42","slug":"pchjongjang-uvital-putina-velkolepym-ceremonialem","status":"publish","type":"post","link":"https:\/\/www.infokuryr.cz\/n\/2024\/06\/19\/pchjongjang-uvital-putina-velkolepym-ceremonialem\/","title":{"rendered":"Pchjongjang uv\u00edtal Putina velkolep\u00fdm ceremoni\u00e1lem"},"content":{"rendered":"<div id=\"fb-root\"><\/div>\n<p><span>Severokorejec Kim \u010cong-un ve st\u0159edu p\u0159iv\u00edtal rusk\u00e9ho prezidenta Vladimira Putina v Pchjongjangu velkolep\u00fdm ceremoni\u00e1lem, kter\u00fd p\u0159edstavuje prvn\u00ed ofici\u00e1ln\u00ed n\u00e1v\u0161t\u011bvu rusk\u00e9ho v\u016fdce v zemi od roku 2000.\u00a0<\/span><\/p>\n<p><span>Oba v\u016fdci zah\u00e1jili ofici\u00e1ln\u00ed ceremonii na n\u00e1m\u011bst\u00ed Kim Ir Sena v centru Pchjongjangu ve st\u0159edu kolem poledne. Vojensk\u00fd orchestr hr\u00e1l n\u00e1rodn\u00ed hymny obou n\u00e1rod\u016f a d\u011blost\u0159eleck\u00e1 d\u011bla st\u0159\u00edlela uv\u00edtac\u00ed salvu. N\u00e1m\u011bst\u00ed, kter\u00e9 pojme v\u00edce ne\u017e 100 000 lid\u00ed, bylo pln\u00e9 m\u00edstn\u00edch obyvatel, kte\u0159\u00ed p\u0159i\u0161li pozdravit rusk\u00e9ho prezidenta.\u00a0<\/span><\/p>\n<p><span>P\u0159ed n\u00e1v\u0161t\u011bvou prezidenta Putina byly ulice hlavn\u00edho m\u011bsta Severn\u00ed Koreje vyzdobeny bezpo\u010dtem rusk\u00fdch vlajek, uv\u00edtac\u00edch transparent\u016f v korej\u0161tin\u011b i ru\u0161tin\u011b a portr\u00e9t\u016f rusk\u00e9 hlavy st\u00e1tu.\u00a0<\/span><\/p>\n<div class=\"rtcode\">\n<div><iframe id=\"odysee-iframe\" src=\"https:\/\/odysee.com\/$\/embed\/@RT:fd\/DPRK_190624_1:b?r=gNEohk5cVe5jvjXLJ3PzE3WvnJReMhYS\" allowfullscreen=\"allowfullscreen\" data-mce-fragment=\"1\"><\/iframe><\/div>\n<\/div>\n<p><span>Ofici\u00e1ln\u00ed rozhovory mezi ob\u011bma delegacemi za\u010daly bezprost\u0159edn\u011b po ceremonii a o\u010dek\u00e1v\u00e1 se, \u017ee hlavy st\u00e1t\u016f budou pozd\u011bji b\u011bhem dne diskutovat jeden na jednoho.<\/span><\/p>\n<div style=\"width: 640px;\" class=\"wp-video\"><!--[if lt IE 9]><script>document.createElement('video');<\/script><![endif]-->\n<video class=\"wp-video-shortcode\" id=\"video-56020-1\" width=\"640\" height=\"360\" preload=\"metadata\" controls=\"controls\"><source type=\"video\/mp4\" src=\"http:\/\/www.infokuryr.cz\/n\/wp-content\/uploads\/2024\/06\/6672696a85f54001e43eab8a.mp4?_=1\" \/><a href=\"http:\/\/www.infokuryr.cz\/n\/wp-content\/uploads\/2024\/06\/6672696a85f54001e43eab8a.mp4\">http:\/\/www.infokuryr.cz\/n\/wp-content\/uploads\/2024\/06\/6672696a85f54001e43eab8a.mp4<\/a><\/video><\/div>\n<p>&nbsp;<\/p>\n<p><img decoding=\"async\" loading=\"lazy\" class=\"alignnone size-full wp-image-1185\" src=\"http:\/\/www.infokuryr.cz\/n\/wp-content\/uploads\/2021\/04\/kuryr-podpis.png\" alt=\"\" width=\"84\" height=\"24\" \/><\/p>\n","protected":false},"excerpt":{"rendered":"<p>Severokorejec Kim \u010cong-un ve st\u0159edu p\u0159iv\u00edtal rusk\u00e9ho prezidenta Vladimira Putina v Pchjongjangu velkolep\u00fdm ceremoni\u00e1lem, kter\u00fd&#8230;<\/p>\n","protected":false},"author":2,"featured_media":56022,"comment_status":"closed","ping_status":"closed","sticky":false,"template":"","format":"standard","meta":[],"categories":[7],"tags":[502,4097,102,889],"_links":{"self":[{"href":"https:\/\/www.infokuryr.cz\/n\/wp-json\/wp\/v2\/posts\/56020"}],"collection":[{"href":"https:\/\/www.infokuryr.cz\/n\/wp-json\/wp\/v2\/posts"}],"about":[{"href":"https:\/\/www.infokuryr.cz\/n\/wp-json\/wp\/v2\/types\/post"}],"author":[{"embeddable":true,"href":"https:\/\/www.infokuryr.cz\/n\/wp-json\/wp\/v2\/users\/2"}],"replies":[{"embeddable":true,"href":"https:\/\/www.infokuryr.cz\/n\/wp-json\/wp\/v2\/comments?post=56020"}],"version-history":[{"count":0,"href":"https:\/\/www.infokuryr.cz\/n\/wp-json\/wp\/v2\/posts\/56020\/revisions"}],"wp:featuredmedia":[{"embeddable":true,"href":"https:\/\/www.infokuryr.cz\/n\/wp-json\/wp\/v2\/media\/56022"}],"wp:attachment":[{"href":"https:\/\/www.infokuryr.cz\/n\/wp-json\/wp\/v2\/media?parent=56020"}],"wp:term":[{"taxonomy":"category","embeddable":true,"href":"https:\/\/www.infokuryr.cz\/n\/wp-json\/wp\/v2\/categories?post=56020"},{"taxonomy":"post_tag","embeddable":true,"href":"https:\/\/www.infokuryr.cz\/n\/wp-json\/wp\/v2\/tags?post=56020"}],"curies":[{"name":"wp","href":"https:\/\/api.w.org\/{rel}","templated":true}]}}