{"id":5601,"date":"2021-10-24T05:36:17","date_gmt":"2021-10-24T03:36:17","guid":{"rendered":"http:\/\/www.infokuryr.cz\/n\/?p=5601"},"modified":"2021-10-24T05:36:17","modified_gmt":"2021-10-24T03:36:17","slug":"policie-znovu-stiha-exposlance-volneho-a-roznera-po-neobhajeni-mandatu-ztratili-imunitu","status":"publish","type":"post","link":"https:\/\/www.infokuryr.cz\/n\/2021\/10\/24\/policie-znovu-stiha-exposlance-volneho-a-roznera-po-neobhajeni-mandatu-ztratili-imunitu\/","title":{"rendered":"Policie znovu st\u00edh\u00e1 exposlance Voln\u00e9ho a Roznera. Po neobh\u00e1jen\u00ed mand\u00e1tu ztratili imunitu"},"content":{"rendered":"<div id=\"fb-root\"><\/div>\n<p><strong>B\u00fdval\u00ed poslanci Lubom\u00edr Voln\u00fd (Voln\u00fd blok) a Miloslav Rozner (SPD) budou znovu \u010delit policejn\u00edmu vy\u0161et\u0159ov\u00e1n\u00ed kv\u016fli sv\u00fdm v\u00fdrok\u016fm. Informovala o tom \u010cT s odvol\u00e1n\u00edm na mluv\u010d\u00edho policejn\u00edho prezidia Ond\u0159eje Morav\u010d\u00edka. Stalo se tak pot\u00e9, co se ve volb\u00e1ch nedostali do Poslaneck\u00e9 sn\u011bmovny a p\u0159i\u0161li o imunitu, je\u017e policist\u016fm znemo\u017e\u0148ovala konat.<\/strong><\/p>\n<p>Voln\u00e9ho policie podez\u00edr\u00e1 ze \u0161\u00ed\u0159en\u00ed popla\u0161n\u00e9 zpr\u00e1vy v souvislosti s p\u0159\u00edsp\u011bvkem na soci\u00e1ln\u00ed s\u00edti o l\u00e9ku ivermektin. Voln\u00fd\u00a0propagoval\u00a0ivermektin k l\u00e9\u010db\u011b covidu-19. V p\u0159\u00edsp\u011bvku tvrdil, \u017ee se chyst\u00e1 spiknut\u00ed, jeho\u017e c\u00edlem je diskreditace l\u00e9ku prost\u0159ednictv\u00edm zabit\u00ed pacient\u016f.<\/p>\n<p>V n\u00e1vaznosti na to policist\u00e9 v b\u0159eznu uvedli, \u017ee si Voln\u00e9ho p\u0159edvolaj\u00ed k v\u00fdslechu, v kv\u011btnu pak\u00a0po\u017e\u00e1dali\u00a0Poslaneckou sn\u011bmovnu o jeho vyd\u00e1n\u00ed k trestn\u00edmu st\u00edh\u00e1n\u00ed. Sn\u011bmovna o \u017e\u00e1dosti do voleb nerozhodla, by\u0165 mand\u00e1tov\u00fd a imunitn\u00ed v\u00fdbor v \u010dervnu jeho vyd\u00e1n\u00ed ke st\u00edh\u00e1n\u00ed doporu\u010dil.<\/p>\n<p>Voln\u00fd tvrdil, \u017ee chce b\u00fdt vyd\u00e1n, aby, jak uvedl, \u201ev\u0161echna pravdiv\u00e1 data o ivermektinu zazn\u011bla ve ve\u0159ejn\u00e9m prostoru v pr\u016fb\u011bhu m\u00e9 obhajoby u soudu\u201c.<\/p>\n<p>B\u00fdval\u00e9ho poslance SPD Miloslava Roznera, kter\u00e9mu stejn\u011b jako Voln\u00e9mu voli\u010di nedop\u0159\u00e1li na za\u010d\u00e1tku \u0159\u00edjna n\u00e1vrat do doln\u00ed komory parlamentu,\u00a0cht\u011bla policie st\u00edhat\u00a0ji\u017e p\u0159ed dv\u011bma lety kv\u016fli jeho v\u00fdrok\u016fm o n\u011bkdej\u0161\u00edm romsk\u00e9m koncentra\u010dn\u00edm t\u00e1bo\u0159e v Letech u P\u00edsku.<\/p>\n<p>Rozner t\u00e1bor ozna\u010dil za \u201eneexistuj\u00edc\u00ed pseudokoncentr\u00e1k\u201c, kdy\u017e kritizoval z\u00e1m\u011br tehdej\u0161\u00ed vl\u00e1dy slo\u017een\u00e9 z ANO, \u010cSSD a KDU-\u010cSL odkoupit vep\u0159\u00edn, kter\u00fd stoj\u00ed v m\u00edst\u011b t\u00e1bora.<\/p>\n<p>N\u00e1sledn\u011b tvrdil, \u017ee jeho slova nem\u011bla zpochybnit\u00a0<strong>utrpen\u00ed lid\u00ed v t\u00e1bo\u0159e<\/strong>\u00a0za druh\u00e9 sv\u011btov\u00e9 v\u00e1lky, ale m\u00ed\u0159ila na vynalo\u017een\u00ed obrovsk\u00fdch a nep\u0159im\u011b\u0159en\u00fdch financ\u00ed na vybudov\u00e1n\u00ed pam\u00e1tn\u00edku ob\u011btem.<\/p>\n<p>Poslanci Roznera tehdy odm\u00edtli k trestn\u00edmu st\u00edh\u00e1n\u00ed vydat. Nyn\u00ed ji\u017e policii nic nebr\u00e1n\u00ed. Exposlance SPD podez\u00edraj\u00ed z pop\u00edr\u00e1n\u00ed, ze zpochyb\u0148ov\u00e1n\u00ed, schvalov\u00e1n\u00ed a z ospravedl\u0148ov\u00e1n\u00ed genocidy.<\/p>\n<p><strong>Babi\u0161, Svoboda a Ma\u0159\u00edkov\u00e1 z\u00edskali novou imunitu<\/strong><\/p>\n<p>Naopak t\u0159i poslanci mand\u00e1t v leto\u0161n\u00edch volb\u00e1ch obh\u00e1jili a policie by tak m\u011bla znovu \u017e\u00e1dat o jejich vyd\u00e1n\u00ed.<\/p>\n<p>\u201ePokud poslanci vznikl nov\u00fd mand\u00e1t, org\u00e1ny \u010dinn\u00e9 v trestn\u00edm \u0159\u00edzen\u00ed mus\u00ed znovu \u017e\u00e1dat o jeho vyd\u00e1n\u00ed k trestn\u00edmu st\u00edh\u00e1n\u00ed,\u201c \u0159\u00edk\u00e1 viceprezident Unie st\u00e1tn\u00edch z\u00e1stupc\u016f Ond\u0159ej \u0160\u0165astn\u00fd.<\/p>\n<p>U\u017e pot\u0159et\u00ed tak policie\u00a0bude \u017e\u00e1dat\u00a0Sn\u011bmovnu o vyd\u00e1n\u00ed \u0161\u00e9fa hnut\u00ed ANO Andreje Babi\u0161e kv\u016fli kauze \u010cap\u00ed hn\u00edzdo. V minulosti Sn\u011bmovna u\u017e dvakr\u00e1t detektiv\u016fm vyhov\u011bla. Policist\u00e9 mus\u00ed o vyd\u00e1n\u00ed \u017e\u00e1dat v ka\u017ed\u00e9m p\u0159\u00edpad\u011b, bez souhlasu doln\u00ed komory Parlamentu nemohou p\u0159\u00edpad uzav\u0159\u00edt.<\/p>\n<p>B\u00fdval\u00e9ho pra\u017esk\u00e9ho prim\u00e1tora Bohuslava Svobodu (ODS) poslanci nevydali v p\u0159\u00edpadu m\u011bstsk\u00e9 karty Opencard. Policist\u00e9 neusp\u011bli ani se \u017e\u00e1dost\u00ed o vyd\u00e1n\u00ed z\u00e1konod\u00e1rkyn\u011b SPD\u00a0Karly Ma\u0159\u00edkov\u00e9, kter\u00e1 na soci\u00e1ln\u00ed s\u00edti p\u0159irovnala migranty k invazivn\u00edm druh\u016fm rostlin a zv\u00ed\u0159at, jim\u017e by m\u011bl b\u00fdt zak\u00e1z\u00e1n vstup do Evropsk\u00e9 unie.<\/p>\n<p><a href=\"https:\/\/cz.sputniknews.com\/20211022\/policie-znovu-stiha-exposlance-volneho-a-roznera-po-neobhajeni-mandatu-ztratili-imunitu-16261764.html\">ZDROJ<\/a><\/p>\n<p>&nbsp;<\/p>\n","protected":false},"excerpt":{"rendered":"<p>B\u00fdval\u00ed poslanci Lubom\u00edr Voln\u00fd (Voln\u00fd blok) a Miloslav Rozner (SPD) budou znovu \u010delit policejn\u00edmu vy\u0161et\u0159ov\u00e1n\u00ed&#8230;<\/p>\n","protected":false},"author":2,"featured_media":1243,"comment_status":"closed","ping_status":"closed","sticky":false,"template":"","format":"standard","meta":[],"categories":[6],"tags":[788,269,863,152],"_links":{"self":[{"href":"https:\/\/www.infokuryr.cz\/n\/wp-json\/wp\/v2\/posts\/5601"}],"collection":[{"href":"https:\/\/www.infokuryr.cz\/n\/wp-json\/wp\/v2\/posts"}],"about":[{"href":"https:\/\/www.infokuryr.cz\/n\/wp-json\/wp\/v2\/types\/post"}],"author":[{"embeddable":true,"href":"https:\/\/www.infokuryr.cz\/n\/wp-json\/wp\/v2\/users\/2"}],"replies":[{"embeddable":true,"href":"https:\/\/www.infokuryr.cz\/n\/wp-json\/wp\/v2\/comments?post=5601"}],"version-history":[{"count":0,"href":"https:\/\/www.infokuryr.cz\/n\/wp-json\/wp\/v2\/posts\/5601\/revisions"}],"wp:featuredmedia":[{"embeddable":true,"href":"https:\/\/www.infokuryr.cz\/n\/wp-json\/wp\/v2\/media\/1243"}],"wp:attachment":[{"href":"https:\/\/www.infokuryr.cz\/n\/wp-json\/wp\/v2\/media?parent=5601"}],"wp:term":[{"taxonomy":"category","embeddable":true,"href":"https:\/\/www.infokuryr.cz\/n\/wp-json\/wp\/v2\/categories?post=5601"},{"taxonomy":"post_tag","embeddable":true,"href":"https:\/\/www.infokuryr.cz\/n\/wp-json\/wp\/v2\/tags?post=5601"}],"curies":[{"name":"wp","href":"https:\/\/api.w.org\/{rel}","templated":true}]}}