{"id":55968,"date":"2024-06-19T00:42:18","date_gmt":"2024-06-18T22:42:18","guid":{"rendered":"https:\/\/www.infokuryr.cz\/n\/?p=55968"},"modified":"2024-06-18T16:29:17","modified_gmt":"2024-06-18T14:29:17","slug":"stastny-rusky-vojak-vyhral-bitvu-proti-ukrajinskemu-dronu","status":"publish","type":"post","link":"https:\/\/www.infokuryr.cz\/n\/2024\/06\/19\/stastny-rusky-vojak-vyhral-bitvu-proti-ukrajinskemu-dronu\/","title":{"rendered":"\u0160\u0165astn\u00fd rusk\u00fd voj\u00e1k vyhr\u00e1l bitvu proti ukrajinsk\u00e9mu dronu"},"content":{"rendered":"<div id=\"fb-root\"><\/div>\n<p><strong><span class=\"EzKURWReUAB5oZgtQNkl\" data-src-align=\"0:4\"><span>\u0160\u0165astn\u00fd voj\u00e1k<\/span><\/span><span>\u00a0ozbrojen\u00fdch\u00a0<\/span><span class=\"EzKURWReUAB5oZgtQNkl\" data-src-align=\"5:2\"><span>sil<\/span><\/span><span>\u00a0Rusk\u00e9\u00a0<\/span><span class=\"EzKURWReUAB5oZgtQNkl\" data-src-align=\"8:2\"><span>federace<\/span><\/span><span>\u00a0zni\u010dil ukrajinsk\u00fd\u00a0\u00a0<\/span><span class=\"EzKURWReUAB5oZgtQNkl\" data-src-align=\"42:3\"><span>FPV\u00a0<\/span><\/span><span class=\"EzKURWReUAB5oZgtQNkl\" data-src-align=\"46:4\"><span>dron<\/span><\/span><span>\u00a0p\u0159esnou palbou\u00a0<\/span><span class=\"EzKURWReUAB5oZgtQNkl\" data-src-align=\"61:1\"><span>.<\/span><\/span><span>\u00a0N\u00e1padn\u00e9\u00a0\u00a0<\/span><span class=\"EzKURWReUAB5oZgtQNkl\" data-src-align=\"95:8\"><span>prvky<\/span><\/span><span>\u00a0zni\u010den\u00e9ho dronu\u00a0<\/span><span class=\"EzKURWReUAB5oZgtQNkl\" data-src-align=\"104:6\"><span>dopadly<\/span><\/span><span>\u00a0kolem voj\u00e1k\u016f, ale nebyl zran\u011bn a vyv\u00e1zl nedot\u010den.<\/span><\/strong><\/p>\n<div style=\"width: 640px;\" class=\"wp-video\"><!--[if lt IE 9]><script>document.createElement('video');<\/script><![endif]-->\n<video class=\"wp-video-shortcode\" id=\"video-55968-1\" width=\"640\" height=\"813\" preload=\"metadata\" controls=\"controls\"><source type=\"video\/mp4\" src=\"http:\/\/www.infokuryr.cz\/n\/wp-content\/uploads\/2024\/06\/fpv.mp4?_=1\" \/><a href=\"http:\/\/www.infokuryr.cz\/n\/wp-content\/uploads\/2024\/06\/fpv.mp4\">http:\/\/www.infokuryr.cz\/n\/wp-content\/uploads\/2024\/06\/fpv.mp4<\/a><\/video><\/div>\n<p>&nbsp;<\/p>\n<p><img decoding=\"async\" loading=\"lazy\" class=\"alignnone size-full wp-image-1185\" src=\"http:\/\/www.infokuryr.cz\/n\/wp-content\/uploads\/2021\/04\/kuryr-podpis.png\" alt=\"\" width=\"84\" height=\"24\" \/><\/p>\n<p>&nbsp;<\/p>\n","protected":false},"excerpt":{"rendered":"<p>\u0160\u0165astn\u00fd voj\u00e1k\u00a0ozbrojen\u00fdch\u00a0sil\u00a0Rusk\u00e9\u00a0federace\u00a0zni\u010dil ukrajinsk\u00fd\u00a0\u00a0FPV\u00a0dron\u00a0p\u0159esnou palbou\u00a0.\u00a0N\u00e1padn\u00e9\u00a0\u00a0prvky\u00a0zni\u010den\u00e9ho dronu\u00a0dopadly\u00a0kolem voj\u00e1k\u016f, ale nebyl zran\u011bn a vyv\u00e1zl nedot\u010den. &nbsp; &nbsp;<\/p>\n","protected":false},"author":2,"featured_media":55970,"comment_status":"closed","ping_status":"closed","sticky":false,"template":"","format":"standard","meta":[],"categories":[7],"tags":[3727,889,1600],"_links":{"self":[{"href":"https:\/\/www.infokuryr.cz\/n\/wp-json\/wp\/v2\/posts\/55968"}],"collection":[{"href":"https:\/\/www.infokuryr.cz\/n\/wp-json\/wp\/v2\/posts"}],"about":[{"href":"https:\/\/www.infokuryr.cz\/n\/wp-json\/wp\/v2\/types\/post"}],"author":[{"embeddable":true,"href":"https:\/\/www.infokuryr.cz\/n\/wp-json\/wp\/v2\/users\/2"}],"replies":[{"embeddable":true,"href":"https:\/\/www.infokuryr.cz\/n\/wp-json\/wp\/v2\/comments?post=55968"}],"version-history":[{"count":1,"href":"https:\/\/www.infokuryr.cz\/n\/wp-json\/wp\/v2\/posts\/55968\/revisions"}],"predecessor-version":[{"id":55971,"href":"https:\/\/www.infokuryr.cz\/n\/wp-json\/wp\/v2\/posts\/55968\/revisions\/55971"}],"wp:featuredmedia":[{"embeddable":true,"href":"https:\/\/www.infokuryr.cz\/n\/wp-json\/wp\/v2\/media\/55970"}],"wp:attachment":[{"href":"https:\/\/www.infokuryr.cz\/n\/wp-json\/wp\/v2\/media?parent=55968"}],"wp:term":[{"taxonomy":"category","embeddable":true,"href":"https:\/\/www.infokuryr.cz\/n\/wp-json\/wp\/v2\/categories?post=55968"},{"taxonomy":"post_tag","embeddable":true,"href":"https:\/\/www.infokuryr.cz\/n\/wp-json\/wp\/v2\/tags?post=55968"}],"curies":[{"name":"wp","href":"https:\/\/api.w.org\/{rel}","templated":true}]}}