{"id":55944,"date":"2024-06-18T05:59:22","date_gmt":"2024-06-18T03:59:22","guid":{"rendered":"https:\/\/www.infokuryr.cz\/n\/?p=55944"},"modified":"2024-06-18T05:59:22","modified_gmt":"2024-06-18T03:59:22","slug":"michael-svatos-kupceni-s-bruselskymi-koryty-letos-dosahlo-zatim-nejvyssi-urovne","status":"publish","type":"post","link":"https:\/\/www.infokuryr.cz\/n\/2024\/06\/18\/michael-svatos-kupceni-s-bruselskymi-koryty-letos-dosahlo-zatim-nejvyssi-urovne\/","title":{"rendered":"Michael Svato\u0161: Kup\u010den\u00ed s bruselsk\u00fdmi koryty letos dos\u00e1hlo zat\u00edm nejvy\u0161\u0161\u00ed \u00farovn\u011b&#8230;"},"content":{"rendered":"<div id=\"fb-root\"><\/div>\n<p><span style=\"font-size: 14pt; color: #993366;\"><strong>Kup\u010den\u00ed s bruselsk\u00fdmi koryty letos dos\u00e1hlo zat\u00edm nejvy\u0161\u0161\u00ed \u00farovn\u011b. Hlavn\u00ed kandid\u00e1tka slibuje, \u017ee uval\u00ed na \u010cechy i Slov\u00e1ky nov\u00e9 tu\u010dn\u00e9 miliardov\u00e9 v\u00e1le\u010dn\u00e9 poplatky a rozd\u011bl\u00ed je mezi n\u011bkolik v\u011brn\u00fdch zem\u00ed!<\/strong><\/span><\/p>\n<p>Sou\u010dasn\u00ed z\u00e1padn\u00ed politici jsou prohnan\u00ed podvodn\u00edci. Je tomu sotva p\u00e1r hodin, co se se\u0161li v It\u00e1lii, a potom ve \u0160v\u00fdcarsku, a spole\u010dn\u011b z obou konferenc\u00ed<strong>\u00a0<a href=\"https:\/\/www.ft.com\/content\/cf7cb859-97a9-4973-b75a-7c680fc37b66\">hrozili pod taktovkou kyjevsk\u00e9ho n\u00e1\u010deln\u00edka<\/a><\/strong>\u00a0jak \u010c\u00edn\u011b, tak Rusku, \u017ee s nimi zato\u010d\u00ed, kdy\u017e se nepod\u0159\u00edd\u00ed v\u016fli kolektivn\u00edho Z\u00e1padu. Jakmile v\u0161ak ob\u011b p\u0159edstaven\u00ed pro z\u00e1padn\u00ed mainstream skon\u010dila, za\u010dali se hned d\u00edt v\u011bci, nad kter\u00fdmi jde zase hlava kolem.<\/p>\n<h3><span style=\"color: #993366;\">(1) Austr\u00e1lie hodila Tchaj-wan i Ukrajinu p\u0159es palubu a za\u010dala pan\u00e1\u010dkovat p\u0159ed \u010c\u00ednou. A m\u00e1 to \u0161okuj\u00edc\u00ed d\u016fvod.\u00a0<\/span><\/h3>\n<p>Na konferenci ve \u0160v\u00fdcarsku zastupoval Austr\u00e1lii ministr Bill Shorten, a ten na n\u00ed<strong>\u00a0<a href=\"https:\/\/kyivindependent.com\/australian-representative-to-ukraine-peace-summit-more-high-notes-than-expected\/\">hlasit\u011b chv\u00e1lil<\/a><\/strong>\u00a0state\u010dn\u00e9 v\u00fdchodoevropsk\u00e9 politiky, kte\u0159\u00ed se neboj\u00ed vzep\u0159\u00edt Putinovi ani Xi, sliboval jim v\u011b\u010dnou a hojnou australskou podporu, a prohl\u00e1sil Austr\u00e1lii za str\u00e1\u017ece ukrajinsk\u00fdch hodnot v Asii. Nikdo z na\u0161eho mainstreamu, kter\u00fd svorn\u011b od ned\u011ble v\u0159e\u0161t\u011bl o fantastick\u00e9m diplomatick\u00e9m \u00fasp\u011bchu Zelensk\u00e9ho hopla-popu\u00a0ve \u0160v\u00fdcarsku, rad\u011bji ani nep\u00e1tral, pro\u010d Austr\u00e1lii na konferenci zastupoval pouze jej\u00ed\u00a0<strong><a href=\"https:\/\/www.billshorten.com.au\/\">ministr II. kategorie Bill Shorten<\/a><\/strong>. A co vlastn\u011b m\u011bl tak d\u016fle\u017eit\u00e9ho na pr\u00e1ci australsk\u00fd premi\u00e9r<strong>\u00a0<a href=\"https:\/\/anthonyalbanese.com.au\/\">Anthony Albanese<\/a><\/strong>, \u017ee do \u0160v\u00fdcarska ani nedorazil, a ani tam neposlal \u017e\u00e1dn\u00e9ho sv\u00e9ho ministra I. kategorie. Konzumenti mainstreamu by byli ur\u010dit\u011b nep\u0159\u00edjemn\u011b zmateni. Albanese toti\u017e za \u00fa\u010dasti v\u0161ech sv\u00fdch d\u016fle\u017eit\u00fdch ministr\u016f<strong>\u00a0<a href=\"https:\/\/www.globaltimes.cn\/page\/202406\/1314301.shtml\">doma v Canber\u0159e pan\u00e1\u010dkoval<\/a><\/strong>\u00a0p\u0159ed v\u00fdpravou \u010d\u00ednsk\u00e9ho p\u0159edsedy vl\u00e1dy<strong><a href=\"https:\/\/en.wikipedia.org\/wiki\/Li_Qiang\">\u00a0Li Qiang<\/a><\/strong>.<\/p>\n<p>Za vzorn\u00e9 vystupov\u00e1n\u00ed byl Albanese ihned odm\u011bn\u011bn znamenit\u00fdm darem, a Australan\u00e9 tak mohou odte\u010f l\u00edtat do \u010c\u00edny, jak se jim zamane, a bez v\u00edz. Albanese za odm\u011bnu okam\u017eit\u011b prohl\u00e1sil Tchaj-wan za v\u00fdhradn\u00ed majetek \u010c\u00edny, a do\u010dkal se \u00fapln\u00e9ho otev\u0159en\u00ed \u010d\u00ednsk\u00e9ho n\u00e1ru\u010d\u00ed. Oba premi\u00e9\u0159i si pak jen notovali, \u017ee \u010dasy \u010dty\u0159i roky star\u00fdch australsk\u00fdch sankc\u00ed na \u010d\u00ednsk\u00e9 obchody jsou zapomenuty, a austral\u0161t\u00ed i \u010d\u00edn\u0161t\u00ed podnikatel\u00e9 dostali za \u00fakol okam\u017eit\u011b mezi sebou za\u010d\u00edt obchodovat o sto-\u0161est. Zaj\u00edmav\u00e9 je, co vlastn\u011b premi\u00e9ra Albanese k tomuto \u00fapln\u00e9mu obratu v \u010d\u00ednsk\u00e9 politice vedlo. Austr\u00e1lie m\u00e1 toti\u017e v\u00e1\u017en\u00fd probl\u00e9m. Nakoupila si v USA 72 st\u00edhac\u00edch bombard\u00e9r\u016f F-35 a \u010dty\u0159i jadern\u00e9 \u00fato\u010dn\u00e9 ponorky. A ob\u011b zak\u00e1zky se letos za\u010daly, jak u\u017e to u americk\u00fdch zbran\u00ed b\u00fdv\u00e1,<strong>\u00a0<a href=\"https:\/\/www.defensenews.com\/global\/asia-pacific\/2024\/05\/15\/australia-unveils-record-37-billion-defense-budget\/#:~:text=The%20figure%20equates%20to%202.02,reach%20about%20AU%2467.4%20billion.\">ne\u010dekan\u011b a rapidn\u011b prodra\u017eovat<\/a><\/strong>. A australsk\u00e1 vl\u00e1da rychle pochopila, \u017ee provozov\u00e1n\u00ed modern\u00edch zbran\u00ed striktn\u011b vy\u017eaduje provozov\u00e1n\u00ed vysoce v\u00fdkonn\u00e9 ekonomiky. A kdy\u017e v\u00fdkonnost australsk\u00e9 ekonomiky z\u00e1vis\u00ed na exportu potravin a surovin, tak nezb\u00fdv\u00e1 ne\u017e si udob\u0159it jejich hlavn\u00edho sv\u011btov\u00e9ho odb\u011bratele \u010c\u00ednu. Paradoxn\u011b se tak uk\u00e1zalo, \u017ee \u201cp\u0159eh\u0159\u00e1t\u00ed vyzbrojov\u00e1n\u00ed Austr\u00e1lie proti \u010c\u00edn\u011b\u201d, podn\u00edcen\u00e9 p\u0159ed p\u00e1r lety Washingtonem, vedlo jen k rychl\u00e9mu politick\u00e9mu usm\u00ed\u0159en\u00ed mezi Canberrou a Pekingem. Pro \u010cechy pou\u010dn\u00e9. Proto\u017ee kam asi tak povede p\u0159eh\u0159\u00e1t\u00ed \u010desk\u00e9ho vyzbrojov\u00e1n\u00ed proti Rusku, \u017ee?<\/p>\n<h3><span style=\"color: #993366;\">(2) Bezskrupulosn\u00ed kup\u010den\u00ed s bruselsk\u00fdmi koryty se letos zcela vymklo kontrole. Skoro ka\u017ed\u00fd vl\u00e1dnouc\u00ed politik si te\u010f sna\u017e\u00ed urvat n\u011bjakou bruselskou \u017eidli pod d\u016fchodem, proto\u017ee m\u00e1 strach, \u017ee p\u0159\u00ed\u0161t\u00ed volby ve sv\u00e9 zemi u\u017e politicky nep\u0159e\u017eije.\u00a0<\/span><\/h3>\n<p>\u010ce\u0161i i Slov\u00e1ci by m\u011bli zpozorn\u011bt. V EU se nyn\u00ed rozehr\u00e1la nemilosrdn\u00e1 hra o v\u00fdnosn\u00e1 koryta, a jednotliv\u00ed politici se v n\u00ed p\u0159edh\u00e1n\u011bj\u00ed v t\u011bch nej\u0161\u00edlen\u011bj\u0161\u00edch slibech, co v\u0161echno za miliardov\u00e9 k\u0161efty v budoucnu lobbist\u016fm za\u0159\u00edd\u00ed, kdy\u017e jim dohod\u00ed n\u011bjak\u00fd ten slu\u0161n\u011b honorovan\u00fd bruselsk\u00fd post. \u010cech\u016fm i Slov\u00e1k\u016fm konkr\u00e9tn\u011b hroz\u00ed, \u017ee budou muset v p\u0159\u00ed\u0161t\u00edch letech do Bruselu odv\u00e1d\u011bt ze sv\u00fdch mrzk\u00fdch mezd nov\u00fd poplatek. Ten m\u00e1 b\u00fdt p\u0159edur\u010den k budouc\u00ed v\u00fd\u017eiv\u011b a vyzbrojov\u00e1n\u00ed voj\u00e1k\u016f Estonska, Litvy, Loty\u0161ska, Finska a Polska, proto\u017ee je pr\u00fd nespravedliv\u00e9, \u017ee jejich zem\u011b maj\u00ed spole\u010dnou hranici s Putinov\u00fdm Gosudarstvem. A poplatek m\u00e1 zbroja\u0159\u016fm i dodavatel\u016fm po\u017eivatin\u00a0a mund\u016fr\u016f pro zm\u00edn\u011bn\u00e1 pohrani\u010dn\u00ed vojska<strong>\u00a0<a href=\"https:\/\/www.err.ee\/1609370408\/kallas-valitsus-pole-saanud-kaitseministrilt-1-6-miljardi-taotlust\">vyn\u00e9st 2.5 bilionu CZK<\/a><\/strong>. Poplatek m\u00e1 nav\u00edc m\u00edt formu spl\u00e1tek \u00fav\u011br\u016f od bank\u00e9\u0159\u016f, co\u017e bude je\u0161t\u011b dra\u017e\u0161\u00ed.<\/p>\n<p>Hlavn\u00ed\u00a0propag\u00e1torkou zaveden\u00ed poplatku je estonsk\u00e1 premi\u00e9rka Kaja Kallasov\u00e1, kter\u00e1 se sna\u017e\u00ed urvat si post evropsk\u00e9 ministryn\u011b zahrani\u010d\u00ed.<a href=\"https:\/\/www.blesk.cz\/clanek\/zpravy-politika\/788280\/dcera-expremiera-novou-sefkou-evropske-komise-severanka-kaja-sije-do-putina-a-podporuje-ukrajinu.html\">\u00a0Kallasov\u00e1 je popul\u00e1rn\u00ed v Praze<\/a>.\u00a0Kallasov\u00e1 je zn\u00e1m\u00e1, \u017ee po t\u00e9, co jej\u00ed rodina kv\u016fli bruselsk\u00fdm sankc\u00edm musela ukon\u010dit v\u00fdnosn\u00e9 podnik\u00e1n\u00ed v Rusku, nevynech\u00e1 jedin\u00fd den,\u00a0<a href=\"https:\/\/www.theguardian.com\/world\/article\/2024\/may\/17\/putin-is-seeking-to-weaponise-threat-of-ukraine-mass-migration-says-estonian-pm\">aby na Putina nebo na Rusy aspo\u0148 jednou neplivla<\/a>,\u00a0\u010di jim nehrozila zni\u010den\u00edm. Kallasov\u00e1 se u\u017e na p\u0159elomu roku pokou\u0161ela urvat post gener\u00e1ln\u00ed tajemnice NATO po Stoltenbergovi, le\u010d narazila na VETO z Washingtonu. Deep State si na nejvy\u0161\u0161\u00edm politick\u00e9m postu NATO nep\u0159eje \u201c\u017e\u00e1dn\u00e9ho zavil\u00e9ho protirusk\u00e9ho \u0161tv\u00e1\u010de\u201d, proto\u017ee \u010dasem bude muset gener\u00e1ln\u00ed tajemn\u00edk podat ruku Putinovi a z\u00edskat si jeho sympatie. Gosudar Kallasovou pohrd\u00e1 a nechal na ni vydat zatyka\u010d, aby utnul v\u0161echny jej\u00ed ambice pro tento post.\u00a0 Kallasov\u00e1, jakmile pochopila, \u017ee p\u0159es B\u00edl\u00fd d\u016fm a Kreml do NATO neprojde, ihned za\u010dala sp\u0159\u00e1dat s\u00edt\u011b aspo\u0148 v Bruselu na post ministryn\u011b zahrani\u010d\u00ed EU. A podle posledn\u00edch p\u0159edpoklad\u016f sv\u00e9 vytou\u017een\u00e9 koryto vykup\u010d\u00ed, proto\u017ee jej\u00ed anga\u017em\u00e1 zajist\u00ed na opl\u00e1tku koryto von der Leyenov\u00e9. N\u011bmci toti\u017e striktn\u011b trvaj\u00ed, \u017ee nov\u00fdm \u0161\u00e9fem komise EU m\u016f\u017ee b\u00fdt jen Germ\u00e1n! A jen sou\u010dasn\u00e9 anga\u017em\u00e1 von der Leyen i Kallas \u010din\u00ed tento germ\u00e1nsk\u00fd c\u00edl dosa\u017eiteln\u00fdm. Zcela typick\u00e9 pro Eurokraty je, pro\u010d se Kallasov\u00e1 sna\u017e\u00ed urvat si n\u011bjak\u00e9 Euro koryto doslova za ka\u017edou cenu. Kallasov\u00e1 je toti\u017e nyn\u00ed v Estonsku popul\u00e1rn\u00ed asi podobn\u011b jako Fiala v \u010cR.<\/p>\n<p><a href=\"https:\/\/stranapro.cz\/\"><img decoding=\"async\" loading=\"lazy\" class=\"wp-image-40285 aligncenter\" src=\"http:\/\/www.infokuryr.cz\/n\/wp-content\/uploads\/2023\/11\/11pro-300x79.png\" alt=\"\" width=\"778\" height=\"205\" srcset=\"https:\/\/www.infokuryr.cz\/n\/wp-content\/uploads\/2023\/11\/11pro-300x79.png 300w, https:\/\/www.infokuryr.cz\/n\/wp-content\/uploads\/2023\/11\/11pro.png 363w\" sizes=\"(max-width: 778px) 100vw, 778px\" \/><\/a><\/p>\n<p>D\u016fvody jsou stejn\u011b prost\u00e9, jako d\u016fvody Austr\u00e1lie za\u010d\u00edt pan\u00e1\u010dkovat p\u0159ed \u010c\u00ed\u0148any. Kallasov\u00e1, kter\u00e1 neust\u00e1le vyhro\u017euje Rus\u016fm a slibuje jim por\u00e1\u017eku, doma p\u0159ed ned\u00e1vn\u00fdmi volbami do Europarlamentu u\u010dinila pro laika ne\u010dekan\u00e9 rozhodnut\u00ed, a tajn\u011b\u00a0<a href=\"https:\/\/www.err.ee\/1609370408\/kallas-valitsus-pole-saanud-kaitseministrilt-1-6-miljardi-taotlust\">odm\u00edtla zv\u00fd\u0161it vojensk\u00e9 v\u00fddaje Estonska o 1.6 miliardy EUR,<\/a>\u00a0kter\u00e9 byly ur\u010deny na n\u00e1kup munice. Po skand\u00e1lu, kter\u00fd jej\u00ed rozhodnut\u00ed vyvolalo, na protest odstoupilo z vl\u00e1dy i n\u011bkolik ni\u017e\u0161\u00edch estonsk\u00fdch \u00fa\u0159edn\u00edk\u016f jest\u0159\u00e1b\u016f. Kallasov\u00e1 do posledn\u00ed chv\u00edle p\u0159ed volbami sv\u00e9 rozhodnut\u00ed tajila. I tak j\u00ed to nepomohlo, a Eurovolby projela stejn\u011b jako \u010desk\u00e1 fialov\u00e1 parta.\u00a0<a href=\"https:\/\/www.err.ee\/1609354260\/raul-ennus-ulevaljakarbe-on-oige-tee-kui-see-riigimehelikult-ellu-viia\">V Estonsku toti\u017e mezi lidem pu\u010d\u00ed zloba<\/a>. Ekonomika se propad\u00e1 (-3.1% za 2023), \u00fa\u0159edn\u00edci se mno\u017e\u00ed, na jejich rostouc\u00ed platy chyb\u011bj\u00ed pen\u00edze, a vl\u00e1da Kallasov\u00e9 um\u00ed jedin\u00e9,\u00a0<a href=\"https:\/\/www.err.ee\/1609370408\/kallas-valitsus-pole-saanud-kaitseministrilt-1-6-miljardi-taotlust\">zvy\u0161ovat dan\u011b<\/a>\u00a0i\u00a0<a href=\"https:\/\/www.err.ee\/1609354260\/raul-ennus-ulevaljakarbe-on-oige-tee-kui-see-riigimehelikult-ellu-viia\">po\u010dty \u00fa\u0159edn\u00edk\u016f<\/a>.\u00a0Jen\u017ee Estonsko je mal\u00e1 zem\u011b, a nepopul\u00e1rn\u00ed zv\u00fd\u0161en\u00ed dan\u00ed na auta, ani nesta\u010dilo na nutn\u00e9 pokryt\u00ed n\u00e1kupu munice za 1.5 miliardy EUR. Estonce i nad\u00e1le \u010dekaj\u00ed t\u011b\u017ek\u00e9 \u010dasy, a zemi se pod veden\u00edm Kallasov\u00e9 nijak neda\u0159\u00ed sni\u017eovat schodek HDP.\u00a0<a href=\"https:\/\/www.eestipank.ee\/press\/prognoos-eesti-pank-prognoosib-majanduse-pooret-kasvule-teisel-poolaastal-14062024\">Rozpo\u010dtov\u00fd deficit m\u00e1 dokonce v p\u0159\u00ed\u0161t\u00edch letech vr\u016fst ze 3.4% na 4.6% HDP<\/a>, a Kallasov\u00e1 je tak je\u0161t\u011b v\u011bt\u0161\u00ed ekonomick\u00e1 b\u0159\u00eddilka ne\u017e dosavadn\u00ed hlavn\u00ed z\u00e1padn\u00ed sv\u011btov\u00fd rekordman na tomto poli Petr Fiala.<\/p>\n<h3><span style=\"color: #993366;\">(3) Do N\u011bmecka letos dorazil rekordn\u00ed po\u010det nep\u0159izp\u016fsobiv\u00fdch neevropsk\u00fdch imigrant\u016f, kter\u00e9 v \u017e\u00e1dn\u00e9m p\u0159\u00edpad\u011b nelze nijak vr\u00e1tit do \u017e\u00e1dn\u00e9 zem\u011b. Le\u010d je podle Raku\u0161anova paktu leg\u00e1ln\u00ed\u00a0 je nad\u011blit jin\u00fdm zem\u00edm EU. Nyn\u011bj\u0161\u00ed n\u011bmeck\u00e1 taktika p\u0159i kup\u010den\u00ed s bruselsk\u00fdmi koryty nazna\u010duje, co m\u00e1 vlastn\u011b Berl\u00edn za lubem.<\/span><\/h3>\n<p>Podle ofici\u00e1ln\u00edch vl\u00e1dn\u00edch \u00fadaj\u016f dorazilo letos mezi lednem a kv\u011btnem do N\u011bmecka rekordn\u00edch 100 000 uprchl\u00edk\u016f. Nejhor\u0161\u00ed ov\u0161em je, \u017ee<a href=\"https:\/\/rmx.news\/article\/germany-record-57-of-asylum-seekers-had-no-id-to-date-in-2024\/\">\u00a0rekordn\u00edch 57% z nich nem\u00e1 \u017e\u00e1dn\u00fd doklad sv\u00e9 toto\u017enosti<\/a>,\u00a0a rafinovan\u011b odm\u00edt\u00e1 sd\u011blit jakou m\u00e1 st\u00e1tn\u00ed p\u0159\u00edslu\u0161nost. Podle platn\u00fdch z\u00e1kon\u016f EU tak nelze \u017e\u00e1dn\u00e9ho z t\u011bchto mazan\u00fdch neevropsk\u00fdch uprchl\u00edk\u016f z EU vyhostit. Jak\u00e9koli azylov\u00e9 \u0159\u00edzen\u00ed s nimi je de facto zbyte\u010dn\u00e9, proto\u017ee soud v\u017edy rozhodne, \u017ee je nen\u00ed kam vyhostit, a tak mohou z\u016fstat.<\/p>\n<p>V N\u011bmecku se pod n\u00e1porem nep\u0159izp\u016fsobiv\u00fdch uprchl\u00edk\u016f hrout\u00ed ekonomika i soci\u00e1ln\u00ed syst\u00e9m a doch\u00e1zej\u00ed byty pro N\u011bmce. Roste tam brut\u00e1ln\u00ed kriminalita. Vra\u017eedn\u00e9 \u00fatoky no\u017ei, \u010di hromadn\u00e1 zn\u00e1sil\u0148ov\u00e1n\u00ed \u017een uprchl\u00edky, jsou u\u017e na denn\u00edm po\u0159\u00e1dku. N\u011bme\u010dt\u00ed voli\u010di proto za\u010dali prudce m\u011bnit sv\u016fj vkus, a kdo rychle nezbav\u00ed zemi desetitis\u00edc\u016f nep\u0159izp\u016fsobiv\u00fdch p\u0159ivandrovalc\u016f, ten si v politice u\u017e v\u00fdznamn\u011b ne\u0161krtne.<\/p>\n<p>Prof. Bernd Raffelh\u00fcschen<a href=\"https:\/\/rmx.news\/article\/germany-record-57-of-asylum-seekers-had-no-id-to-date-in-2024\/\">\u00a0ned\u00e1vno spo\u010d\u00edtal<\/a>, kolik u\u017e N\u011bmecko tito nep\u0159izp\u016fsobiv\u00ed imigranti st\u00e1li, a ta suma v\u0161em vyrazila dech: 5.8 bilionu EUR. To je 145 bilion\u016f CZK. Cel\u00e9 \u010cesk\u00e9 republice by tato suma vysta\u010dila na 18 let naprost\u00e9 ne\u010dinnosti, nebo na 54 let, kdy by se sice pracovalo stejn\u011b jako dnes, ale nemusely by se vyb\u00edrat \u017e\u00e1dn\u00e9 dan\u011b, poplatky, ani d\u016fchodov\u00e9 nebo zdravotn\u00ed poji\u0161t\u011bn\u00ed. Je tak jasn\u00e9, \u017ee n\u011bme\u010dt\u00ed politici nyn\u00ed u\u010din\u00ed cokoli, aby se t\u011bchto imigrant\u016f zbavili. A jedinou leg\u00e1ln\u00ed cestu p\u0159edstavuje Raku\u0161an\u016fv pakt, respektive p\u0159id\u011blen\u00ed necht\u011bn\u00fdch uprchl\u00edk\u016f do jin\u00e9 zem\u011b EU. Proto N\u011bmci tak urputn\u011b trvaj\u00ed na funkci p\u0159edsedy komise EU.<\/p>\n<p>Mraven\u010d\u00ed pr\u00e1ce p\u0159i dne\u0161n\u00ed anal\u00fdze je u konce. Jdu se s chut\u00ed svalit do postele.\u00a0 Kdo anal\u00fdzy \u010dte, pros\u00edm zva\u017ete mo\u017enost darem podpo\u0159it jejich pokra\u010dov\u00e1n\u00ed. T\u011bm, kdo p\u0159isp\u011bli, moc d\u011bkuji. Na konci textu ka\u017ed\u00e9 anal\u00fdzy je zve\u0159ejn\u011bn \u00fa\u010det pro dary. M\u011bjte se kr\u00e1sn\u011b.<\/p>\n<p><a href=\"https:\/\/www.michalapetr.com\/map-2021-kupceni-s-bruselskymi-koryty-letos-dosahlo-zatim-nejvyssi-urovne-hlavni-kandidatka-slibuje-ze-uvali-na-cechy-i-slovaky-nove-tucne-miliardove-valecne-poplatky-a-rozdeli-je-mezi-nekolik-verny\/\">Michael Svato\u0161<\/a><\/p>\n<p><img decoding=\"async\" loading=\"lazy\" class=\"alignnone size-full wp-image-27204\" src=\"http:\/\/www.infokuryr.cz\/n\/wp-content\/uploads\/2023\/05\/Michael_Svatos.png\" alt=\"\" width=\"180\" height=\"180\" srcset=\"https:\/\/www.infokuryr.cz\/n\/wp-content\/uploads\/2023\/05\/Michael_Svatos.png 180w, https:\/\/www.infokuryr.cz\/n\/wp-content\/uploads\/2023\/05\/Michael_Svatos-150x150.png 150w\" sizes=\"(max-width: 180px) 100vw, 180px\" \/><\/p>\n<p>&nbsp;<\/p>\n","protected":false},"excerpt":{"rendered":"<p>Kup\u010den\u00ed s bruselsk\u00fdmi koryty letos dos\u00e1hlo zat\u00edm nejvy\u0161\u0161\u00ed \u00farovn\u011b. Hlavn\u00ed kandid\u00e1tka slibuje, \u017ee uval\u00ed na&#8230;<\/p>\n","protected":false},"author":2,"featured_media":53850,"comment_status":"closed","ping_status":"closed","sticky":false,"template":"","format":"standard","meta":[],"categories":[6],"tags":[1042,41,207,7458],"_links":{"self":[{"href":"https:\/\/www.infokuryr.cz\/n\/wp-json\/wp\/v2\/posts\/55944"}],"collection":[{"href":"https:\/\/www.infokuryr.cz\/n\/wp-json\/wp\/v2\/posts"}],"about":[{"href":"https:\/\/www.infokuryr.cz\/n\/wp-json\/wp\/v2\/types\/post"}],"author":[{"embeddable":true,"href":"https:\/\/www.infokuryr.cz\/n\/wp-json\/wp\/v2\/users\/2"}],"replies":[{"embeddable":true,"href":"https:\/\/www.infokuryr.cz\/n\/wp-json\/wp\/v2\/comments?post=55944"}],"version-history":[{"count":0,"href":"https:\/\/www.infokuryr.cz\/n\/wp-json\/wp\/v2\/posts\/55944\/revisions"}],"wp:featuredmedia":[{"embeddable":true,"href":"https:\/\/www.infokuryr.cz\/n\/wp-json\/wp\/v2\/media\/53850"}],"wp:attachment":[{"href":"https:\/\/www.infokuryr.cz\/n\/wp-json\/wp\/v2\/media?parent=55944"}],"wp:term":[{"taxonomy":"category","embeddable":true,"href":"https:\/\/www.infokuryr.cz\/n\/wp-json\/wp\/v2\/categories?post=55944"},{"taxonomy":"post_tag","embeddable":true,"href":"https:\/\/www.infokuryr.cz\/n\/wp-json\/wp\/v2\/tags?post=55944"}],"curies":[{"name":"wp","href":"https:\/\/api.w.org\/{rel}","templated":true}]}}