{"id":55925,"date":"2024-06-18T00:34:07","date_gmt":"2024-06-17T22:34:07","guid":{"rendered":"https:\/\/www.infokuryr.cz\/n\/?p=55925"},"modified":"2024-06-17T19:22:54","modified_gmt":"2024-06-17T17:22:54","slug":"starostove-chteji-zaplatit-432-milionu-svemu-sponzorovi-z-verejnych-penez","status":"publish","type":"post","link":"https:\/\/www.infokuryr.cz\/n\/2024\/06\/18\/starostove-chteji-zaplatit-432-milionu-svemu-sponzorovi-z-verejnych-penez\/","title":{"rendered":"Starostov\u00e9 cht\u011bj\u00ed zaplatit 432 milion\u016f sv\u00e9mu sponzorovi z ve\u0159ejn\u00fdch pen\u011bz"},"content":{"rendered":"<div id=\"fb-root\"><\/div>\n<p><strong>STAN chce za 432 milion\u016f K\u010d z VE\u0158EJN\u00ddCH pen\u011bz koupit budovu sv\u00e9ho vlastn\u00edho sponzora. Skute\u010dn\u00e1 hodnota nemovitosti je o 116 milion\u016f K\u010d ni\u017e\u0161\u00ed. Jak tohle cht\u011bj\u00ed vysv\u011btlit? Dozimetr a mafi\u00e1nsk\u00e9 praktiky z\u0159ejm\u011b u Starost\u016f nad\u00e1le pokra\u010duj\u00ed?<\/strong><\/p>\n<p>\ud83d\udc49 D\u016fv\u011bra v Petra Fialu se op\u011bt rekordn\u011b propadla. Nyn\u00ed u\u017e jen 17 % \u010cech\u016f v\u011b\u0159\u00ed a schvaluje politiku premi\u00e9ra, uk\u00e1zal pr\u016fzkum. Na dal\u0161\u00edch m\u00edstech &#8222;od konce&#8220; je Mark\u00e9ta Pekarov\u00e1 Adamov\u00e1 a Marian Jure\u010dka. Nikdo se nem\u016f\u017ee divit. Dopad vl\u00e1dy je na ob\u010dany zcela zdrcuj\u00edc\u00ed.<\/p>\n<p>\ud83d\udc49 Pol\u00e1ci v\u016fbec poprv\u00e9 v historii vyd\u011bl\u00e1vaj\u00ed v pr\u016fm\u011bru v\u00edce ne\u017e \u010ce\u0161i. Republika se pod p\u011btikoali\u010dn\u00ed vl\u00e1dou zcela zadrhla. Jsme jedin\u00e1 zem\u011b v EU, kter\u00e1 se ekonomicky nevzpamatovala z pandemie. A to je bohu\u017eel jen jeden z mnoha probl\u00e9m\u016f.<\/p>\n<p>\ud83d\udc49 Chronicky vulg\u00e1rn\u00ed starosta Pavel Novotn\u00fd (ODS), kter\u00fd opakovan\u011b ur\u00e1\u017e\u00ed \u017eeny na ve\u0159ejnosti, z\u016fst\u00e1v\u00e1 i nad\u00e1le ve stran\u011b ob\u010dansk\u00fdch demokrat\u016f. Tohle je ta jejich &#8222;hodnotov\u00e1 politika&#8220;.<\/p>\n<p>\ud83d\udc49Pir\u00e1ti zah\u00e1jili v Praze kampa\u0148 s heslem &#8222;bez korupce pro lidi&#8220;. Tomu snad nikdo u\u017e nem\u016f\u017ee ani v\u011b\u0159it? \u010cty\u0159i roky vl\u00e1dy pir\u00e1tsk\u00e9ho prim\u00e1tora Zde\u0148ka H\u0159iba p\u0159inesly krom\u011b zbyte\u010dn\u00fdch cyklopruh\u016f a omezov\u00e1n\u00ed automobil\u016f hlavn\u011b af\u00e9ru Dozimetr &#8211; nejv\u011bt\u0161\u00ed korup\u010dn\u00ed skand\u00e1l v historii hlavn\u00edho m\u011bsta.<\/p>\n<p>\ud83d\udc49 Praha m\u011bla minul\u00fd rok p\u0159ebytek 30 miliard K\u010d. Za tyto pen\u00edze by se dalo postavit 30 z\u00e1kladn\u00edch \u0161kol, 60 parkovac\u00edch dom\u016f nebo 10 tis\u00edc byt\u016f. Mohlo by se kone\u010dn\u011b vy\u0159e\u0161it katastrof\u00e1ln\u00ed parkov\u00e1n\u00ed nebo \u0159ada jin\u00fdch probl\u00e9m\u016f. Ale ne. Neinvestuje se do ni\u010deho a pen\u00edze po\u017e\u00edr\u00e1 inflace.<\/p>\n<p>\ud83d\udc49 Praha 11 m\u00e1 po p\u016flroce bezvl\u00e1d\u00ed a chaosu kone\u010dn\u011b nov\u00e9ho starostu. Je to dobr\u00e1 zpr\u00e1va pro ob\u010dany, jeliko\u017e se zastavily ve\u0161ker\u00e9 d\u016fle\u017eit\u00e9 projekty a hrozilo tak\u00e9, \u017ee Ji\u017en\u00ed M\u011bsto p\u0159ijde o v\u00fdrazn\u00e9 dotace od hlavn\u00edho m\u011bsta. Radost z cel\u00e9 situace ale \u00fapln\u011b nem\u00e1m, proto\u017ee s HPP11 jsme m\u011bli asi z 90 % shodn\u00fd program. P\u0159esto s n\u00e1mi odm\u00edtli konstruktivn\u011b jednat.<\/p>\n<p>To v\u0161e a mnohem v\u00edc se dozv\u00edte v 88. d\u00edlu m\u00e9ho politick\u00e9ho podcastu. D\u011bkuji v\u00e1m p\u0159edem za zhl\u00e9dnut\u00ed a pros\u00edm o dal\u0161\u00ed sd\u00edlen\u00ed, a\u0165 se pravdu dozv\u00ed co nejv\u00edc lid\u00ed! T\u011b\u0161\u00edm se na dotazy i koment\u00e1\u0159e!<\/p>\n<p><iframe loading=\"lazy\" title=\"Starostov\u00e9 cht\u011bj\u00ed zaplatit 432 milion\u016f sv\u00e9mu sponzorovi z ve\u0159ejn\u00fdch pen\u011bz. | \u010cau Praho! #88\" width=\"640\" height=\"360\" src=\"https:\/\/www.youtube.com\/embed\/_fqeCFSQ1ao?feature=oembed\" frameborder=\"0\" allow=\"accelerometer; autoplay; clipboard-write; encrypted-media; gyroscope; picture-in-picture; web-share\" referrerpolicy=\"strict-origin-when-cross-origin\" allowfullscreen><\/iframe><\/p>\n<p><span style=\"font-size: 14pt;\"><strong>Ing. Ond\u0159ej Prokop, p\u0159edseda hnut\u00ed ANO v Praze<\/strong><\/span><\/p>\n<p>&nbsp;<\/p>\n<p><a href=\"https:\/\/stranapro.cz\/\"><img decoding=\"async\" loading=\"lazy\" class=\"wp-image-40286 aligncenter\" src=\"http:\/\/www.infokuryr.cz\/n\/wp-content\/uploads\/2023\/11\/12pro-300x87.png\" alt=\"\" width=\"948\" height=\"275\" srcset=\"https:\/\/www.infokuryr.cz\/n\/wp-content\/uploads\/2023\/11\/12pro-300x87.png 300w, https:\/\/www.infokuryr.cz\/n\/wp-content\/uploads\/2023\/11\/12pro.png 366w\" sizes=\"(max-width: 948px) 100vw, 948px\" \/><\/a><\/p>\n<p>&nbsp;<\/p>\n<p>&nbsp;<\/p>\n","protected":false},"excerpt":{"rendered":"<p>STAN chce za 432 milion\u016f K\u010d z VE\u0158EJN\u00ddCH pen\u011bz koupit budovu sv\u00e9ho vlastn\u00edho sponzora. Skute\u010dn\u00e1&#8230;<\/p>\n","protected":false},"author":2,"featured_media":55926,"comment_status":"closed","ping_status":"closed","sticky":false,"template":"","format":"standard","meta":[],"categories":[6],"tags":[6313,90,122,424,889],"_links":{"self":[{"href":"https:\/\/www.infokuryr.cz\/n\/wp-json\/wp\/v2\/posts\/55925"}],"collection":[{"href":"https:\/\/www.infokuryr.cz\/n\/wp-json\/wp\/v2\/posts"}],"about":[{"href":"https:\/\/www.infokuryr.cz\/n\/wp-json\/wp\/v2\/types\/post"}],"author":[{"embeddable":true,"href":"https:\/\/www.infokuryr.cz\/n\/wp-json\/wp\/v2\/users\/2"}],"replies":[{"embeddable":true,"href":"https:\/\/www.infokuryr.cz\/n\/wp-json\/wp\/v2\/comments?post=55925"}],"version-history":[{"count":0,"href":"https:\/\/www.infokuryr.cz\/n\/wp-json\/wp\/v2\/posts\/55925\/revisions"}],"wp:featuredmedia":[{"embeddable":true,"href":"https:\/\/www.infokuryr.cz\/n\/wp-json\/wp\/v2\/media\/55926"}],"wp:attachment":[{"href":"https:\/\/www.infokuryr.cz\/n\/wp-json\/wp\/v2\/media?parent=55925"}],"wp:term":[{"taxonomy":"category","embeddable":true,"href":"https:\/\/www.infokuryr.cz\/n\/wp-json\/wp\/v2\/categories?post=55925"},{"taxonomy":"post_tag","embeddable":true,"href":"https:\/\/www.infokuryr.cz\/n\/wp-json\/wp\/v2\/tags?post=55925"}],"curies":[{"name":"wp","href":"https:\/\/api.w.org\/{rel}","templated":true}]}}