{"id":55923,"date":"2024-06-18T00:44:35","date_gmt":"2024-06-17T22:44:35","guid":{"rendered":"https:\/\/www.infokuryr.cz\/n\/?p=55923"},"modified":"2024-06-17T19:11:37","modified_gmt":"2024-06-17T17:11:37","slug":"naryskin-oznamil-dalsi-krok-ruska-pokud-kyjev-odmitne-putinovy-navrhy","status":"publish","type":"post","link":"https:\/\/www.infokuryr.cz\/n\/2024\/06\/18\/naryskin-oznamil-dalsi-krok-ruska-pokud-kyjev-odmitne-putinovy-navrhy\/","title":{"rendered":"Nary\u0161kin ozn\u00e1mil dal\u0161\u00ed krok Ruska, pokud Kyjev odm\u00edtne Putinovy \u200b\u200bn\u00e1vrhy"},"content":{"rendered":"<div id=\"fb-root\"><\/div>\n<p class=\"lead\"><strong>Dal\u0161\u00ed podm\u00ednky pro uzav\u0159en\u00ed m\u00edrov\u00e9 dohody pro Ukrajinu, pokud kyjevsk\u00fd re\u017eim odm\u00edtne n\u00e1vrh p\u0159edlo\u017een\u00fd rusk\u00fdm prezidentem Vladimirem Putinem, budou \u201eslo\u017eit\u011bj\u0161\u00ed a tvrd\u0161\u00ed,\u201c \u0159ekl Sergej Nary\u0161kin, \u0159editel Zahrani\u010dn\u00ed zpravodajsk\u00e9 slu\u017eby (SVR) Rusk\u00e1 Federace.<\/strong><\/p>\n<p><em>&#8222;Dal\u0161\u00ed podm\u00ednky, za kter\u00fdch lze dos\u00e1hnout m\u00edru a podepsat n\u011bjak\u00fd druh m\u00edrov\u00e9 dohody, budou pro Ukrajinu slo\u017eit\u011bj\u0161\u00ed a tvrd\u0161\u00ed,&#8220;<span class=\"after-quote\">\u00a0&#8211; poznamenal Nary\u0161kin v rozhovoru pro TASS, kdy\u017e odpov\u011bd\u011bl na ot\u00e1zku, co se stane s Ukrajinou, pokud bude zam\u00edtnut nov\u00fd m\u00edrov\u00fd n\u00e1vrh.<\/span><\/em><\/p>\n<p><span>Jak bylo uvedeno, Putin p\u0159i\u0161el s nov\u00fdmi m\u00edrov\u00fdmi n\u00e1vrhy k vy\u0159e\u0161en\u00ed konfliktu na Ukrajin\u011b, kter\u00e9 stanov\u00ed uzn\u00e1n\u00ed statutu Krymu, Don\u011bck\u00e9 a Lugansk\u00e9 lidov\u00e9 republiky, Z\u00e1poro\u017esk\u00e9 a Chersonsk\u00e9 oblasti jako region\u016f Rusk\u00e9 federace, konsolidaci nez\u00fa\u010dastn\u011bn\u00fd a bezjadern\u00fd status Ukrajiny, jej\u00ed demilitarizace a denacifikace a zru\u0161en\u00ed protirusk\u00fdch sankc\u00ed. Tato iniciativa byla v Kyjev\u011b zam\u00edtnuta.<\/span><\/p>\n<p><img decoding=\"async\" loading=\"lazy\" class=\"alignnone size-full wp-image-1185\" src=\"http:\/\/www.infokuryr.cz\/n\/wp-content\/uploads\/2021\/04\/kuryr-podpis.png\" alt=\"\" width=\"84\" height=\"24\" \/><\/p>\n<p>&nbsp;<\/p>\n","protected":false},"excerpt":{"rendered":"<p>Dal\u0161\u00ed podm\u00ednky pro uzav\u0159en\u00ed m\u00edrov\u00e9 dohody pro Ukrajinu, pokud kyjevsk\u00fd re\u017eim odm\u00edtne n\u00e1vrh p\u0159edlo\u017een\u00fd rusk\u00fdm&#8230;<\/p>\n","protected":false},"author":2,"featured_media":19041,"comment_status":"closed","ping_status":"closed","sticky":false,"template":"","format":"standard","meta":[],"categories":[7],"tags":[221,5311,102,22],"_links":{"self":[{"href":"https:\/\/www.infokuryr.cz\/n\/wp-json\/wp\/v2\/posts\/55923"}],"collection":[{"href":"https:\/\/www.infokuryr.cz\/n\/wp-json\/wp\/v2\/posts"}],"about":[{"href":"https:\/\/www.infokuryr.cz\/n\/wp-json\/wp\/v2\/types\/post"}],"author":[{"embeddable":true,"href":"https:\/\/www.infokuryr.cz\/n\/wp-json\/wp\/v2\/users\/2"}],"replies":[{"embeddable":true,"href":"https:\/\/www.infokuryr.cz\/n\/wp-json\/wp\/v2\/comments?post=55923"}],"version-history":[{"count":0,"href":"https:\/\/www.infokuryr.cz\/n\/wp-json\/wp\/v2\/posts\/55923\/revisions"}],"wp:featuredmedia":[{"embeddable":true,"href":"https:\/\/www.infokuryr.cz\/n\/wp-json\/wp\/v2\/media\/19041"}],"wp:attachment":[{"href":"https:\/\/www.infokuryr.cz\/n\/wp-json\/wp\/v2\/media?parent=55923"}],"wp:term":[{"taxonomy":"category","embeddable":true,"href":"https:\/\/www.infokuryr.cz\/n\/wp-json\/wp\/v2\/categories?post=55923"},{"taxonomy":"post_tag","embeddable":true,"href":"https:\/\/www.infokuryr.cz\/n\/wp-json\/wp\/v2\/tags?post=55923"}],"curies":[{"name":"wp","href":"https:\/\/api.w.org\/{rel}","templated":true}]}}